{"id":10000,"date":"2017-07-10T20:37:19","date_gmt":"2017-07-10T23:37:19","guid":{"rendered":"http:\/\/projetocineb.com.br\/?p=10000"},"modified":"2017-07-10T20:37:19","modified_gmt":"2017-07-10T23:37:19","slug":"edmilson-filho-de-shaolin-do-sertao-faz-convite-para-proxima-sessao","status":"publish","type":"post","link":"https:\/\/projetocineb.com.br\/?p=10000","title":{"rendered":"Edmilson Filho de &#8220;Shaolin do Sert\u00e3o&#8221; faz convite para pr\u00f3xima sess\u00e3o"},"content":{"rendered":"<p>Edmilson Filho, ator protagonista do longa &#8220;Shaolin do Sert\u00e3o&#8221;, de Halder Gomes, em cartaz no CineB, faz um convite especial para o p\u00fablico acompanhar a pr\u00f3xima sess\u00e3o, que acontece na ONG Procedu &#8211; Projeto Cultural Educacional Novo Pantanal, localizada no bairro Uni\u00e3o da Vila Nova, Zona Leste da Capital, pr\u00f3ximo a esta\u00e7\u00e3o S\u00e3o Miguel Paulista da linha 12 da Companhia Paulista de Trens Metropolitanos (CPTM).<\/p>\n\n<p>Lan\u00e7ado no final de 2016, o filme conta a hist\u00f3ria dos lutadores de vale tudo que na d\u00e9cada de 80 passaram por dificuldades devido a falta de lutas profissionais. A fim de manter a paix\u00e3o pela luta, eles desafiam os valent\u00f5es no interior do Cear\u00e1 que aceitam participar da competi\u00e7\u00e3o. \u00c9 assim que Aluiso Li (Edmilson Filho) v\u00ea a sua chance de ouro para realizar o sonho de se tornar um verdadeiro mestre das lutas como os her\u00f3is de seus filmes favoritos.<\/p>\n<p><strong>SERVI\u00c7O: Cinema brasileiro na Uni\u00e3o de Vila Nova<\/strong><br \/>\n<strong>FILME:<\/strong> Shaolin do Sert\u00e3o<br \/>\n<strong>DIA:<\/strong> 14 de julho, sexta-feira, 19h<br \/>\n<strong>LOCAL:<\/strong> Procedu &#8211; Projeto Cultural Educacional Novo Pantanal<br \/>\n<strong>ENDERE\u00c7O:<\/strong> Rua 5 de Novembro, 713 \u2013 Uni\u00e3o de Vila Nova, S\u00e3o Paulo<br \/>\n<strong>ENTRADA:<\/strong> Franca<\/p>\n","protected":false},"excerpt":{"rendered":"<p>Edmilson Filho, ator protagonista do longa &#8220;Shaolin do Sert\u00e3o&#8221;, de Halder Gomes, em cartaz no CineB, faz um convite especial[&#8230;]<\/p>\n","protected":false},"author":2,"featured_media":10001,"comment_status":"open","ping_status":"open","sticky":false,"template":"","format":"standard","meta":[],"categories":[2],"tags":[],"_links":{"self":[{"href":"https:\/\/projetocineb.com.br\/index.php?rest_route=\/wp\/v2\/posts\/10000"}],"collection":[{"href":"https:\/\/projetocineb.com.br\/index.php?rest_route=\/wp\/v2\/posts"}],"about":[{"href":"https:\/\/projetocineb.com.br\/index.php?rest_route=\/wp\/v2\/types\/post"}],"author":[{"embeddable":true,"href":"https:\/\/projetocineb.com.br\/index.php?rest_route=\/wp\/v2\/users\/2"}],"replies":[{"embeddable":true,"href":"https:\/\/projetocineb.com.br\/index.php?rest_route=%2Fwp%2Fv2%2Fcomments&post=10000"}],"version-history":[{"count":0,"href":"https:\/\/projetocineb.com.br\/index.php?rest_route=\/wp\/v2\/posts\/10000\/revisions"}],"wp:featuredmedia":[{"embeddable":true,"href":"https:\/\/projetocineb.com.br\/index.php?rest_route=\/wp\/v2\/media\/10001"}],"wp:attachment":[{"href":"https:\/\/projetocineb.com.br\/index.php?rest_route=%2Fwp%2Fv2%2Fmedia&parent=10000"}],"wp:term":[{"taxonomy":"category","embeddable":true,"href":"https:\/\/projetocineb.com.br\/index.php?rest_route=%2Fwp%2Fv2%2Fcategories&post=10000"},{"taxonomy":"post_tag","embeddable":true,"href":"https:\/\/projetocineb.com.br\/index.php?rest_route=%2Fwp%2Fv2%2Ftags&post=10000"}],"curies":[{"name":"wp","href":"https:\/\/api.w.org\/{rel}","templated":true}]}}