{"id":10006,"date":"2017-07-11T17:33:11","date_gmt":"2017-07-11T20:33:11","guid":{"rendered":"http:\/\/projetocineb.com.br\/?p=10006"},"modified":"2017-07-11T17:33:11","modified_gmt":"2017-07-11T20:33:11","slug":"aproveite-as-ferias-e-curta-um-cineminha-em-familia","status":"publish","type":"post","link":"https:\/\/projetocineb.com.br\/?p=10006","title":{"rendered":"Aproveite as f\u00e9rias e curta um cineminha em fam\u00edlia"},"content":{"rendered":"<p><em>Julho \u00e9 m\u00eas de f\u00e9rias escolares e tamb\u00e9m \u00e9 tempo de curtir um cineminha gratuito. Leve o filho, a filha, os sobrinhos, pai, m\u00e3e, tio, tia, av\u00f3s, vizinhos e amigos a uma sess\u00e3o do CineB. Aproveite. A pipoca sempre \u00e9 por nossa conta! As sess\u00f5es acontecem nos dias 14, 15 e 25 de julho. Confira!<\/em><br \/>\nO CineB preparou uma programa\u00e7\u00e3o especial para as f\u00e9rias de julho. S\u00e3o tr\u00eas sess\u00f5es ao todo, duas com o filme \u201cShaolin do Sert\u00e3o\u201d, de Halder Gomes, na ONG Procedu (dia 14) e ONG Juntos II (dia 25), na Zona Leste de S\u00e3o Paulo e uma sess\u00e3o com o filme \u201cElis\u201d de Hugo Prata, na Par\u00f3quia Senhor dos Passos e Nossa Senhora das Dores (dia 15), na Zona Sul.<\/p>\n<figure id=\"attachment_10014\" aria-describedby=\"caption-attachment-10014\" style=\"width: 831px\" class=\"wp-caption aligncenter\"><a href=\"http:\/\/projetocineb.com.br\/wp-content\/uploads\/2017\/07\/DSC_06911.jpg\"><img fetchpriority=\"high\" decoding=\"async\" class=\"size-full wp-image-10014\" title=\"DSC_0691\" src=\"http:\/\/projetocineb.com.br\/wp-content\/uploads\/2017\/07\/DSC_06911.jpg\" alt=\"\" width=\"831\" height=\"552\" \/><\/a><figcaption id=\"caption-attachment-10014\" class=\"wp-caption-text\">A pipoca \u00e9 sempre por nossa conta!<\/figcaption><\/figure>\n<p>Segundo o coordenador do projeto, Cid\u00e1lio Vieira Santos, o CineB \u00e9 o programa ideal de f\u00e9rias para a fam\u00edlia que mora em S\u00e3o Paulo e n\u00e3o pode gastar. \u201c\u00c9 tudo de gra\u00e7a. A sess\u00e3o, a pipoca, tudo \u00e9 por nossa conta. \u00c9 s\u00f3 levar o filho, a filha, os sobrinhos, pai, m\u00e3e, tio, tia, av\u00f3s, vizinhos e amigos. Sempre tem uma cadeira a mais para receber o p\u00fablico\u201d, explica.<\/p>\n<p><a href=\"http:\/\/projetocineb.com.br\/wp-content\/uploads\/2017\/07\/Shaolin_JarrodBryant_4-624x4161.jpg\"><img decoding=\"async\" class=\"aligncenter size-full wp-image-10016\" title=\"Shaolin_JarrodBryant_4-624x416\" src=\"http:\/\/projetocineb.com.br\/wp-content\/uploads\/2017\/07\/Shaolin_JarrodBryant_4-624x4161.jpg\" alt=\"&quot;Shaolin do Sert\u00e3o&quot;, com\u00e9dia em cartaz durante as f\u00e9rias.\" width=\"624\" height=\"416\" \/><\/a><br \/>\nA com\u00e9dia \u201cShaolin do Sert\u00e3o\u201d, lan\u00e7ada em outubro de 2016, conta a hist\u00f3ria dos lutadores de vale-tudo que durante a d\u00e9cada de 80 passaram por dificuldades devido \u00e0 falta de lutas profissionais. A fim de manter a paix\u00e3o pela luta, eles desafiam os valent\u00f5es no interior do Cear\u00e1 que aceitam participar da competi\u00e7\u00e3o. \u00c9 assim que Aluiso Li v\u00ea a chance de ouro para realizar o sonho de se tornar um verdadeiro mestre das lutas como os her\u00f3is de seus filmes favoritos. Com Edmilson Filho e Falc\u00e3o no elenco.<\/p>\n<p><a href=\"http:\/\/projetocineb.com.br\/wp-content\/uploads\/2017\/07\/Elis-andreia-horta.jpg\"><img decoding=\"async\" class=\"aligncenter size-full wp-image-10017\" title=\"Elis-andreia-horta\" src=\"http:\/\/projetocineb.com.br\/wp-content\/uploads\/2017\/07\/Elis-andreia-horta.jpg\" alt=\"A quinta sess\u00e3o de &quot;Elis&quot;, ser\u00e1 exibido no Jardim Ip\u00ea, na Zona Sul.\" width=\"900\" height=\"604\" \/><\/a><br \/>\nJ\u00e1 o filme \u201cElis\u201d conta a vida de Elis Regina Carvalho Costa. Cantora desde crian\u00e7a, entra na vida adulta deixando o Rio Grande do Sul para espalhar seu talento pelo Brasil a partir do Rio de Janeiro. Em r\u00e1pida ascens\u00e3o, ela logo conquista uma legi\u00e3o de f\u00e3s, entre eles o famoso compositor e produtor Ronaldo B\u00f4scoli, com quem acaba se casando. Estrela de TV, pol\u00eamica, intensa e briguenta, a \u201cPimentinha\u201d n\u00e3o tarda a ser reconhecida como a maior voz do Brasil, em carreira marcada por altos e baixos. Com dire\u00e7\u00e3o de Hugo Prata, traz no elenco Andreia Horta, Gustavo Machado e Caco Ciolcler entre outros.<br \/>\nO CineB \u00e9 um circuito itinerante de cinema realizado pelo Sindicato dos Banc\u00e1rios de S\u00e3o Paulo, Osasco e Regi\u00e3o e pela Brazucah Produ\u00e7\u00f5es. Desde 2007, o j\u00e1 atingiu um p\u00fablico superior a 56 mil espectadores em mais de 430 sess\u00f5es gratuitas realizadas em comunidades de S\u00e3o Paulo. A iniciativa busca democratizar o acesso ao cinema nacional e divulgar os filmes produzidos no Brasil. Foram exibidos na tela do CineB mais de 100 longas-metragens e 69 curtas-metragens, al\u00e9m da realiza\u00e7\u00e3o de pr\u00e9-estreias exclusivas.<\/p>\n<p><strong>SERVI\u00c7O<\/strong><br \/>\n<strong>CINEMA BRASILEIRO NA UNI\u00c3O DE VILA NOVA<\/strong><br \/>\n<strong>FILME:\u00a0<\/strong>Shaolin do Sert\u00e3o<br \/>\n<strong>DIA:<\/strong>\u00a014 de julho, sexta-feira, 19h<br \/>\n<strong>LOCAL:<\/strong>\u00a0Procedu \u2013 Projeto Cultural Educacional Novo Pantanal<br \/>\n<strong>ENDERE\u00c7O:<\/strong>\u00a0Rua 5 de Novembro, 713 \u2013 Uni\u00e3o de Vila Nova, S\u00e3o Paulo<br \/>\n<strong>ENTRADA:<\/strong>\u00a0Franca<\/p>\n<p><strong>CINEMA BRASILEIRO NO JARDIM IP\u00ca<\/strong><br \/>\n<strong>FILME:<\/strong>\u00a0Elis<br \/>\n<strong>DIA:\u00a0<\/strong>15 de julho, s\u00e1bado, 19h<br \/>\n<strong>LOCAL:<\/strong>\u00a0Par\u00f3quia Senhor dos Passos e Nossa Senhora das Dores<br \/>\n<strong>ENDERE\u00c7O:<\/strong>\u00a0Rua Jos\u00e9 M\u00e1ximo Pinheiro de Lima, 410 \u2013 Jardim Ip\u00ea, S\u00e3o Paulo<br \/>\n<strong>ENTRADA:<\/strong>\u00a0Franca<\/p>\n<p><strong>CINEMA BRASILEIRO NO JARDIM ARIZE<\/strong><br \/>\n<strong>FILME:\u00a0<\/strong>Shaolin do Sert\u00e3o<br \/>\n<strong>DIA:\u00a0<\/strong>25 de julho, ter\u00e7a-feira, 19h<br \/>\n<strong>LOCAL:<\/strong>\u00a0CCA Juntos II &#8211; Sociedade do Jardim Arize e Santa Maria<br \/>\n<strong>ENDERE\u00c7O:<\/strong>\u00a0Rua Frederico Severo, 50 &#8211; Jardim Arize, S\u00e3o Paulo<br \/>\n<strong>ENTRADA:<\/strong>\u00a0Franca<\/p>\n","protected":false},"excerpt":{"rendered":"<p>Julho \u00e9 m\u00eas de f\u00e9rias escolares e tamb\u00e9m \u00e9 tempo de curtir um cineminha gratuito. Leve o filho, a filha,[&#8230;]<\/p>\n","protected":false},"author":2,"featured_media":10013,"comment_status":"open","ping_status":"open","sticky":false,"template":"","format":"standard","meta":[],"categories":[2,6],"tags":[181,237,252,418,448,512,592,612,887,897,938,996,1117,1132],"_links":{"self":[{"href":"https:\/\/projetocineb.com.br\/index.php?rest_route=\/wp\/v2\/posts\/10006"}],"collection":[{"href":"https:\/\/projetocineb.com.br\/index.php?rest_route=\/wp\/v2\/posts"}],"about":[{"href":"https:\/\/projetocineb.com.br\/index.php?rest_route=\/wp\/v2\/types\/post"}],"author":[{"embeddable":true,"href":"https:\/\/projetocineb.com.br\/index.php?rest_route=\/wp\/v2\/users\/2"}],"replies":[{"embeddable":true,"href":"https:\/\/projetocineb.com.br\/index.php?rest_route=%2Fwp%2Fv2%2Fcomments&post=10006"}],"version-history":[{"count":0,"href":"https:\/\/projetocineb.com.br\/index.php?rest_route=\/wp\/v2\/posts\/10006\/revisions"}],"wp:featuredmedia":[{"embeddable":true,"href":"https:\/\/projetocineb.com.br\/index.php?rest_route=\/wp\/v2\/media\/10013"}],"wp:attachment":[{"href":"https:\/\/projetocineb.com.br\/index.php?rest_route=%2Fwp%2Fv2%2Fmedia&parent=10006"}],"wp:term":[{"taxonomy":"category","embeddable":true,"href":"https:\/\/projetocineb.com.br\/index.php?rest_route=%2Fwp%2Fv2%2Fcategories&post=10006"},{"taxonomy":"post_tag","embeddable":true,"href":"https:\/\/projetocineb.com.br\/index.php?rest_route=%2Fwp%2Fv2%2Ftags&post=10006"}],"curies":[{"name":"wp","href":"https:\/\/api.w.org\/{rel}","templated":true}]}}