{"id":10021,"date":"2017-07-17T18:38:30","date_gmt":"2017-07-17T21:38:30","guid":{"rendered":"http:\/\/projetocineb.com.br\/?p=10021"},"modified":"2017-07-17T18:38:30","modified_gmt":"2017-07-17T21:38:30","slug":"cineb-lota-salao-no-procedu","status":"publish","type":"post","link":"https:\/\/projetocineb.com.br\/?p=10021","title":{"rendered":"CineB lota sal\u00e3o no Procedu"},"content":{"rendered":"<p><em>Foi a maior sess\u00e3o do ano. O Procedu, entidade assistencial localizado no bairro Uni\u00e3o de Vila Nova, reuniu as fam\u00edlias atendidadas do projeto para acompanhar o longa \u201cShaolin do Sert\u00e3o\u201d de Halder Gomes.<\/em><br \/>\nOs moradores do bairro Uni\u00e3o de Vila Nova, antigo Pantanal, localizado \u00e0s margens do rio Tiet\u00ea e da rodovia Ayrton Senna, na Zona Leste de S\u00e3o Paulo, aproveitaram o per\u00edodo de f\u00e9rias para acompanhar, na \u00faltima sexta-feira, 14\/7, mais uma sess\u00e3o do CineB. O Projeto Cultural Educacional Novo Pantanal (Procedu) recebeu, pela quinta vez em seu sal\u00e3o de atividade, toda a estrutura do CineB, com cadeiras, tela, som e pipoca, tudo de gra\u00e7a. O espa\u00e7o foi pequeno para as 307 pessoas que compareceram \u00e0 sess\u00e3o.<\/p>\n<figure id=\"attachment_10024\" aria-describedby=\"caption-attachment-10024\" style=\"width: 831px\" class=\"wp-caption aligncenter\"><a href=\"http:\/\/projetocineb.com.br\/wp-content\/uploads\/2017\/07\/DSC_0004.jpg\"><img fetchpriority=\"high\" decoding=\"async\" class=\"size-full wp-image-10024\" title=\"DSC_0004\" src=\"http:\/\/projetocineb.com.br\/wp-content\/uploads\/2017\/07\/DSC_0004.jpg\" alt=\"\" width=\"831\" height=\"552\" \/><\/a><figcaption id=\"caption-attachment-10024\" class=\"wp-caption-text\">As fam\u00edlias atendidas pelo Procedu compareceram \u00e0 sess\u00e3o.<\/figcaption><\/figure>\n<p>Em cartaz, a com\u00e9dia \u201cShaolin do Sert\u00e3o\u201d, escrita e dirigida por Halder Gomes. Lan\u00e7ada em outubro de 2016, conta a hist\u00f3ria dos lutadores de vale-tudo que durante a d\u00e9cada de 80 passaram por dificuldades devido \u00e0 falta de lutas profissionais. A fim de manter a paix\u00e3o pela luta, eles desafiam os valent\u00f5es no interior do Cear\u00e1 que aceitam participar da competi\u00e7\u00e3o. \u00c9 assim que Aluiso Li v\u00ea a chance de ouro para realizar o sonho de se tornar um verdadeiro mestre das lutas como os her\u00f3is de seus filmes favoritos. Com Edmilson Filho e Falc\u00e3o no elenco.<\/p>\n<figure id=\"attachment_10026\" aria-describedby=\"caption-attachment-10026\" style=\"width: 831px\" class=\"wp-caption aligncenter\"><a href=\"http:\/\/projetocineb.com.br\/wp-content\/uploads\/2017\/07\/DSC_0013.jpg\"><img decoding=\"async\" class=\"size-full wp-image-10026\" title=\"DSC_0013\" src=\"http:\/\/projetocineb.com.br\/wp-content\/uploads\/2017\/07\/DSC_0013.jpg\" alt=\"\" width=\"831\" height=\"552\" \/><\/a><figcaption id=\"caption-attachment-10026\" class=\"wp-caption-text\">Muitas crian\u00e7as acompanharam a sess\u00e3o.<\/figcaption><\/figure>\n<p>Para o gerente do Procedu, Everton Vicente Marc\u00edlio \u00e9 muito gratificante ter o CineB na comunidade. \u201cT\u00eam muitas pessoas que nunca tiveram a oportunidade de conhecer o que \u00e9 um cinema, e atrav\u00e9s desse projeto acabam conhecendo\u201d, reflete. Ele explica que a grande maioria das fam\u00edlias presentes s\u00e3o aquelas atendidas pela entidade. \u201cS\u00e3o cerca de mil fam\u00edlias e uma pequena parte respondeu ao nosso chamado\u201d, conclui.<\/p>\n<figure id=\"attachment_10027\" aria-describedby=\"caption-attachment-10027\" style=\"width: 831px\" class=\"wp-caption aligncenter\"><a href=\"http:\/\/projetocineb.com.br\/wp-content\/uploads\/2017\/07\/DSC_0085.jpg\"><img decoding=\"async\" class=\"size-full wp-image-10027\" title=\"DSC_0085\" src=\"http:\/\/projetocineb.com.br\/wp-content\/uploads\/2017\/07\/DSC_0085.jpg\" alt=\"\" width=\"831\" height=\"552\" \/><\/a><figcaption id=\"caption-attachment-10027\" class=\"wp-caption-text\">Z\u00e9 Mario, funcion\u00e1rio do Sindicato dos Banc\u00e1rios, Cid\u00e1lio, coordenador do CineB e Everton, gerente do Procedu, na abertura oficial da sess\u00e3o.<\/figcaption><\/figure>\n<p>A sess\u00e3o estava t\u00e3o cheia que as duzentas cadeiras que o projeto levou para a sess\u00e3o n\u00e3o deu conta e foi necess\u00e1rio utilizar mais de cem cadeiras da entidade para que todos pudessem sentar confortavelmente e acompanhar a sess\u00e3o. Jos\u00e9 Mario de Queir\u00f3z, morador da Uni\u00e3o de Vila Nova e funcion\u00e1rio do Sindicato dos Banc\u00e1rios de S\u00e3o Paulo, Osasco e Regi\u00e3o acompanha todas as sess\u00f5es que acontecem no local. Ele conta que a ades\u00e3o da comunidade sempre \u00e9 grande. \u201cT\u00e1 lindo, t\u00e1 bonito\u201d, elogia. Ele avalia como fundamental a rela\u00e7\u00e3o sindicato e comunidade \u201cprincipalmente pelos desafios que temos \u00e0 frente, com tantos ataques desse governo golpista e as comunidades mais carentes s\u00e3o aos primeiras a sofrer as consequ\u00eancias desse desgoverno, ent\u00e3o o Sindicato como o dos Banc\u00e1rios que tem um papel t\u00e3o importante para a democracia, para a luta, para a resist\u00eancia tem que estar presente nas comunidades\u201d, conclui.<\/p>\n<figure id=\"attachment_10030\" aria-describedby=\"caption-attachment-10030\" style=\"width: 831px\" class=\"wp-caption aligncenter\"><a href=\"http:\/\/projetocineb.com.br\/wp-content\/uploads\/2017\/07\/DSC_0093.jpg\"><img loading=\"lazy\" decoding=\"async\" class=\"size-full wp-image-10030\" title=\"DSC_0093\" src=\"http:\/\/projetocineb.com.br\/wp-content\/uploads\/2017\/07\/DSC_0093.jpg\" alt=\"\" width=\"831\" height=\"552\" \/><\/a><figcaption id=\"caption-attachment-10030\" class=\"wp-caption-text\">O recado do m\u00fasico e ator Falc\u00e3o para o p\u00fablico que foi ao Procedu.<\/figcaption><\/figure>\n<p>A segunda exibi\u00e7\u00e3o de \u201cShaolin do Sert\u00e3o\u201d, caiu nas gra\u00e7as do p\u00fablico. Ao final da sess\u00e3o o p\u00fablico aplaudiu bastante o filme. Para Marlene Rodrigues de Souza, que estava pela primeira vez numa sess\u00e3o do CineB ao lado dos tr\u00eas filhos, foi uma expei\u00eancia \u201c\u00f3tima\u201d. J\u00e1 Marcele Carvalho de Oliveira, moradora da Uni\u00e3o de Vila Nova h\u00e1 cinco anos, nunca tinha ido a uma sess\u00e3o de cinema antes. \u201cL\u00e1 na minha cidade, S\u00e3o Miguel do Guam\u00e1, no Par\u00e1 n\u00e3o tem cinema, e depois que eu cheguei em S\u00e3o Paulo, meus filhos foram, mas eu nunca tive vontade\u201d, explica. Mas ela conta que depois de perder tr\u00eas sess\u00f5es do CineB no Procedu, dessa vez resolveu acompanhar uma sess\u00e3o. \u201cVim com minha vizinha e o filho dela e eu gostei\u201d, finaliza.<\/p>\n<figure id=\"attachment_10029\" aria-describedby=\"caption-attachment-10029\" style=\"width: 831px\" class=\"wp-caption aligncenter\"><a href=\"http:\/\/projetocineb.com.br\/wp-content\/uploads\/2017\/07\/DSC_0121.jpg\"><img loading=\"lazy\" decoding=\"async\" class=\"size-full wp-image-10029\" title=\"DSC_0121\" src=\"http:\/\/projetocineb.com.br\/wp-content\/uploads\/2017\/07\/DSC_0121.jpg\" alt=\"\" width=\"831\" height=\"552\" \/><\/a><figcaption id=\"caption-attachment-10029\" class=\"wp-caption-text\">O casal Girlaine e Tiago, moradores do bairro: valorizar a cultura produzida no Brasil.<\/figcaption><\/figure>\n<p>Thais Rodrigues Ver\u00edssimo estava feliz ao final da sess\u00e3o porque ganhou brindes do projeto em dois momentos diferentes: quando Cid\u00e1lio Vieira Santos coordenador do CineB sorteou os livros doados pela ONG Eh Aqui e camisetas do projeto, o primeiro a partir dos n\u00fameros das pulseiras que o p\u00fablico recebe quando entra na sess\u00e3o, a segunda a partir dos question\u00e1rios preenchidos depois do filme. \u201cEu nunca ganhei nada em sorteio e hoje foi duas vezes. \u00c9 felicidade em dobro. Eu amei o projeto, \u00e9 muito gostoso participar da sess\u00e3o\u201d, comenta.<\/p>\n<figure id=\"attachment_10028\" aria-describedby=\"caption-attachment-10028\" style=\"width: 831px\" class=\"wp-caption aligncenter\"><a href=\"http:\/\/projetocineb.com.br\/wp-content\/uploads\/2017\/07\/DSC_0128.jpg\"><img loading=\"lazy\" decoding=\"async\" class=\"size-full wp-image-10028\" title=\"DSC_0128\" src=\"http:\/\/projetocineb.com.br\/wp-content\/uploads\/2017\/07\/DSC_0128.jpg\" alt=\"\" width=\"831\" height=\"552\" \/><\/a><figcaption id=\"caption-attachment-10028\" class=\"wp-caption-text\">Cl\u00e1udia (esquerda) e fam\u00edlia com o coordenador do CineB Cid\u00e1lio.<\/figcaption><\/figure>\n<p>Para o jovem casal Tiago Patrick e Girlaine Mirella a sess\u00e3o valeu a pena. \u201cFilme nacional eu valorizo muito\u201d comentou Tiago, que \u00e9 tatuador e grafiteiro profissional. \u201cEu valorizo o grafite que tem mensagem, n\u00e3o o rabisco\u201d, explicou.<\/p>\n<figure id=\"attachment_10025\" aria-describedby=\"caption-attachment-10025\" style=\"width: 831px\" class=\"wp-caption aligncenter\"><a href=\"http:\/\/projetocineb.com.br\/wp-content\/uploads\/2017\/07\/DSC_0102.jpg\"><img loading=\"lazy\" decoding=\"async\" class=\"size-full wp-image-10025\" title=\"DSC_0102\" src=\"http:\/\/projetocineb.com.br\/wp-content\/uploads\/2017\/07\/DSC_0102.jpg\" alt=\"\" width=\"831\" height=\"552\" \/><\/a><figcaption id=\"caption-attachment-10025\" class=\"wp-caption-text\">As ganhadoras dos livros da ONG Eh Aqui,parceira do CineB.<\/figcaption><\/figure>\n<p>Outra fam\u00edlia presente pela primeira vez na sess\u00e3o e adorou o projeto foi a de Claudia Clemente da Silva. Ela estava acompanhada do marido Adventor e dos filhos Luiz Miguel, Mel Cristina, Maria Isabel e conta que \u00e9 balconista de padaria, mas atualmente est\u00e1 desempregada. \u201cEu tenho o costume de ir no cinema, mas como o acesso ao cinema est\u00e1 dif\u00edcil atualmente \u00e9 interessante a gente receber um cinema no bairro\u201d, completa.<\/p>\n<figure id=\"attachment_10023\" aria-describedby=\"caption-attachment-10023\" style=\"width: 831px\" class=\"wp-caption aligncenter\"><a href=\"http:\/\/projetocineb.com.br\/wp-content\/uploads\/2017\/07\/DSC_0114.jpg\"><img loading=\"lazy\" decoding=\"async\" class=\"size-full wp-image-10023\" title=\"DSC_0114\" src=\"http:\/\/projetocineb.com.br\/wp-content\/uploads\/2017\/07\/DSC_0114.jpg\" alt=\"\" width=\"831\" height=\"552\" \/><\/a><figcaption id=\"caption-attachment-10023\" class=\"wp-caption-text\">At\u00e9 a pr\u00f3xima sess\u00e3o!<\/figcaption><\/figure>\n<p>Na sess\u00e3o foram sorteados livros doados pela ONG Eh Aqui, uma parceira que funciona como uma facilitadora na doa\u00e7\u00e3o de livros, visando democratizar o acesso \u00e0 cultura. O CineB \u00e9 um circuito itinerante de cinema realizado pelo Sindicato dos Banc\u00e1rios de S\u00e3o Paulo, Osasco e Regi\u00e3o e pela Brazucah Produ\u00e7\u00f5es. Desde 2007, o j\u00e1 atingiu um p\u00fablico superior a 56 mil espectadores em mais de 430 sess\u00f5es gratuitas realizadas em comunidades de S\u00e3o Paulo. A iniciativa busca democratizar o acesso ao cinema nacional e divulgar os filmes produzidos no Brasil. Foram exibidos na tela do CineB mais de 100 longas-metragens e 69 curtas-metragens, al\u00e9m da realiza\u00e7\u00e3o de pr\u00e9-estreias exclusivas.<\/p>\n","protected":false},"excerpt":{"rendered":"<p>Foi a maior sess\u00e3o do ano. O Procedu, entidade assistencial localizado no bairro Uni\u00e3o de Vila Nova, reuniu as fam\u00edlias[&#8230;]<\/p>\n","protected":false},"author":2,"featured_media":10022,"comment_status":"open","ping_status":"open","sticky":false,"template":"","format":"standard","meta":[],"categories":[2,6],"tags":[154,237,252,592,996,1117,1132],"_links":{"self":[{"href":"https:\/\/projetocineb.com.br\/index.php?rest_route=\/wp\/v2\/posts\/10021"}],"collection":[{"href":"https:\/\/projetocineb.com.br\/index.php?rest_route=\/wp\/v2\/posts"}],"about":[{"href":"https:\/\/projetocineb.com.br\/index.php?rest_route=\/wp\/v2\/types\/post"}],"author":[{"embeddable":true,"href":"https:\/\/projetocineb.com.br\/index.php?rest_route=\/wp\/v2\/users\/2"}],"replies":[{"embeddable":true,"href":"https:\/\/projetocineb.com.br\/index.php?rest_route=%2Fwp%2Fv2%2Fcomments&post=10021"}],"version-history":[{"count":0,"href":"https:\/\/projetocineb.com.br\/index.php?rest_route=\/wp\/v2\/posts\/10021\/revisions"}],"wp:featuredmedia":[{"embeddable":true,"href":"https:\/\/projetocineb.com.br\/index.php?rest_route=\/wp\/v2\/media\/10022"}],"wp:attachment":[{"href":"https:\/\/projetocineb.com.br\/index.php?rest_route=%2Fwp%2Fv2%2Fmedia&parent=10021"}],"wp:term":[{"taxonomy":"category","embeddable":true,"href":"https:\/\/projetocineb.com.br\/index.php?rest_route=%2Fwp%2Fv2%2Fcategories&post=10021"},{"taxonomy":"post_tag","embeddable":true,"href":"https:\/\/projetocineb.com.br\/index.php?rest_route=%2Fwp%2Fv2%2Ftags&post=10021"}],"curies":[{"name":"wp","href":"https:\/\/api.w.org\/{rel}","templated":true}]}}