{"id":10033,"date":"2017-07-18T14:18:27","date_gmt":"2017-07-18T17:18:27","guid":{"rendered":"http:\/\/projetocineb.com.br\/?p=10033"},"modified":"2017-07-18T14:18:27","modified_gmt":"2017-07-18T17:18:27","slug":"elis-encerra-temporada-no-jardim-ipe","status":"publish","type":"post","link":"https:\/\/projetocineb.com.br\/?p=10033","title":{"rendered":"Elis encerra temporada no Jardim Ip\u00ea"},"content":{"rendered":"<p><em>O CineB esteve no \u00faltimo s\u00e1bado, 15\/7, no sal\u00e3o da Par\u00f3quia Senhor dos Passos e Nossa Senhora das Dores, no Jardim Ip\u00ea, Zona Sul, para exibir o filme \u201cElis\u201d, de Hugo Prata. Ao final da sess\u00e3o, p\u00fablico cantou Romaria, m\u00fasica de Renato Teixeira, imortalizada na voz de Elis Regina.<\/em><\/p>\n<figure id=\"attachment_10040\" aria-describedby=\"caption-attachment-10040\" style=\"width: 831px\" class=\"wp-caption aligncenter\"><a href=\"http:\/\/projetocineb.com.br\/wp-content\/uploads\/2017\/07\/DSC_0137.jpg\"><img fetchpriority=\"high\" decoding=\"async\" class=\"size-full wp-image-10040\" title=\"DSC_0137\" src=\"http:\/\/projetocineb.com.br\/wp-content\/uploads\/2017\/07\/DSC_0137.jpg\" alt=\"\" width=\"831\" height=\"552\" \/><\/a><figcaption id=\"caption-attachment-10040\" class=\"wp-caption-text\">As crian\u00e7as sempre acompanham as sess\u00f5es do CineB.<\/figcaption><\/figure>\n<p>A Par\u00f3quia Senhor dos Passos e Nossa Senhora das Dores foi palco, no \u00faltimo s\u00e1bado, 15\/7, de uma sess\u00e3o do CineB, a terceira desde o ano passado. Localizada no Jardim Ip\u00ea, na regi\u00e3o de Campo Limpo, Zona Sul de S\u00e3o Paulo, comunidade pode acompanhar, no sal\u00e3o paroquial, o longa metragem \u201cElis\u201d que conta a vida de Elis Regina Carvalho Costa. Cantora desde crian\u00e7a, entra na vida adulta deixando o Rio Grande do Sul para espalhar seu talento pelo Brasil a partir do Rio de Janeiro. Em r\u00e1pida ascens\u00e3o, ela logo conquista uma legi\u00e3o de f\u00e3s, entre eles o famoso compositor e produtor Ronaldo B\u00f4scoli, com quem acaba se casando. Estrela de TV, pol\u00eamica, intensa e briguenta, a \u201cPimentinha\u201d n\u00e3o tarda a ser reconhecida como a maior voz do Brasil, em carreira marcada por altos e baixos. Com dire\u00e7\u00e3o de Hugo Prata, traz no elenco Andreia Horta, Gustavo Machado e Caco Ciolcler entre outros. Foi a quarta e \u00faltima sess\u00e3o da temporada do longa \u201cElis\u201d no CineB, exibido durante os meses de maio e julho.<\/p>\n<figure id=\"attachment_10041\" aria-describedby=\"caption-attachment-10041\" style=\"width: 831px\" class=\"wp-caption aligncenter\"><a href=\"http:\/\/projetocineb.com.br\/wp-content\/uploads\/2017\/07\/DSC_0149.jpg\"><img decoding=\"async\" class=\"size-full wp-image-10041\" title=\"DSC_0149\" src=\"http:\/\/projetocineb.com.br\/wp-content\/uploads\/2017\/07\/DSC_0149.jpg\" alt=\"\" width=\"831\" height=\"552\" \/><\/a><figcaption id=\"caption-attachment-10041\" class=\"wp-caption-text\">Ganhadores dos livros doados pela ONG Eh Aqui.<\/figcaption><\/figure>\n<p><a href=\"http:\/\/projetocineb.com.br\/wp-content\/uploads\/2017\/07\/DSC_0185.jpg\"><img decoding=\"async\" class=\"aligncenter size-full wp-image-10042\" title=\"DSC_0185\" src=\"http:\/\/projetocineb.com.br\/wp-content\/uploads\/2017\/07\/DSC_0185.jpg\" alt=\"Edivan e Ver\u00f4nica interpretam &quot;Romaria&quot;, de Renato Teixeira, que virou sucesso nos anos 70 na voz de Elis Regina.\" width=\"831\" height=\"552\" \/><\/a><br \/>\nPara Ver\u00f4nica Barros Medeiros Lima, professora do Movimento de Alfabetiza\u00e7\u00e3o (MOVA) na igreja e respons\u00e1vel pelo eventos da par\u00f3quia, o convite para uma nova sess\u00e3o \u201cera esperado com expectativa, porque o pessoal j\u00e1 estava cobrando\u201d, comentou, antes do in\u00edcio da sess\u00e3o.<br \/>\nO p\u00e1roco Jo\u00e3o Bonif\u00e1cio saudou o projeto, que completou dez anos de exist\u00eancia em junho. \u201cN\u00f3s s\u00f3 temos a agradecer por contar sempre com voc\u00eas na vida de nossa comunidade. N\u00e3o conseguimos mais viver sem essa parceria, que agora completa dez anos. Espero estar com voc\u00eas por muito mais de dez anos\u201d, completa.<\/p>\n<figure id=\"attachment_10039\" aria-describedby=\"caption-attachment-10039\" style=\"width: 831px\" class=\"wp-caption aligncenter\"><a href=\"http:\/\/projetocineb.com.br\/wp-content\/uploads\/2017\/07\/DSC_02031.jpg\"><img loading=\"lazy\" decoding=\"async\" class=\"size-full wp-image-10039\" title=\"DSC_0203\" src=\"http:\/\/projetocineb.com.br\/wp-content\/uploads\/2017\/07\/DSC_02031.jpg\" alt=\"\" width=\"831\" height=\"552\" \/><\/a><figcaption id=\"caption-attachment-10039\" class=\"wp-caption-text\">Padre Jo\u00e3o Bonif\u00e1cio e o coordenado do CineB, Cid\u00e1lio Vieira Santos.<\/figcaption><\/figure>\n<p>Ap\u00f3s a exibi\u00e7\u00e3o do longa, uma surpresa: o motorista de Uber Edivan Albino Rocha de Souza, que toca em todas as missas da igreja apresentou, ao lado de Ver\u00f4nica, a can\u00e7\u00e3o \u201cRomaria\u201d, de Renato Teixeira, imortalizada na voz de Elis Regina, que lan\u00e7ou a can\u00e7\u00e3o e o compositor para o estrelato no final dos anos 1970.\u00a0A comunidade, em \u00eaxtase, entoou numa s\u00f3 voz, o refr\u00e3o da can\u00e7\u00e3o:<br \/>\nSou caipira pira-pora Nossa Senhora de Aparecida,<br \/>\nIlumina a mina escuro e funda o trem da minha vida.<\/p>\n<figure id=\"attachment_10036\" aria-describedby=\"caption-attachment-10036\" style=\"width: 831px\" class=\"wp-caption aligncenter\"><a href=\"http:\/\/projetocineb.com.br\/wp-content\/uploads\/2017\/07\/DSC_0216.jpg\"><img loading=\"lazy\" decoding=\"async\" class=\"size-full wp-image-10036\" title=\"DSC_0216\" src=\"http:\/\/projetocineb.com.br\/wp-content\/uploads\/2017\/07\/DSC_0216.jpg\" alt=\"\" width=\"831\" height=\"552\" \/><\/a><figcaption id=\"caption-attachment-10036\" class=\"wp-caption-text\">As irm\u00e3s Angela, Concei\u00e7\u00e3o e Vera Maria s\u00e3o f\u00e3s de carteirinha do CineB.<\/figcaption><\/figure>\n<figure id=\"attachment_10043\" aria-describedby=\"caption-attachment-10043\" style=\"width: 831px\" class=\"wp-caption aligncenter\"><a href=\"http:\/\/projetocineb.com.br\/wp-content\/uploads\/2017\/07\/DSC_02111.jpg\"><img loading=\"lazy\" decoding=\"async\" class=\"size-full wp-image-10043\" title=\"DSC_0211\" src=\"http:\/\/projetocineb.com.br\/wp-content\/uploads\/2017\/07\/DSC_02111.jpg\" alt=\"\" width=\"831\" height=\"552\" \/><\/a><figcaption id=\"caption-attachment-10043\" class=\"wp-caption-text\">A comunidade providenciou um bolo para cantar parab\u00e9ns pelos 10 anos do CineB.<\/figcaption><\/figure>\n<p>Ap\u00f3s a bela interpreta\u00e7\u00e3o de \u201cRomaria\u201d, teve ainda um parab\u00e9ns aos 10 anos do projeto, com direito a bolo e velinha. o p\u00fablico saiu com o riso no rosto. \u00c9 o caso de Maria Jos\u00e9 da Siva Gomes, tamb\u00e9m conhecida como Maria Pula-Pula. Para ela, \u201cmelhor que o CineB n\u00e3o tem\u201d, elogiou. As irm\u00e3s Vera Maria, Concei\u00e7\u00e3o e Angela tamb\u00e9m aprovaram a sess\u00e3o. Concei\u00e7\u00e3o acompanhou as tr\u00eas sess\u00f5es que o CineB fez na par\u00f3quia. Na primeira, Concei\u00e7\u00e3o estava sozinha. Na segunda convidou Vera e as duas chamaram Angela que estava pela primeira vez na sess\u00e3o. \u201cSempre \u00e9 tudo perfeito. Da pr\u00f3xima vez quero ver \u2018Em ritmo de Aventura\u2019 de Roberto Carlos\u201d, cobrou.<\/p>\n<figure id=\"attachment_10035\" aria-describedby=\"caption-attachment-10035\" style=\"width: 831px\" class=\"wp-caption aligncenter\"><a href=\"http:\/\/projetocineb.com.br\/wp-content\/uploads\/2017\/07\/DSC_0222.jpg\"><img loading=\"lazy\" decoding=\"async\" class=\"size-full wp-image-10035\" title=\"DSC_0222\" src=\"http:\/\/projetocineb.com.br\/wp-content\/uploads\/2017\/07\/DSC_0222.jpg\" alt=\"\" width=\"831\" height=\"552\" \/><\/a><figcaption id=\"caption-attachment-10035\" class=\"wp-caption-text\">At\u00e9 a pr\u00f3xima sess\u00e3o!<\/figcaption><\/figure>\n<p>Na sess\u00e3o, que contou com apoio do designer gr\u00e1fico Odair Jos\u00e9 Rocha Nascimento, bastante atuante na par\u00f3quia, foram sorteados livros doados pela ONG Eh Aqui, uma parceira que funciona como uma facilitadora na doa\u00e7\u00e3o de livros, visando democratizar o acesso \u00e0 cultura. O CineB \u00e9 um circuito itinerante de cinema realizado pelo Sindicato dos Banc\u00e1rios de S\u00e3o Paulo, Osasco e Regi\u00e3o e pela Brazucah Produ\u00e7\u00f5es. Desde 2007, o j\u00e1 atingiu um p\u00fablico superior a 56 mil espectadores em mais de 430 sess\u00f5es gratuitas realizadas em comunidades de S\u00e3o Paulo. A iniciativa busca democratizar o acesso ao cinema nacional e divulgar os filmes produzidos no Brasil. Foram exibidos na tela do CineB mais de 100 longas-metragens e 69 curtas-metragens, al\u00e9m da realiza\u00e7\u00e3o de pr\u00e9-estreias exclusivas.<\/p>\n","protected":false},"excerpt":{"rendered":"<p>O CineB esteve no \u00faltimo s\u00e1bado, 15\/7, no sal\u00e3o da Par\u00f3quia Senhor dos Passos e Nossa Senhora das Dores, no[&#8230;]<\/p>\n","protected":false},"author":2,"featured_media":10034,"comment_status":"open","ping_status":"open","sticky":false,"template":"","format":"standard","meta":[],"categories":[2,6],"tags":[237,252,448,612,686,909,938,1132],"_links":{"self":[{"href":"https:\/\/projetocineb.com.br\/index.php?rest_route=\/wp\/v2\/posts\/10033"}],"collection":[{"href":"https:\/\/projetocineb.com.br\/index.php?rest_route=\/wp\/v2\/posts"}],"about":[{"href":"https:\/\/projetocineb.com.br\/index.php?rest_route=\/wp\/v2\/types\/post"}],"author":[{"embeddable":true,"href":"https:\/\/projetocineb.com.br\/index.php?rest_route=\/wp\/v2\/users\/2"}],"replies":[{"embeddable":true,"href":"https:\/\/projetocineb.com.br\/index.php?rest_route=%2Fwp%2Fv2%2Fcomments&post=10033"}],"version-history":[{"count":0,"href":"https:\/\/projetocineb.com.br\/index.php?rest_route=\/wp\/v2\/posts\/10033\/revisions"}],"wp:featuredmedia":[{"embeddable":true,"href":"https:\/\/projetocineb.com.br\/index.php?rest_route=\/wp\/v2\/media\/10034"}],"wp:attachment":[{"href":"https:\/\/projetocineb.com.br\/index.php?rest_route=%2Fwp%2Fv2%2Fmedia&parent=10033"}],"wp:term":[{"taxonomy":"category","embeddable":true,"href":"https:\/\/projetocineb.com.br\/index.php?rest_route=%2Fwp%2Fv2%2Fcategories&post=10033"},{"taxonomy":"post_tag","embeddable":true,"href":"https:\/\/projetocineb.com.br\/index.php?rest_route=%2Fwp%2Fv2%2Ftags&post=10033"}],"curies":[{"name":"wp","href":"https:\/\/api.w.org\/{rel}","templated":true}]}}