{"id":10048,"date":"2017-07-28T09:13:11","date_gmt":"2017-07-28T12:13:11","guid":{"rendered":"http:\/\/projetocineb.com.br\/?p=10048"},"modified":"2017-07-28T09:13:11","modified_gmt":"2017-07-28T12:13:11","slug":"shaolin-e-atracao-na-zona-leste","status":"publish","type":"post","link":"https:\/\/projetocineb.com.br\/?p=10048","title":{"rendered":"\u201cShaolin\u201d \u00e9 atra\u00e7\u00e3o na Zona Leste"},"content":{"rendered":"<p><em>Mais uma vez o CineB esteve na Zona Leste de S\u00e3o Paulo para exibir a com\u00e9dia \u201cShaolin do Sert\u00e3o\u201d, de Halder Gomes. A sess\u00e3o aconteceu na ONG Juntos II, na Vila Arizi, regi\u00e3o da Aricanduva, na \u00faltima ter\u00e7a-feira, 25\/7.<\/em><\/p>\n<p>Era ano da Copa do Mundo a \u00faltima vez que o CineB esteve na Sociedade Amigos de Vila Santa Rita e Vila Arizi, na regi\u00e3o de Aricanduva, Zona Leste de S\u00e3o Paulo. Desde ent\u00e3o muita coisa mudou no Brasil, para pior, mas a receptividade e o carinho da equipe da ONG Juntos II, que gerencia o espa\u00e7o, continua o mesmo. O CineB \u00e9 um antigo parceiro da ONG, que administra dois outros espa\u00e7os que j\u00e1 receberam sess\u00f5es do projeto. Na Vila Arizi, a ONG atua no contra turno escolar e atende 120 crian\u00e7as de 6 a 14 anos que precisam estar matriculadas no ensino fundamental para poder frequentar o local. O espa\u00e7o funciona de segunda a sexta com atividades esportivas, culturais e socioeducativas.<\/p>\n<figure id=\"attachment_10049\" aria-describedby=\"caption-attachment-10049\" style=\"width: 831px\" class=\"wp-caption aligncenter\"><a href=\"http:\/\/projetocineb.com.br\/wp-content\/uploads\/2017\/07\/DSC_00041.jpg\"><img fetchpriority=\"high\" decoding=\"async\" class=\"size-full wp-image-10049\" title=\"DSC_0004\" src=\"http:\/\/projetocineb.com.br\/wp-content\/uploads\/2017\/07\/DSC_00041.jpg\" alt=\"\" width=\"831\" height=\"552\" \/><\/a><figcaption id=\"caption-attachment-10049\" class=\"wp-caption-text\">Espa\u00e7o onde o CineB realizou mais uma sess\u00e3o de &#8220;Shaolin do Sert\u00e3o&#8221; em julho.<\/figcaption><\/figure>\n<p>O filme escolhido, \u201cShaolin do Sert\u00e3o\u201d, com\u00e9dia escrita e dirigida por Halder Gomes, est\u00e1 em cartaz no CineB desde junho. Lan\u00e7ada em outubro de 2016, conta a hist\u00f3ria dos lutadores de vale-tudo que durante a d\u00e9cada de 80 passaram por dificuldades devido a falta de lutas profissionais. A fim de manter a paix\u00e3o pela luta, eles desafiam os valent\u00f5es no interior do Cear\u00e1 que aceitam participar da competi\u00e7\u00e3o. \u00c9 assim que Aluiso Li v\u00ea a chance de ouro para realizar o sonho de se tornar um verdadeiro mestre das lutas como os her\u00f3is de seus filmes favoritos. Com Edmilson Filho e Falc\u00e3o no elenco.<\/p>\n<figure id=\"attachment_10050\" aria-describedby=\"caption-attachment-10050\" style=\"width: 831px\" class=\"wp-caption aligncenter\"><a href=\"http:\/\/projetocineb.com.br\/wp-content\/uploads\/2017\/07\/DSC_00131.jpg\"><img decoding=\"async\" class=\"size-full wp-image-10050\" title=\"DSC_0013\" src=\"http:\/\/projetocineb.com.br\/wp-content\/uploads\/2017\/07\/DSC_00131.jpg\" alt=\"\" width=\"831\" height=\"552\" \/><\/a><figcaption id=\"caption-attachment-10050\" class=\"wp-caption-text\">A equipe da ONG Juntos II, que recebeu a sess\u00e3o do CineB depois de tr\u00eas anos.<\/figcaption><\/figure>\n<p>Segundo a gerente de servi\u00e7os do CCA Juntos II, Maria de Lourdes da Silva Souza, \u00e9 um privil\u00e9gio contar com o projeto no espa\u00e7o. \u201cAs duas vezes que o CineB esteve aqui lotou o lugar. Mesmo depois de um bom tempo sem, foi s\u00f3 falar que ter\u00edamos uma sess\u00e3o de cinema novamente e as pessoas conseguiam lembrar o sucesso que foram as outras apresenta\u00e7\u00f5es\u201d, explica.<\/p>\n<figure id=\"attachment_10051\" aria-describedby=\"caption-attachment-10051\" style=\"width: 831px\" class=\"wp-caption aligncenter\"><a href=\"http:\/\/projetocineb.com.br\/wp-content\/uploads\/2017\/07\/DSC_00181.jpg\"><img decoding=\"async\" class=\"size-full wp-image-10051\" title=\"DSC_0018\" src=\"http:\/\/projetocineb.com.br\/wp-content\/uploads\/2017\/07\/DSC_00181.jpg\" alt=\"\" width=\"831\" height=\"552\" \/><\/a><figcaption id=\"caption-attachment-10051\" class=\"wp-caption-text\">Onde tem CineB, tem pipoca de gra\u00e7a.<\/figcaption><\/figure>\n<p>Segundo Maria de Lourdes, o retorno do CineB ao espa\u00e7o supre uma demanda de cultura na comunidade. \u201cAqui n\u00f3s temos um shopping ao lado, mas para ir l\u00e1 \u00e9 preciso ter dinheiro. Por isso muitas fam\u00edlias nunca foram ao cinema. No m\u00e1ximo as crian\u00e7as, porque a gente leva. Ent\u00e3o essa possibilidade de ter um dia de atividade cultural fora da rotina do dia-a-dia \u00e9 perfeito\u201d, considera.<\/p>\n<figure id=\"attachment_10052\" aria-describedby=\"caption-attachment-10052\" style=\"width: 831px\" class=\"wp-caption aligncenter\"><a href=\"http:\/\/projetocineb.com.br\/wp-content\/uploads\/2017\/07\/DSC_0044.jpg\"><img loading=\"lazy\" decoding=\"async\" class=\"size-full wp-image-10052\" title=\"DSC_0044\" src=\"http:\/\/projetocineb.com.br\/wp-content\/uploads\/2017\/07\/DSC_0044.jpg\" alt=\"\" width=\"831\" height=\"552\" \/><\/a><figcaption id=\"caption-attachment-10052\" class=\"wp-caption-text\">A abertura oficial da sess\u00e3o, com o coordenador do CineB, Cid\u00e1lio Vieira Santos e equipe da ONG Juntos II.<\/figcaption><\/figure>\n<p>Como das outras vezes, Luciene Rodrigues de Souza marcou presen\u00e7a na sess\u00e3o ao lado dos filhos Daniel, Samara e Samuel, que frequentam a ONG Juntos II. Luciene conta que participou das outras sess\u00f5es, e que \u201ctodos em casa gostam de cinema brasileiro\u201d. J\u00e1 Margarida Siqueira da Silva estava pela primeira vez no espa\u00e7o, acompanhada do neto Samuel. Ela lembra que chegou na regi\u00e3o em 1974, vindo diretamente de Juazeiro do Norte, no Cear\u00e1. Ela contou que recentemente esteve no Cear\u00e1, em Quixad\u00e1, cidade em que o filme foi gravado e conheceu a casa onde foram rodadas v\u00e1rias cenas da com\u00e9dia. \u201cEu conheci o ator principal [Edmilson Filho] e assisti a seu show humor\u00edstico nessa viagem. Gostei muito do filme, faz tempo que eu n\u00e3o dava risada. N\u00e3o temos mais bons humoristas brasileiros\u201d, avalia.<\/p>\n<figure id=\"attachment_10053\" aria-describedby=\"caption-attachment-10053\" style=\"width: 831px\" class=\"wp-caption aligncenter\"><a href=\"http:\/\/projetocineb.com.br\/wp-content\/uploads\/2017\/07\/DSC_0038.jpg\"><img loading=\"lazy\" decoding=\"async\" class=\"size-full wp-image-10053\" title=\"DSC_0038\" src=\"http:\/\/projetocineb.com.br\/wp-content\/uploads\/2017\/07\/DSC_0038.jpg\" alt=\"\" width=\"831\" height=\"552\" \/><\/a><figcaption id=\"caption-attachment-10053\" class=\"wp-caption-text\">Luciene e os filhos acompanharam todas as sess\u00f5es que o CineB realizou no Jardim Arizi.<\/figcaption><\/figure>\n<p>Na sess\u00e3o foram sorteadas camisetas do projeto e livros doados pela ONG Eh Aqui, uma parceira que funciona como uma facilitadora na doa\u00e7\u00e3o de livros, visando democratizar o acesso \u00e0 cultura.<\/p>\n<figure id=\"attachment_10054\" aria-describedby=\"caption-attachment-10054\" style=\"width: 831px\" class=\"wp-caption aligncenter\"><a href=\"http:\/\/projetocineb.com.br\/wp-content\/uploads\/2017\/07\/DSC_0068.jpg\"><img loading=\"lazy\" decoding=\"async\" class=\"size-full wp-image-10054\" title=\"DSC_0068\" src=\"http:\/\/projetocineb.com.br\/wp-content\/uploads\/2017\/07\/DSC_0068.jpg\" alt=\"\" width=\"831\" height=\"552\" \/><\/a><figcaption id=\"caption-attachment-10054\" class=\"wp-caption-text\">Os ganhadores dos livros e camisetas. At\u00e9 a pr\u00f3xima sess\u00e3o!<\/figcaption><\/figure>\n<p>O CineB \u00e9 um circuito itinerante de cinema realizado pelo Sindicato dos Banc\u00e1rios de S\u00e3o Paulo, Osasco e Regi\u00e3o e pela Brazucah Produ\u00e7\u00f5es. Desde 2007, o j\u00e1 atingiu um p\u00fablico superior a 56 mil espectadores em mais de 430 sess\u00f5es gratuitas realizadas em comunidades de S\u00e3o Paulo. A iniciativa busca democratizar o acesso ao cinema nacional e divulgar os filmes produzidos no Brasil. Foram exibidos na tela do CineB mais de 100 longas-metragens e 69 curtas-metragens, al\u00e9m da realiza\u00e7\u00e3o de pr\u00e9-estreias exclusivas.<\/p>\n","protected":false},"excerpt":{"rendered":"<p>Mais uma vez o CineB esteve na Zona Leste de S\u00e3o Paulo para exibir a com\u00e9dia \u201cShaolin do Sert\u00e3o\u201d, de[&#8230;]<\/p>\n","protected":false},"author":2,"featured_media":10055,"comment_status":"open","ping_status":"open","sticky":false,"template":"","format":"standard","meta":[],"categories":[2,6],"tags":[154,237,252,670,888,1132],"_links":{"self":[{"href":"https:\/\/projetocineb.com.br\/index.php?rest_route=\/wp\/v2\/posts\/10048"}],"collection":[{"href":"https:\/\/projetocineb.com.br\/index.php?rest_route=\/wp\/v2\/posts"}],"about":[{"href":"https:\/\/projetocineb.com.br\/index.php?rest_route=\/wp\/v2\/types\/post"}],"author":[{"embeddable":true,"href":"https:\/\/projetocineb.com.br\/index.php?rest_route=\/wp\/v2\/users\/2"}],"replies":[{"embeddable":true,"href":"https:\/\/projetocineb.com.br\/index.php?rest_route=%2Fwp%2Fv2%2Fcomments&post=10048"}],"version-history":[{"count":0,"href":"https:\/\/projetocineb.com.br\/index.php?rest_route=\/wp\/v2\/posts\/10048\/revisions"}],"wp:featuredmedia":[{"embeddable":true,"href":"https:\/\/projetocineb.com.br\/index.php?rest_route=\/wp\/v2\/media\/10055"}],"wp:attachment":[{"href":"https:\/\/projetocineb.com.br\/index.php?rest_route=%2Fwp%2Fv2%2Fmedia&parent=10048"}],"wp:term":[{"taxonomy":"category","embeddable":true,"href":"https:\/\/projetocineb.com.br\/index.php?rest_route=%2Fwp%2Fv2%2Fcategories&post=10048"},{"taxonomy":"post_tag","embeddable":true,"href":"https:\/\/projetocineb.com.br\/index.php?rest_route=%2Fwp%2Fv2%2Ftags&post=10048"}],"curies":[{"name":"wp","href":"https:\/\/api.w.org\/{rel}","templated":true}]}}