{"id":10067,"date":"2017-08-15T09:32:38","date_gmt":"2017-08-15T12:32:38","guid":{"rendered":"http:\/\/projetocineb.com.br\/?p=10067"},"modified":"2017-08-15T09:32:38","modified_gmt":"2017-08-15T12:32:38","slug":"comunidade-da-paz-recebe-cineb-pela-primeira-vez","status":"publish","type":"post","link":"https:\/\/projetocineb.com.br\/?p=10067","title":{"rendered":"Comunidade da Paz recebe CineB pela primeira vez"},"content":{"rendered":"<p><em>Moradores do Conjunto Habitacional Tiro ao Pombo e da Comunidade da Paz, localizado na Vila Brasil\u00e2ndia, Zona Norte de S\u00e3o Paulo receberam, pela primeira vez, no \u00faltimo s\u00e1bado (12\/8), uma sess\u00e3o do CineB. Em cartaz, a com\u00e9dia \u201cShaolin do Sert\u00e3o\u201d, de Halder Gomes.<\/em><\/p>\n<p>Mesmo depois de 10 anos levando o cinema brasileiro para todos os cantos da cidade de S\u00e3o Paulo, Osasco e regi\u00e3o, o CineB ainda encontra parceiros que possibilitam apresentar a s\u00e9tima arte para novos p\u00fablicos. Foi o que aconteceu com a Comunidade da Paz, tamb\u00e9m conhecida como Tiro ao Pombo, na Vila Brasil\u00e2ndia, Zona Norte da capital paulista. A comunidade \u00e9 uma das mais carentes em infraestrutura na cidade de S\u00e3o Paulo. Em 2014, por exemplo, sofreu com um inc\u00eandio que deixou desabrigado cerca de 400 pessoas, segundo o site da Ag\u00eancia Brasil.<\/p>\n<p>&nbsp;<\/p>\n<figure id=\"attachment_10072\" aria-describedby=\"caption-attachment-10072\" style=\"width: 816px\" class=\"wp-caption aligncenter\"><a href=\"http:\/\/projetocineb.com.br\/wp-content\/uploads\/2017\/08\/DSC_0002.jpg\"><img fetchpriority=\"high\" decoding=\"async\" class=\"size-full wp-image-10072\" title=\"DSC_0002\" src=\"http:\/\/projetocineb.com.br\/wp-content\/uploads\/2017\/08\/DSC_0002.jpg\" alt=\"\" width=\"816\" height=\"542\" \/><\/a><figcaption id=\"caption-attachment-10072\" class=\"wp-caption-text\">A produ\u00e7\u00e3o do CineB transformou o galp\u00e3o do Conjunto Habitacional numa sala de cinema.<\/figcaption><\/figure>\n<p>Quem se interessou em levar o CineB \u00e0 comunidade foi H\u00e9vila de Oliveira Nunes, funcion\u00e1ria do Hospital Vila Penteado, que fica na regi\u00e3o da Vila Brasil\u00e2ndia, delegada sindical do SindSa\u00fade e moradora da regi\u00e3o h\u00e1 quase 20 anos. Ela conheceu o CineB atrav\u00e9s de Luiz Cl\u00e1udio Marcolino, um dos idealizadores do projeto, ex-presidente do Sindicato dos Banc\u00e1rios de S\u00e3o Paulo, Osasco e Regi\u00e3o e atual diretor da Confedera\u00e7\u00e3o dos Trabalhadores do Ramo Financeiro (Contraf).<\/p>\n<p><a href=\"http:\/\/projetocineb.com.br\/wp-content\/uploads\/2017\/08\/DSC_0066.jpg\"><img decoding=\"async\" class=\"aligncenter size-full wp-image-10087\" title=\"DSC_0066\" src=\"http:\/\/projetocineb.com.br\/wp-content\/uploads\/2017\/08\/DSC_0066.jpg\" alt=\"O galp\u00e3o lotou rapidamente.\" width=\"816\" height=\"542\" \/><\/a><\/p>\n<p>Segundo H\u00e9vila, a comunidade \u00e9 carente de qualquer atividade cultural, o que fez com que os moradores desconfiassem da possibilidade receber uma sess\u00e3o de cinema. O local escolhido para acontecer a sess\u00e3o foi o galp\u00e3o do Conjunto Habitacional Tiro ao Pombo, que conta com quatro pr\u00e9dios e 215 apartamentos, entregues h\u00e1 cerca de seis anos para as fam\u00edlias que moravam em \u00e1rea de risco na regi\u00e3o. \u201cPara divulgar e organizar o evento tive a ajuda de T\u00e1bata, Bryan, Tiago, Mirela, Dona Fia, todos moradores que lutam pela melhoria do bairro. Acho o projeto inovador, porque traz um olhar diferente para quem n\u00e3o est\u00e3o habituadas a ter acesso \u00e0 cultura\u201d, afirma.<\/p>\n<figure id=\"attachment_10075\" aria-describedby=\"caption-attachment-10075\" style=\"width: 816px\" class=\"wp-caption aligncenter\"><a href=\"http:\/\/projetocineb.com.br\/wp-content\/uploads\/2017\/08\/DSC_0041.jpg\"><img decoding=\"async\" class=\"size-full wp-image-10075\" title=\"DSC_0041\" src=\"http:\/\/projetocineb.com.br\/wp-content\/uploads\/2017\/08\/DSC_0041.jpg\" alt=\"\" width=\"816\" height=\"542\" \/><\/a><figcaption id=\"caption-attachment-10075\" class=\"wp-caption-text\">Teve at\u00e9 quem assistiu a sess\u00e3o de camarote.<\/figcaption><\/figure>\n<p>O galp\u00e3o do conjunto habitacional, que n\u00e3o possui energia el\u00e9trica, foi totalmente transformado para virar uma sala de cinema. Al\u00e9m das cadeiras, tel\u00e3o, som e pipoca, recebeu uma ilumina\u00e7\u00e3o especial. \u201cVirou uma atra\u00e7\u00e3o para quem mora aqui\u201d, conta T\u00e1bata de Carvalho Poleti, uma das respons\u00e1veis por distribuir os convites junto com o marido Bryan. M\u00e3e de quatro filhos, ela viu a possibilidade de oferecer uma divers\u00e3o para as crian\u00e7as da comunidade. \u201cAqui n\u00e3o tem nada e \u00e9 a primeira vez que vejo um cinema vir at\u00e9 n\u00f3s\u201d, finaliza.<\/p>\n<figure id=\"attachment_10077\" aria-describedby=\"caption-attachment-10077\" style=\"width: 816px\" class=\"wp-caption aligncenter\"><a href=\"http:\/\/projetocineb.com.br\/wp-content\/uploads\/2017\/08\/DSC_0045.jpg\"><img loading=\"lazy\" decoding=\"async\" class=\"size-full wp-image-10077\" title=\"DSC_0045\" src=\"http:\/\/projetocineb.com.br\/wp-content\/uploads\/2017\/08\/DSC_0045.jpg\" alt=\"\" width=\"816\" height=\"542\" \/><\/a><figcaption id=\"caption-attachment-10077\" class=\"wp-caption-text\">&#8220;Quem sabe o nome de um filme brasileiro?&#8221;<\/figcaption><\/figure>\n<p>Rapidamente, as 150 cadeiras dispostas no espa\u00e7o foram ocupadas, na grande maioria, por crian\u00e7as que repetiram a pipoca v\u00e1rias vezes. Na abertura oficial, Marcolino lembrou que projetos como o CineB s\u00e3o, muitas vezes, a \u00fanica possibilidade que a popula\u00e7\u00e3o da cidade de S\u00e3o Paulo t\u00eam para usufruir a cultura. \u201cO poder p\u00fablico esqueceu seu papel de formador do cidad\u00e3o\u201d, explicou.<\/p>\n<figure id=\"attachment_10088\" aria-describedby=\"caption-attachment-10088\" style=\"width: 816px\" class=\"wp-caption aligncenter\"><a href=\"http:\/\/projetocineb.com.br\/wp-content\/uploads\/2017\/08\/DSC_0053.jpg\"><img loading=\"lazy\" decoding=\"async\" class=\"size-full wp-image-10088\" title=\"DSC_0053\" src=\"http:\/\/projetocineb.com.br\/wp-content\/uploads\/2017\/08\/DSC_0053.jpg\" alt=\"\" width=\"816\" height=\"542\" \/><\/a><figcaption id=\"caption-attachment-10088\" class=\"wp-caption-text\">H\u00e9lida, do SindSa\u00fade e moradora da regi\u00e3o foi quem articulou a ida do CineB \u00e0 comunidade.<\/figcaption><\/figure>\n<figure id=\"attachment_10071\" aria-describedby=\"caption-attachment-10071\" style=\"width: 840px\" class=\"wp-caption aligncenter\"><a href=\"http:\/\/projetocineb.com.br\/wp-content\/uploads\/2017\/08\/DSC_0058.jpg\"><img loading=\"lazy\" decoding=\"async\" class=\"size-full wp-image-10071\" title=\"DSC_0058\" src=\"http:\/\/projetocineb.com.br\/wp-content\/uploads\/2017\/08\/DSC_0058.jpg\" alt=\"\" width=\"840\" height=\"542\" \/><\/a><figcaption id=\"caption-attachment-10071\" class=\"wp-caption-text\">Na abertura oficial da sess\u00e3o, todos que ajudaram a organizar a atividade cultural ao lado de Cid\u00e1lio Vieira Santos, coordenador do CineB e Luiz Cl\u00e1udio Marcolino.<\/figcaption><\/figure>\n<p>Em seguida, teve in\u00edcio a com\u00e9dia \u201cShaolin do Sert\u00e3o\u201d, escrita e dirigida por Halder Gomes, que est\u00e1 em cartaz no CineB desde junho. Lan\u00e7ada em outubro de 2016, conta a hist\u00f3ria dos lutadores de vale-tudo que durante a d\u00e9cada de 80 passaram por dificuldades devido \u00e0 falta de lutas profissionais. A fim de manter a paix\u00e3o pela luta, eles desafiam os valent\u00f5es no interior do Cear\u00e1 que aceitam participar da competi\u00e7\u00e3o. \u00c9 assim que Aluiso Li v\u00ea a chance de ouro para realizar o sonho de se tornar um verdadeiro mestre das lutas como os her\u00f3is de seus filmes favoritos. Com Edmilson Filho e Falc\u00e3o no elenco. O p\u00fablico, atento, acompanhou as perip\u00e9cias do personagem principal at\u00e9 o final, quando foram sorteadas camisetas do projeto e livros doados pela ONG Eh Aqui, uma parceira que funciona como uma facilitadora na doa\u00e7\u00e3o de livros, visando democratizar o acesso \u00e0 cultura.<\/p>\n<figure id=\"attachment_10089\" aria-describedby=\"caption-attachment-10089\" style=\"width: 816px\" class=\"wp-caption aligncenter\"><a href=\"http:\/\/projetocineb.com.br\/wp-content\/uploads\/2017\/08\/DSC_0069.jpg\"><img loading=\"lazy\" decoding=\"async\" class=\"size-full wp-image-10089\" title=\"DSC_0069\" src=\"http:\/\/projetocineb.com.br\/wp-content\/uploads\/2017\/08\/DSC_0069.jpg\" alt=\"\" width=\"816\" height=\"542\" \/><\/a><figcaption id=\"caption-attachment-10089\" class=\"wp-caption-text\">Chegou a hora de ver o filme.<\/figcaption><\/figure>\n<figure id=\"attachment_10074\" aria-describedby=\"caption-attachment-10074\" style=\"width: 816px\" class=\"wp-caption aligncenter\"><a href=\"http:\/\/projetocineb.com.br\/wp-content\/uploads\/2017\/08\/DSC_0072.jpg\"><img loading=\"lazy\" decoding=\"async\" class=\"size-full wp-image-10074\" title=\"DSC_0072\" src=\"http:\/\/projetocineb.com.br\/wp-content\/uploads\/2017\/08\/DSC_0072.jpg\" alt=\"\" width=\"816\" height=\"542\" \/><\/a><figcaption id=\"caption-attachment-10074\" class=\"wp-caption-text\">Boa sess\u00e3o!<\/figcaption><\/figure>\n<p>Para a costureira Cl\u00e1udia Maria, que estava acompanhada das netas, momentos como o oferecido pelo CineB muitas vezes s\u00e3o a \u00fanica forma de divers\u00e3o das crian\u00e7as da comunidade. \u201cVoc\u00eas est\u00e3o de parab\u00e9ns\u201d, elogia ao final da sess\u00e3o, enquanto procura as netas que brincavam em meio a outras crian\u00e7as para voltar para a casa.<\/p>\n<p>&nbsp;<\/p>\n<figure id=\"attachment_10070\" aria-describedby=\"caption-attachment-10070\" style=\"width: 816px\" class=\"wp-caption aligncenter\"><a href=\"http:\/\/projetocineb.com.br\/wp-content\/uploads\/2017\/08\/DSC_0078.jpg\"><img loading=\"lazy\" decoding=\"async\" class=\"size-full wp-image-10070\" title=\"DSC_0078\" src=\"http:\/\/projetocineb.com.br\/wp-content\/uploads\/2017\/08\/DSC_0078.jpg\" alt=\"\" width=\"816\" height=\"542\" \/><\/a><figcaption id=\"caption-attachment-10070\" class=\"wp-caption-text\">Ao final, \u00a0crian\u00e7as atentas ao sorteio de livros e camisetas do projeto.<\/figcaption><\/figure>\n<p>O CineB \u00e9 um circuito itinerante de cinema realizado pelo Sindicato dos Banc\u00e1rios de S\u00e3o Paulo, Osasco e Regi\u00e3o e pela Brazucah Produ\u00e7\u00f5es. Desde 2007, o j\u00e1 atingiu um p\u00fablico superior a 56 mil espectadores em mais de 430 sess\u00f5es gratuitas realizadas em comunidades de S\u00e3o Paulo. A iniciativa busca democratizar o acesso ao cinema nacional e divulgar os filmes produzidos no Brasil. Foram exibidos na tela do CineB mais de 100 longas-metragens e 69 curtas-metragens, al\u00e9m da realiza\u00e7\u00e3o de pr\u00e9-estreias exclusivas<\/p>\n","protected":false},"excerpt":{"rendered":"<p>Moradores do Conjunto Habitacional Tiro ao Pombo e da Comunidade da Paz, localizado na Vila Brasil\u00e2ndia, Zona Norte de S\u00e3o[&#8230;]<\/p>\n","protected":false},"author":2,"featured_media":10068,"comment_status":"open","ping_status":"open","sticky":false,"template":"","format":"standard","meta":[],"categories":[2,6],"tags":[150,181,237,252,314,315,601,759,1132,1249],"_links":{"self":[{"href":"https:\/\/projetocineb.com.br\/index.php?rest_route=\/wp\/v2\/posts\/10067"}],"collection":[{"href":"https:\/\/projetocineb.com.br\/index.php?rest_route=\/wp\/v2\/posts"}],"about":[{"href":"https:\/\/projetocineb.com.br\/index.php?rest_route=\/wp\/v2\/types\/post"}],"author":[{"embeddable":true,"href":"https:\/\/projetocineb.com.br\/index.php?rest_route=\/wp\/v2\/users\/2"}],"replies":[{"embeddable":true,"href":"https:\/\/projetocineb.com.br\/index.php?rest_route=%2Fwp%2Fv2%2Fcomments&post=10067"}],"version-history":[{"count":0,"href":"https:\/\/projetocineb.com.br\/index.php?rest_route=\/wp\/v2\/posts\/10067\/revisions"}],"wp:featuredmedia":[{"embeddable":true,"href":"https:\/\/projetocineb.com.br\/index.php?rest_route=\/wp\/v2\/media\/10068"}],"wp:attachment":[{"href":"https:\/\/projetocineb.com.br\/index.php?rest_route=%2Fwp%2Fv2%2Fmedia&parent=10067"}],"wp:term":[{"taxonomy":"category","embeddable":true,"href":"https:\/\/projetocineb.com.br\/index.php?rest_route=%2Fwp%2Fv2%2Fcategories&post=10067"},{"taxonomy":"post_tag","embeddable":true,"href":"https:\/\/projetocineb.com.br\/index.php?rest_route=%2Fwp%2Fv2%2Ftags&post=10067"}],"curies":[{"name":"wp","href":"https:\/\/api.w.org\/{rel}","templated":true}]}}