{"id":10092,"date":"2017-08-17T12:31:15","date_gmt":"2017-08-17T15:31:15","guid":{"rendered":"http:\/\/projetocineb.com.br\/?p=10092"},"modified":"2017-08-17T12:31:15","modified_gmt":"2017-08-17T15:31:15","slug":"diretor-de-shaolin-do-sertao-participa-de-sessao","status":"publish","type":"post","link":"https:\/\/projetocineb.com.br\/?p=10092","title":{"rendered":"Diretor de \u201cShaolin do Sert\u00e3o\u201d participa de sess\u00e3o"},"content":{"rendered":"<p><em>Halder Gomes, diretor da com\u00e9dia \u201cShaolin do Sert\u00e3o\u201d participar\u00e1, na pr\u00f3xima sexta-feira, dia 18\/8, de um debate na Vila Leopoldina, Zona Oeste de S\u00e3o Paulo. Ser\u00e1 a \u00faltima exibi\u00e7\u00e3o do filme, que fez enorme sucesso no CineB.<\/em><\/p>\n<p>O diretor, produtor e roteirista Halder Gomes, diretor do filme &#8220;Shaolin do Sert\u00e3o&#8221;, acompanhar\u00e1, na pr\u00f3xima sexta-feira, dia 18\/8, a sess\u00e3o da Vila Leopoldina, que acontece no Sal\u00e3o de Festas da Par\u00f3quia Nossa Senhora de Lourdes. Halder participar\u00e1 de um debate ao final da exibi\u00e7\u00e3o.<br \/>\nDepois de uma temporada de sucesso no CineB, \u201cShaolin\u201d ser\u00e1 apresentado pela \u00faltima vez na sess\u00e3o da Zona Oeste da capital paulista. Lan\u00e7ado em outubro de 2016, a com\u00e9dia conta a hist\u00f3ria dos lutadores de vale-tudo que durante a d\u00e9cada de 80 passaram por dificuldades devido \u00e0 falta de lutas profissionais. A fim de manter a paix\u00e3o pela luta, eles desafiam os valent\u00f5es no interior do Cear\u00e1 que aceitam participar da competi\u00e7\u00e3o. \u00c9 assim que Aluiso Li v\u00ea a chance de ouro para realizar o sonho de se tornar um verdadeiro mestre das lutas como os her\u00f3is de seus filmes favoritos. Com Edmilson Filho e Falc\u00e3o no elenco.<br \/>\nHalder j\u00e1 \u00e9 um velho conhecido do p\u00fablico do CineB. Seu filme &#8220;Cine Holli\u00fady&#8221;, uma deliciosa com\u00e9dia que abusa do \u201ccearan\u00eas\u201d, tamb\u00e9m fez uma carreira de sucesso em 2014. O diretor conta com uma extensa produ\u00e7\u00e3o cinematogr\u00e1fica. Come\u00e7ou com o curta \u201cCine Holi\u00fady &#8211; o astista contra o caba do mal\u201d (2004), seguido do longa \u201cSunland Heat &#8211; No calor da terra do sol\u201d (2004). Em 2007, dirigiu outro curta: \u201cLoucos de Futebol\u201d para, em seguida, s\u00f3 trabalhar com longas. Vieram ent\u00e3o\u00a0\u201cCad\u00e1veres 2\u201d (2008), uma produ\u00e7\u00e3o americana, \u201cAs m\u00e3es de Chico Xavier\u201d (2011), dirigido ao lado de Glauber Filho, e Cine Holli\u00fady (2014), inspirado curta produzido dez anos antes.<br \/>\nA atividade faz parte das comemora\u00e7\u00f5es aos 10 anos do CineB, segundo Cid\u00e1lio Vieira Santos, coordenador do projeto. \u201cFoi exatamente neste local, em 2007, que realizamos a nossa primeira sess\u00e3o\u00a0numa comunidade\u201d, lembra.<br \/>\nSer\u00e1 a d\u00e9cima sess\u00e3o do CineB na Vila Leopoldina. Nas sess\u00f5es anteriores passaram pelo projeto mais de 1.990 pessoas, que assistiram os seguintes filmes: \u201cTapete Vermelho\u201d (2007); \u201cGaroto C\u00f3smico\u201d (2008); \u201cA M\u00e1quina\u201d (2009); \u201cO Casamento de Romeu\u00a0e Julieta\u201d (2010); \u201cO Contador de Hist\u00f3rias\u201d (2011); \u201c\u00c0 Beira do Caminho\u201d (2013); \u201cCine Holi\u00fady\u201d (2014); \u201cIm\u00e3 Dulce\u201d (2015); e \u201cApart Horta\u201d (2016).<br \/>\nNa sess\u00e3o desta sexta-feira, al\u00e9m da comunidade, tamb\u00e9m estar\u00e3o presentes os frequentadores do albergue acompanhado dos educadores, alunos e professores de Educa\u00e7\u00e3o de Jovens e Adultos (EJA) da Escola Municipal de Ensino Fundamental (EMEF) Jo\u00e3o XXIII, localizada no Butant\u00e3, Zona Oeste de S\u00e3o Paulo, e alunos e professores da Escola Estadual Herbert Baldus, localizado no Graja\u00fa, Zona Sul da capital.<br \/>\nO CineB \u00e9 um circuito itinerante de cinema realizado pelo Sindicato dos Banc\u00e1rios de S\u00e3o Paulo, Osasco e Regi\u00e3o e pela Brazucah Produ\u00e7\u00f5es. Desde 2007, o j\u00e1 atingiu um p\u00fablico superior a 56 mil espectadores em mais de 430 sess\u00f5es gratuitas realizadas em comunidades de S\u00e3o Paulo. A iniciativa busca democratizar o acesso ao cinema nacional e divulgar os filmes produzidos no Brasil. Foram exibidos na tela do CineB mais de 100 longas-metragens e 69 curtas-metragens, al\u00e9m da realiza\u00e7\u00e3o de pr\u00e9-estreias exclusivas.<\/p>\n<p><strong>SERVI\u00c7O<\/strong><br \/>\n<strong>FILME:<\/strong> Shaolin do Sert\u00e3o<br \/>\n<strong>DIA:<\/strong>\u00a018\u00a0de agosto, sexta-feira, 19h<br \/>\n<strong>LOCAL:<\/strong> Sal\u00e3o de Festas da Par\u00f3quia Nossa Senhora de Lourdes<br \/>\n<strong>ENDERE\u00c7O:<\/strong> Rua Bretano, 437, Vila Hamburguesa &#8211; S\u00e3o Paulo<br \/>\n<strong>INFORMA\u00c7\u00d5ES:<\/strong> producaocineb@brazucah.com.br<\/p>\n","protected":false},"excerpt":{"rendered":"<p>Halder Gomes, diretor da com\u00e9dia \u201cShaolin do Sert\u00e3o\u201d participar\u00e1, na pr\u00f3xima sexta-feira, dia 18\/8, de um debate na Vila Leopoldina,[&#8230;]<\/p>\n","protected":false},"author":2,"featured_media":10093,"comment_status":"open","ping_status":"open","sticky":false,"template":"","format":"standard","meta":[],"categories":[2,6],"tags":[237,250,252,253,592,934,1117,1129,1223],"_links":{"self":[{"href":"https:\/\/projetocineb.com.br\/index.php?rest_route=\/wp\/v2\/posts\/10092"}],"collection":[{"href":"https:\/\/projetocineb.com.br\/index.php?rest_route=\/wp\/v2\/posts"}],"about":[{"href":"https:\/\/projetocineb.com.br\/index.php?rest_route=\/wp\/v2\/types\/post"}],"author":[{"embeddable":true,"href":"https:\/\/projetocineb.com.br\/index.php?rest_route=\/wp\/v2\/users\/2"}],"replies":[{"embeddable":true,"href":"https:\/\/projetocineb.com.br\/index.php?rest_route=%2Fwp%2Fv2%2Fcomments&post=10092"}],"version-history":[{"count":0,"href":"https:\/\/projetocineb.com.br\/index.php?rest_route=\/wp\/v2\/posts\/10092\/revisions"}],"wp:featuredmedia":[{"embeddable":true,"href":"https:\/\/projetocineb.com.br\/index.php?rest_route=\/wp\/v2\/media\/10093"}],"wp:attachment":[{"href":"https:\/\/projetocineb.com.br\/index.php?rest_route=%2Fwp%2Fv2%2Fmedia&parent=10092"}],"wp:term":[{"taxonomy":"category","embeddable":true,"href":"https:\/\/projetocineb.com.br\/index.php?rest_route=%2Fwp%2Fv2%2Fcategories&post=10092"},{"taxonomy":"post_tag","embeddable":true,"href":"https:\/\/projetocineb.com.br\/index.php?rest_route=%2Fwp%2Fv2%2Ftags&post=10092"}],"curies":[{"name":"wp","href":"https:\/\/api.w.org\/{rel}","templated":true}]}}