{"id":10103,"date":"2017-08-18T13:54:32","date_gmt":"2017-08-18T16:54:32","guid":{"rendered":"http:\/\/projetocineb.com.br\/?p=10103"},"modified":"2017-08-18T13:54:32","modified_gmt":"2017-08-18T16:54:32","slug":"domesticas-comeca-temporada-neste-sabado","status":"publish","type":"post","link":"https:\/\/projetocineb.com.br\/?p=10103","title":{"rendered":"\u201cDom\u00e9stica\u201d \u00e9 nova atra\u00e7\u00e3o"},"content":{"rendered":"<p><em>O CineB inicia em agosto a temporada de um novo filme. O document\u00e1rio \u201cDom\u00e9stica\u201d, de Gabriel Mascaro, ser\u00e1 exibido nas quatro pr\u00f3ximas sess\u00f5es do projeto.<\/em><\/p>\n<p>O CineB traz mais uma novidade para as sess\u00f5es de agosto e setembro. \u00c9 o document\u00e1rio \u201cDom\u00e9stica\u201d, com roteiro e dire\u00e7\u00e3o de Gabriel Mascaro. O filme, lan\u00e7ado em 2012 \u00e9 um registro do cotidiano do trabalho dom\u00e9stico a partir de grava\u00e7\u00f5es feitas por sete adolescentes, que registraram, por uma semana, empregadas dom\u00e9sticas de suas casas. Eles\u00a0entregaram\u00a0o material bruto para o diretor Gabriel Mascaro que realizou\u00a0um filme com essas imagens.<\/p>\n<p>Entre o choque da intimidade, as rela\u00e7\u00f5es de poder e a performance do cotidiano, o filme lan\u00e7a um olhar contempor\u00e2neo sobre o trabalho dom\u00e9stico no ambiente familiar e se transforma num potente ensaio sobre afeto e trabalho.\u00a0Para o coordenador do CineB Cid\u00e1lio Vieira Santos, o filme \u00e9 uma oportunidade de discutir com o p\u00fablico a realidade do trabalho dom\u00e9stico, que passou recentemente por uma regula\u00e7\u00e3o. \u201cQueremos estimular o debate nas sess\u00f5es. Espero que as comunidade que v\u00e3o receber o filme gostem\u201d, aponta. O filme est\u00e1 agendado para ser exibido nas pr\u00f3ximas quatro sess\u00f5es do projeto, entre os meses de agosto e setembro. Confira a programa\u00e7\u00e3o.<\/p>\n<p>&nbsp;<\/p>\n<p><strong>CINEMA BRASILEIRO NO JARDIM BELCITO<\/strong><\/p>\n<p><strong>FILME:<\/strong> Dom\u00e9stica<\/p>\n<p><strong>DIA:<\/strong>\u00a019\u00a0de Agosto,\u00a0S\u00e1bado,\u00a019h<\/p>\n<p><strong>LOCAL:<\/strong> Sal\u00e3o de Festas do Condom\u00ednio Santiago<\/p>\n<p><strong>ENDERE\u00c7O:<em>\u00a0<\/em><\/strong>Rua Hum,\u00a014, pr\u00f3ximo ao CEU Tr\u00eas Lagos<\/p>\n<p><strong>CONVITES:<\/strong> Com Jaqueline no Condom\u00ednio Santiago, Bloco 4<\/p>\n<p>&nbsp;<\/p>\n<p><strong>CINEMA BRASILEIRO EM PARELHEIROS<\/strong><\/p>\n<p><strong>FILME:<\/strong> Dom\u00e9stica<\/p>\n<p><strong>DIA:<\/strong> 26\u00a0de\u00a0Agosto, S\u00e1bado,\u00a019h<\/p>\n<p><strong>LOCAL:<\/strong> E.\u00a0E.\u00a0Prof.\u00a0Benedito Ferreira de Albuquerque<\/p>\n<p><strong>ENDERE\u00c7O:\u00a0<\/strong>Rua Benjamim Diemar, 266 &#8211; Vila Roschel<\/p>\n<p><strong>CONVITES:<\/strong> Na secretaria da escola<\/p>\n<p>&nbsp;<\/p>\n<p><strong>CINEMA BRASILEIRO NO JARDIM\u00a0DOS \u00c1LAMOS\u00a0<\/strong><\/p>\n<p><strong>FILME:<\/strong> Dom\u00e9stica<\/p>\n<p><strong>DIA:<\/strong> 2\u00a0de Setembro, S\u00e1bado, 19h<\/p>\n<p><strong>LOCAL:<\/strong> E.\u00a0E.\u00a0Dr.\u00a0Mario Lopes Le\u00e3o<\/p>\n<p><strong>ENDERE\u00c7O:<\/strong> Rua Jos\u00e9 Mendes Neto, 57<\/p>\n<p><strong>CONVITES:<\/strong>\u00a0No local, com vice-diretora Maria Em\u00edlia<\/p>\n<p>&nbsp;<\/p>\n<p><strong>CINEMA BRASILEIRO EM VARGEM GRANDE<\/strong><\/p>\n<p><strong>FILME:<\/strong>\u00a0Dom\u00e9stica<\/p>\n<p><strong>DIA:\u00a0<\/strong>\u00a016\u00a0de Setembro, S\u00e1bado, 19h<\/p>\n<p><strong>LOCAL:<\/strong>\u00a0Centro Comunit\u00e1rio<br \/>\n<strong>ENDERE\u00c7O:<\/strong> Rua\u00a0Arueira, 39, Vargem Grande.<\/p>\n<p><strong>CONVITES:\u00a0<\/strong>Loja Pink Lim\u00e3o com Cl\u00e9o (Av. das Orqu\u00eddeas,\u00a060 B)<\/p>\n<p>Informa\u00e7\u00f5es\u00a0e contato pelo e-mail\u00a0<a href=\"#inbox\/_blank\"><span style=\"text-decoration: underline;\">producaocineb@brazucah.com.br<\/span><\/a><\/p>\n","protected":false},"excerpt":{"rendered":"<p>O CineB inicia em agosto a temporada de um novo filme. O document\u00e1rio \u201cDom\u00e9stica\u201d, de Gabriel Mascaro, ser\u00e1 exibido nas[&#8230;]<\/p>\n","protected":false},"author":2,"featured_media":10104,"comment_status":"open","ping_status":"open","sticky":false,"template":"","format":"standard","meta":[],"categories":[2,6],"tags":[154,237,252,407,408,1132],"_links":{"self":[{"href":"https:\/\/projetocineb.com.br\/index.php?rest_route=\/wp\/v2\/posts\/10103"}],"collection":[{"href":"https:\/\/projetocineb.com.br\/index.php?rest_route=\/wp\/v2\/posts"}],"about":[{"href":"https:\/\/projetocineb.com.br\/index.php?rest_route=\/wp\/v2\/types\/post"}],"author":[{"embeddable":true,"href":"https:\/\/projetocineb.com.br\/index.php?rest_route=\/wp\/v2\/users\/2"}],"replies":[{"embeddable":true,"href":"https:\/\/projetocineb.com.br\/index.php?rest_route=%2Fwp%2Fv2%2Fcomments&post=10103"}],"version-history":[{"count":0,"href":"https:\/\/projetocineb.com.br\/index.php?rest_route=\/wp\/v2\/posts\/10103\/revisions"}],"wp:featuredmedia":[{"embeddable":true,"href":"https:\/\/projetocineb.com.br\/index.php?rest_route=\/wp\/v2\/media\/10104"}],"wp:attachment":[{"href":"https:\/\/projetocineb.com.br\/index.php?rest_route=%2Fwp%2Fv2%2Fmedia&parent=10103"}],"wp:term":[{"taxonomy":"category","embeddable":true,"href":"https:\/\/projetocineb.com.br\/index.php?rest_route=%2Fwp%2Fv2%2Fcategories&post=10103"},{"taxonomy":"post_tag","embeddable":true,"href":"https:\/\/projetocineb.com.br\/index.php?rest_route=%2Fwp%2Fv2%2Ftags&post=10103"}],"curies":[{"name":"wp","href":"https:\/\/api.w.org\/{rel}","templated":true}]}}