{"id":10112,"date":"2017-08-22T11:17:39","date_gmt":"2017-08-22T14:17:39","guid":{"rendered":"http:\/\/projetocineb.com.br\/?p=10112"},"modified":"2017-08-22T11:17:39","modified_gmt":"2017-08-22T14:17:39","slug":"halder-gomes-encerra-temporada-de-shaolin","status":"publish","type":"post","link":"https:\/\/projetocineb.com.br\/?p=10112","title":{"rendered":"Halder Gomes encerra temporada de \u201cShaolin\u201d"},"content":{"rendered":"<p><em>O diretor da com\u00e9dia \u201cShaolin do Sert\u00e3o\u201d, Halder Gomes, participou da \u00faltima sess\u00e3o que o CineB organizou para o longa, que aconteceu no Sal\u00e3o de Festas da Par\u00f3quia Nossa Senhora de Lourdes, na VIla Leopoldina, Zona Oeste da capital.<\/em><\/p>\n<p>Depois de divertir o p\u00fablico por onde o CineB apresentou a com\u00e9dia \u201cShaolin do Sert\u00e3o\u201d, sua temporada chegou ao fim na \u00faltima sexta-feira, 18\/8, no Sal\u00e3o de Festas da Par\u00f3quia Nossa Senhora de Lourdes, localizada na Vila Leopoldina, Zona Oeste de S\u00e3o Paulo.<br \/>\nPara encerrar com \u201cchave de ouro\u201d, o CineB convidou o diretor Halder Gomes, que est\u00e1 em S\u00e3o Paulo finalizando um novo filme, que deve ser lan\u00e7ado at\u00e9 o ano que vem, para participar de um debate com o p\u00fablico. Cearense de Fortaleza, Gomes j\u00e1 \u00e9 conhecido do p\u00fablico do CineB. Seu filme anterior, \u201cCine Holi\u00fady\u201d, exibido em 2014, agradou o p\u00fablico por onde passou. O cineasta tamb\u00e9m esteve na entrega do 5\u00ba Pr\u00eamio CineB no mesmo ano.<\/p>\n<figure id=\"attachment_10120\" aria-describedby=\"caption-attachment-10120\" style=\"width: 831px\" class=\"wp-caption aligncenter\"><a href=\"http:\/\/projetocineb.com.br\/wp-content\/uploads\/2017\/08\/DSC_0018.jpg\"><img fetchpriority=\"high\" decoding=\"async\" class=\"size-full wp-image-10120\" title=\"DSC_0018\" src=\"http:\/\/projetocineb.com.br\/wp-content\/uploads\/2017\/08\/DSC_0018.jpg\" alt=\"\" width=\"831\" height=\"543\" \/><\/a><figcaption id=\"caption-attachment-10120\" class=\"wp-caption-text\">Professores e alunos do Projeto Ilha de Vera Cruz.<\/figcaption><\/figure>\n<p>Lan\u00e7ado em outubro de 2016, a \u201cShaolin do Sert\u00e3o\u201d conta a hist\u00f3ria dos lutadores de vale-tudo que durante a d\u00e9cada de 80 passaram por dificuldades devido \u00e0 falta de lutas profissionais. A fim de manter a paix\u00e3o pela luta, eles desafiam os valent\u00f5es no interior do Cear\u00e1 que aceitam participar da competi\u00e7\u00e3o. \u00c9 assim que Aluisio Li v\u00ea a chance de ouro para realizar o sonho de se tornar um verdadeiro mestre das lutas como os her\u00f3is de seus filmes favoritos. Com Edmilson Filho e Falc\u00e3o no elenco.<\/p>\n<figure id=\"attachment_10121\" aria-describedby=\"caption-attachment-10121\" style=\"width: 831px\" class=\"wp-caption aligncenter\"><a href=\"http:\/\/projetocineb.com.br\/wp-content\/uploads\/2017\/08\/DSC_0020.jpg\"><img decoding=\"async\" class=\"size-full wp-image-10121\" title=\"DSC_0020\" src=\"http:\/\/projetocineb.com.br\/wp-content\/uploads\/2017\/08\/DSC_0020.jpg\" alt=\"\" width=\"831\" height=\"544\" \/><\/a><figcaption id=\"caption-attachment-10121\" class=\"wp-caption-text\">Monitores e moradores do Albergue Zanconi.<\/figcaption><\/figure>\n<p>Vila Leopoldina foi o local que aconteceu a primeira sess\u00e3o do CineB em uma comunidade, em junho de 2007. Desde ent\u00e3o, j\u00e1 foram exibidos dez filmes no sal\u00e3o da par\u00f3quia: \u201cTapete Vermelho\u201d (2007); \u201cGaroto C\u00f3smico\u201d (2008); \u201cA M\u00e1quina\u201d (2009); \u201cO Casamento de Romeu\u00a0e Julieta\u201d (2010); \u201cO Contador de Hist\u00f3rias\u201d (2011); \u201c\u00c0 Beira do Caminho\u201d (2013); \u201cCine Holli\u00fady\u201d (2014); \u201cIm\u00e3 Dulce\u201d (2015); \u201cApart Horta\u201d (2016); e agora, \u201cShaolin do Sert\u00e3o\u201d.<\/p>\n<figure id=\"attachment_10123\" aria-describedby=\"caption-attachment-10123\" style=\"width: 814px\" class=\"wp-caption aligncenter\"><a href=\"http:\/\/projetocineb.com.br\/wp-content\/uploads\/2017\/08\/DSC_0022.jpg\"><img decoding=\"async\" class=\"size-full wp-image-10123\" title=\"DSC_0022\" src=\"http:\/\/projetocineb.com.br\/wp-content\/uploads\/2017\/08\/DSC_0022.jpg\" alt=\"\" width=\"814\" height=\"552\" \/><\/a><figcaption id=\"caption-attachment-10123\" class=\"wp-caption-text\">Professores do EJA da EMEF Jo\u00e3o XXIII, do Butant\u00e3.<\/figcaption><\/figure>\n<p>Para a sess\u00e3o especial, compareceram v\u00e1rias institui\u00e7\u00f5es da comunidade, como o Albergue Zanconi, um centro de acolhida que cuida, atualmente, de 180 moradores de rua. Rosana Amaral gerente do espa\u00e7o conta que 22 moradores do centro acompanharam a sess\u00e3o. \u201c\u00c9 muito gratificante v\u00ea-los sair um pouco e usufruir de uma atividade cultural\u201d, comenta. Tamb\u00e9m o Centro para Crian\u00e7a e Adolescente (CCA) Madre Nazarena estava representado pela coordenadora Luciana, assim como Andreia Zanetti representava a Pastoral da Fam\u00edlia da Igreja.<\/p>\n<figure id=\"attachment_10124\" aria-describedby=\"caption-attachment-10124\" style=\"width: 831px\" class=\"wp-caption aligncenter\"><a href=\"http:\/\/projetocineb.com.br\/wp-content\/uploads\/2017\/08\/DSC_0005.jpg\"><img loading=\"lazy\" decoding=\"async\" class=\"size-full wp-image-10124\" title=\"DSC_0005\" src=\"http:\/\/projetocineb.com.br\/wp-content\/uploads\/2017\/08\/DSC_0005.jpg\" alt=\"\" width=\"831\" height=\"552\" \/><\/a><figcaption id=\"caption-attachment-10124\" class=\"wp-caption-text\">Chegada dos alunos da EE Herbert Baldus, do Graja\u00fa.<\/figcaption><\/figure>\n<p>Escolas tamb\u00e9m marcaram presen\u00e7a, entre elas, Ilha de Vera Cruz, um projeto social de alfabetiza\u00e7\u00e3o de adultos da Escola Vera Cruz comandado pelas educadoras Carla e Luc\u00edlia. Do Butant\u00e3, 40 alunos e professores de Educa\u00e7\u00e3o de Jovens e Adultos (EJA) da Escola Municipal de Ensino Fundamental (EMEF) Jo\u00e3o XXIII fretaram um \u00f4nibus para acompanhar a sess\u00e3o, assim como alunos do Ensino M\u00e9dio da Escola Estadual (EE) Herbert Baldus, que fica no Graja\u00fa, Zona Sul, cruzaram a cidade por mais de duas horas para acompanhar o filme e o debate com o diretor Halder Gomes.<\/p>\n<figure id=\"attachment_10119\" aria-describedby=\"caption-attachment-10119\" style=\"width: 831px\" class=\"wp-caption aligncenter\"><a href=\"http:\/\/projetocineb.com.br\/wp-content\/uploads\/2017\/08\/DSC_0057.jpg\"><img loading=\"lazy\" decoding=\"async\" class=\"size-full wp-image-10119\" title=\"DSC_0057\" src=\"http:\/\/projetocineb.com.br\/wp-content\/uploads\/2017\/08\/DSC_0057.jpg\" alt=\"\" width=\"831\" height=\"545\" \/><\/a><figcaption id=\"caption-attachment-10119\" class=\"wp-caption-text\">Na abertura oficial, ao centro, Cid\u00e1lio Vieira Santos, coordenador do projeto, frei Alcimar, e Andreia, da Pastoral da Fam\u00edlia.<\/figcaption><\/figure>\n<p>Antes de come\u00e7ar a sess\u00e3o, foram sorteadas camisetas do projeto e livros doados pela ONG \u00c9h Aqui, uma parceira que funciona como uma facilitadora na doa\u00e7\u00e3o de livros, visando democratizar o acesso \u00e0 leitura. Na abertura oficial, o frei Alcimar Fiorezi, atual padre da igreja, lembrou a import\u00e2ncia que um projeto como o CineB tem como disseminador da cultura brasileira e da possibilidade da popula\u00e7\u00e3o poder desfrutar de uma atividade de cultura, lazer e frui\u00e7\u00e3o de gra\u00e7a.<\/p>\n<figure id=\"attachment_10118\" aria-describedby=\"caption-attachment-10118\" style=\"width: 831px\" class=\"wp-caption aligncenter\"><a href=\"http:\/\/projetocineb.com.br\/wp-content\/uploads\/2017\/08\/DSC_0068.jpg\"><img loading=\"lazy\" decoding=\"async\" class=\"size-full wp-image-10118\" title=\"DSC_0068\" src=\"http:\/\/projetocineb.com.br\/wp-content\/uploads\/2017\/08\/DSC_0068.jpg\" alt=\"\" width=\"831\" height=\"545\" \/><\/a><figcaption id=\"caption-attachment-10118\" class=\"wp-caption-text\">Mais de 200 pessoas na sess\u00e3o.<\/figcaption><\/figure>\n<p>O diretor do filme chegou no meio da exibi\u00e7\u00e3o e ficou acompanhando a rea\u00e7\u00e3o do p\u00fablico, que ultrapassou as 200 pessoas. Pouco antes de come\u00e7ar o debate, contou que apesar de ter acompanhado, no ano do lan\u00e7amento, em 2016, muitas sess\u00f5es do filme pelo Brasil, j\u00e1 fazia tempo que n\u00e3o o revia. \u201cReencontrar o filme agora, com distanciamento, vendo o olhar do p\u00fablico e ver porque o filme foi t\u00e3o bem recebido, fez tanto sucesso, porque [o p\u00fablico] foi t\u00e3o carinhoso com o filme foi uma \u00f3tima experi\u00eancia\u201d, avalia.<\/p>\n<figure id=\"attachment_10129\" aria-describedby=\"caption-attachment-10129\" style=\"width: 831px\" class=\"wp-caption aligncenter\"><a href=\"http:\/\/projetocineb.com.br\/wp-content\/uploads\/2017\/08\/DSC_0125.jpg\"><img loading=\"lazy\" decoding=\"async\" class=\"size-full wp-image-10129\" title=\"DSC_0125\" src=\"http:\/\/projetocineb.com.br\/wp-content\/uploads\/2017\/08\/DSC_0125.jpg\" alt=\"\" width=\"831\" height=\"542\" \/><\/a><figcaption id=\"caption-attachment-10129\" class=\"wp-caption-text\">P\u00fablico envolvido no debate com Halder Gomes.<\/figcaption><\/figure>\n<figure id=\"attachment_10116\" aria-describedby=\"caption-attachment-10116\" style=\"width: 831px\" class=\"wp-caption aligncenter\"><a href=\"http:\/\/projetocineb.com.br\/wp-content\/uploads\/2017\/08\/DSC_0140.jpg\"><img loading=\"lazy\" decoding=\"async\" class=\"size-full wp-image-10116\" title=\"DSC_0140\" src=\"http:\/\/projetocineb.com.br\/wp-content\/uploads\/2017\/08\/DSC_0140.jpg\" alt=\"\" width=\"831\" height=\"552\" \/><\/a><figcaption id=\"caption-attachment-10116\" class=\"wp-caption-text\">F\u00e3 do cinema de artes marciais, Halder contou sua hist\u00f3ria de dubl\u00ea do g\u00eanero em Hollywood.<\/figcaption><\/figure>\n<p>Ao final da sess\u00e3o, Helder respondeu a v\u00e1rios questionamentos do p\u00fablico e falou um pouco de sua hist\u00f3ria como diretor, dubl\u00ea de filme de a\u00e7\u00e3o nos EUA e dos projetos de futuro. \u201cGra\u00e7as a Deus minha agenda est\u00e1 cheia at\u00e9 2022\u201d, comemora. Sobre o CineB, ele enfatiza: \u201ceu desejo vida longa ao CineB e que continue cada vez mais levando o nosso trabalho aonde o cinema n\u00e3o chega \u00e0s pessoas\u201d, finaliza.<br \/>\nPara o professor de hist\u00f3ria da EE Herbert Baldus, Kleber Oliveira Natividade, que ao lado da professora Osv\u00e2nia organizou os alunos da escola para acompanhar mais uma sess\u00e3o do CineB seguida de debate &#8211; a terceira do ano &#8211; \u201c\u00e9 sempre bom poder acompanhar as novidades do cinema brasileiro [&#8230;] conversar, dialogar, debater com os diretores desses filmes. Isso \u00e9 muito positivo sobretudo para a juventude, que fica mais pr\u00f3xima da s\u00e9tima arte\u201d, comentou.<\/p>\n<figure id=\"attachment_10115\" aria-describedby=\"caption-attachment-10115\" style=\"width: 831px\" class=\"wp-caption aligncenter\"><a href=\"http:\/\/projetocineb.com.br\/wp-content\/uploads\/2017\/08\/DSC_0157.jpg\"><img loading=\"lazy\" decoding=\"async\" class=\"size-full wp-image-10115\" title=\"DSC_0157\" src=\"http:\/\/projetocineb.com.br\/wp-content\/uploads\/2017\/08\/DSC_0157.jpg\" alt=\"\" width=\"831\" height=\"552\" \/><\/a><figcaption id=\"caption-attachment-10115\" class=\"wp-caption-text\">Paulo Lomar, Maria Silvia Lomar, os educadores Pedro Pontual e Maria Cec\u00edlia Figueira, moradores do Butant\u00e3 tamb\u00e9m acompanharam o debate.<\/figcaption><\/figure>\n<p>Opini\u00e3o semelhante da pedagoga aposentada Maria Cec\u00edlia Figueira Melo, moradora do Butant\u00e3, que acompanhou uma sess\u00e3o do CineB pela primeira vez. Para ela, \u201c\u00e9 uma excelente oportunidade de discutir, de reunir o povo, de ter acesso a um conte\u00fado ao mesmo tempo divertido, [&#8230;] que ajude repensar, elaborar as quest\u00f5es da vida, o empoderamento do povo\u201d, argumenta. Reflex\u00e3o que o professor de Hist\u00f3ria M\u00e1rcio de Souza, da EMEF Jo\u00e3o XXIII, vai procurar fazer com os alunos do EJA a partir do debate. \u201cNosso papel \u00e9 trabalhar o cinema, tanto no vi\u00e9s da cultura de massa, quando na constru\u00e7\u00e3o de identidade do receptor, a partir da hist\u00f3ria de cada um\u201d. E complementa: \u201cficamos muito felizes que voc\u00eas nos possibilitam um repert\u00f3rio cultural da ind\u00fastria, do cinema brasileiro, que procura encontrar uma diversidade dos brasis\u201d, finaliza. A sess\u00e3o contou com o apoio do F\u00f3rum Social da Vila Leopoldina, da p\u00e1gina Observat\u00f3rio Leopoldina no Facebook, e da secret\u00e1ria da igreja Bernadete pela distribui\u00e7\u00e3o dos convites.<\/p>\n<figure id=\"attachment_10114\" aria-describedby=\"caption-attachment-10114\" style=\"width: 831px\" class=\"wp-caption aligncenter\"><a href=\"http:\/\/projetocineb.com.br\/wp-content\/uploads\/2017\/08\/DSC_0164.jpg\"><img loading=\"lazy\" decoding=\"async\" class=\"size-full wp-image-10114\" title=\"DSC_0164\" src=\"http:\/\/projetocineb.com.br\/wp-content\/uploads\/2017\/08\/DSC_0164.jpg\" alt=\"\" width=\"831\" height=\"552\" \/><\/a><figcaption id=\"caption-attachment-10114\" class=\"wp-caption-text\">At\u00e9 a pr\u00f3xima sess\u00e3o!<\/figcaption><\/figure>\n<p>O CineB \u00e9 um circuito itinerante de cinema realizado pelo Sindicato dos Banc\u00e1rios de S\u00e3o Paulo, Osasco e Regi\u00e3o e pela Brazucah Produ\u00e7\u00f5es. Desde 2007, o j\u00e1 atingiu um p\u00fablico superior a 56 mil espectadores em mais de 430 sess\u00f5es gratuitas realizadas em comunidades de S\u00e3o Paulo. A iniciativa busca democratizar o acesso ao cinema nacional e divulgar os filmes produzidos no Brasil. Foram exibidos na tela do CineB mais de 100 longas-metragens e 69 curtas-metragens, al\u00e9m da realiza\u00e7\u00e3o de pr\u00e9-estreias exclusivas.<\/p>\n<p>&nbsp;<\/p>\n\t\t\t\n\t\t\t<!-- Blueimp gallery -->\n\t\t\t<div id=\"blueimp-gallery\" class=\"blueimp-gallery blueimp-gallery-controls\">\n\t\t\t\t<div class=\"slides\"><\/div>\n\t\t\t\t<h3 class=\"title\"><\/h3>\n\t\t\t\t<a class=\"prev\">\u2039<\/a>\n\t\t\t\t<a class=\"next\">\u203a<\/a>\n\t\t\t\t<a class=\"close\">\u00d7<\/a>\n\t\t\t\t<a class=\"play-pause\"><\/a>\n\t\t\t\t<ol class=\"indicator\"><\/ol>\n\t\t\t\t<div class=\"modal fade\">\n\t\t\t\t\t<div class=\"modal-dialog\">\n\t\t\t\t\t\t<div class=\"modal-content\">\n\t\t\t\t\t\t\t<div class=\"modal-header\">\n\t\t\t\t\t\t\t\t<button type=\"button\" class=\"close\" aria-hidden=\"true\">&times;<\/button>\n\t\t\t\t\t\t\t\t<h4 class=\"modal-title\"><\/h4>\n\t\t\t\t\t\t\t<\/div>\n\t\t\t\t\t\t\t<div class=\"modal-body next\"><\/div>\n\t\t\t\t\t\t\t<div class=\"modal-footer\">\n\t\t\t\t\t\t\t\t<button type=\"button\" class=\"btn btn-default pull-left prev\">\n\t\t\t\t\t\t\t\t\t<i class=\"glyphicon glyphicon-chevron-left\"><\/i>\n\t\t\t\t\t\t\t\t\tPrevious\t\t\t\t\t\t\t\t<\/button>\n\t\t\t\t\t\t\t\t<button type=\"button\" class=\"btn btn-primary next\">\n\t\t\t\t\t\t\t\t\tNext\t\t\t\t\t\t\t\t\t<i class=\"glyphicon glyphicon-chevron-right\"><\/i>\n\t\t\t\t\t\t\t\t<\/button>\n\t\t\t\t\t\t\t<\/div>\n\t\t\t\t\t\t<\/div>\n\t\t\t\t\t<\/div>\n\t\t\t\t<\/div>\n\t\t\t<\/div>\n\t\t\t<script type=\"text\/javascript\">\n\t\t\tjQuery(function() {\n\t\t\t\t\/\/ Set blueimp gallery options\n\t\t\t\tjQuery.extend(blueimp.Gallery.prototype.options, {\n\t\t\t\t\tuseBootstrapModal: false,\n\t\t\t\t\thidePageScrollbars: false\n\t\t\t\t});\n\t\t\t});\n\t\t\t<\/script>\n\t\t\t\n","protected":false},"excerpt":{"rendered":"<p>O diretor da com\u00e9dia \u201cShaolin do Sert\u00e3o\u201d, Halder Gomes, participou da \u00faltima sess\u00e3o que o CineB organizou para o longa,[&#8230;]<\/p>\n","protected":false},"author":2,"featured_media":10113,"comment_status":"open","ping_status":"open","sticky":false,"template":"","format":"standard","meta":[],"categories":[2,6],"tags":[53,237,252,431,459,560,592,629,792,934,1117,1223],"_links":{"self":[{"href":"https:\/\/projetocineb.com.br\/index.php?rest_route=\/wp\/v2\/posts\/10112"}],"collection":[{"href":"https:\/\/projetocineb.com.br\/index.php?rest_route=\/wp\/v2\/posts"}],"about":[{"href":"https:\/\/projetocineb.com.br\/index.php?rest_route=\/wp\/v2\/types\/post"}],"author":[{"embeddable":true,"href":"https:\/\/projetocineb.com.br\/index.php?rest_route=\/wp\/v2\/users\/2"}],"replies":[{"embeddable":true,"href":"https:\/\/projetocineb.com.br\/index.php?rest_route=%2Fwp%2Fv2%2Fcomments&post=10112"}],"version-history":[{"count":0,"href":"https:\/\/projetocineb.com.br\/index.php?rest_route=\/wp\/v2\/posts\/10112\/revisions"}],"wp:featuredmedia":[{"embeddable":true,"href":"https:\/\/projetocineb.com.br\/index.php?rest_route=\/wp\/v2\/media\/10113"}],"wp:attachment":[{"href":"https:\/\/projetocineb.com.br\/index.php?rest_route=%2Fwp%2Fv2%2Fmedia&parent=10112"}],"wp:term":[{"taxonomy":"category","embeddable":true,"href":"https:\/\/projetocineb.com.br\/index.php?rest_route=%2Fwp%2Fv2%2Fcategories&post=10112"},{"taxonomy":"post_tag","embeddable":true,"href":"https:\/\/projetocineb.com.br\/index.php?rest_route=%2Fwp%2Fv2%2Ftags&post=10112"}],"curies":[{"name":"wp","href":"https:\/\/api.w.org\/{rel}","templated":true}]}}