{"id":10135,"date":"2017-08-22T14:05:28","date_gmt":"2017-08-22T17:05:28","guid":{"rendered":"http:\/\/projetocineb.com.br\/?p=10135"},"modified":"2017-08-22T14:05:28","modified_gmt":"2017-08-22T17:05:28","slug":"domestica-inicia-temporada-no-grajau","status":"publish","type":"post","link":"https:\/\/projetocineb.com.br\/?p=10135","title":{"rendered":"\u201cDom\u00e9stica\u201d inicia temporada no Graja\u00fa"},"content":{"rendered":"<p><em>O CineB esteve no \u00faltimo s\u00e1bado, 19\/8, no Condom\u00ednio Santiago, que integra o Conjunto Habitacional Am\u00e9rica do Sul, localizado na regi\u00e3o do Graja\u00fa, Zona Sul de S\u00e3o Paulo. Em cartaz, o document\u00e1rio \u201cDom\u00e9stica\u201d, de Gabriel Mascaro.<\/em><\/p>\n<p>Em 2014, existia em frente ao CEU Tr\u00eas Lagos, localizado na regi\u00e3o do Graja\u00fa, Zona Sul de S\u00e3o Paulo, um grande terreno vazio. Hoje, tr\u00eas anos depois, a \u00e1rea foi ocupada por 1.188 apartamentos divididos em sete condom\u00ednios que formam o Conjunto Habitacional Am\u00e9rica do Sul. Uma iniciativa do ex-prefeito Fernando Haddad (PT), que uniu governos municipal, estadual e federal para construir um dos maiores conjuntos habitacionais da cidade de S\u00e3o Paulo. O conjunto come\u00e7ou a ser entregue este ano. Em maio, 168 fam\u00edlias de diversas \u00e1reas de mananciais da zona Sul como Prainha, Rio Bonito e Lago Azul, deixaram de receber o bolsa-aluguel e puderam entrar em seus apartamentos no Condom\u00ednio Santiago, um dos sete que formam o conjunto habitacional.<\/p>\n<figure id=\"attachment_10141\" aria-describedby=\"caption-attachment-10141\" style=\"width: 831px\" class=\"wp-caption aligncenter\"><a href=\"http:\/\/projetocineb.com.br\/wp-content\/uploads\/2017\/08\/DSC_00691.jpg\"><img fetchpriority=\"high\" decoding=\"async\" class=\"size-full wp-image-10141\" title=\"DSC_0069\" src=\"http:\/\/projetocineb.com.br\/wp-content\/uploads\/2017\/08\/DSC_00691.jpg\" alt=\"\" width=\"831\" height=\"539\" \/><\/a><figcaption id=\"caption-attachment-10141\" class=\"wp-caption-text\">Sal\u00e3o de festas do Condom\u00ednio Santiago. Mesmo com chuva, moradores n\u00e3o perderam o CineB.<\/figcaption><\/figure>\n<p>Quem levou o CineB at\u00e9 o condom\u00ednio foi Jacqueline Suzan Jesus de Souza, presidenta do Conselho do Condom\u00ednio Santiago. Ela conta que foi Luiz Cl\u00e1udio Marcolino, atual diretor da Confedera\u00e7\u00e3o de Trabalhadores do Ramo Financeiro (Contraf) e um dos idealizadores do projeto quando era presidente do Sindicato dos Banc\u00e1rios de S\u00e3o Paulo, Osasco e Regi\u00e3o que falou pela primeira vez do CineB. \u201cEu me interessei e perguntei se tinha a possibilidade de trazer aqui para nossa comunidade. O local \u00e9 maravilhoso, mas n\u00e3o tem nada. E o CineB \u00e9 uma forma de sair da rotina\u201d, explica.<\/p>\n<figure id=\"attachment_10148\" aria-describedby=\"caption-attachment-10148\" style=\"width: 831px\" class=\"wp-caption aligncenter\"><a href=\"http:\/\/projetocineb.com.br\/wp-content\/uploads\/2017\/08\/DSC_0033.jpg\"><img decoding=\"async\" class=\"size-full wp-image-10148\" title=\"DSC_0033\" src=\"http:\/\/projetocineb.com.br\/wp-content\/uploads\/2017\/08\/DSC_0033.jpg\" alt=\"\" width=\"831\" height=\"552\" \/><\/a><figcaption id=\"caption-attachment-10148\" class=\"wp-caption-text\">Todo mundo bem agasalhado para enfrentar o friozinho do final de semana.<\/figcaption><\/figure>\n<p>Jacqueline conta que ao chegar no condom\u00ednio, achou que encontraria muitas atividades culturais no CEU Tr\u00eas Lagos. \u201cMas tudo o que havia de cultura aqui foi interrompido. Eu entrei como conselheira gestora do CEU justamente para tentar trazer atividades, [&#8230;] porque acho que a gente s\u00f3 pode mudar o pa\u00eds com educa\u00e7\u00e3o, cultura, artes, conhecimento, finaliza.<\/p>\n<figure id=\"attachment_10142\" aria-describedby=\"caption-attachment-10142\" style=\"width: 831px\" class=\"wp-caption aligncenter\"><a href=\"http:\/\/projetocineb.com.br\/wp-content\/uploads\/2017\/08\/DSC_0011.jpg\"><img decoding=\"async\" class=\"size-full wp-image-10142\" title=\"DSC_0011\" src=\"http:\/\/projetocineb.com.br\/wp-content\/uploads\/2017\/08\/DSC_0011.jpg\" alt=\"\" width=\"831\" height=\"552\" \/><\/a><figcaption id=\"caption-attachment-10142\" class=\"wp-caption-text\">N\u00e3o podia faltar a pipoca de seu Antonio. Por nossa conta, claro.<\/figcaption><\/figure>\n<p>No Jardim Belcito o CineB estreou um novo filme: \u201cDom\u00e9stica\u201d, document\u00e1rio com roteiro e dire\u00e7\u00e3o de Gabriel Mascaro. O filme, lan\u00e7ado em 2012 \u00e9 um registro do cotidiano do trabalho dom\u00e9stico a partir do registro feito por sete adolescentes, que registraram, por uma semana, empregadas dom\u00e9sticas de suas casas. Eles entregaram o material bruto para o diretor Gabriel Mascaro que realizou um filme com essas imagens. Entre o choque da intimidade, as rela\u00e7\u00f5es de poder e a performance do cotidiano, o filme lan\u00e7a um olhar contempor\u00e2neo sobre o trabalho dom\u00e9stico no ambiente familiar e se transforma num potente ensaio sobre afeto e trabalho.<\/p>\n<figure id=\"attachment_10146\" aria-describedby=\"caption-attachment-10146\" style=\"width: 831px\" class=\"wp-caption aligncenter\"><a href=\"http:\/\/projetocineb.com.br\/wp-content\/uploads\/2017\/08\/DSC_00381.jpg\"><img loading=\"lazy\" decoding=\"async\" class=\"size-full wp-image-10146\" title=\"DSC_0038\" src=\"http:\/\/projetocineb.com.br\/wp-content\/uploads\/2017\/08\/DSC_00381.jpg\" alt=\"\" width=\"831\" height=\"530\" \/><\/a><figcaption id=\"caption-attachment-10146\" class=\"wp-caption-text\">Abertura oficial da sess\u00e3o: Cid\u00e1lio Vieira Santos, coordenador do CineB, Jacqueline, presidenta do Conselho do Condom\u00ednio e Marcolino, idealizador do projeto.<\/figcaption><\/figure>\n<p>Nem a chuva e o frio representaram problema para os moradores do condom\u00ednio, principalmente as crian\u00e7as, sa\u00edrem de seus apartamentos e ir at\u00e9 o sal\u00e3o de festas, que por uma noite se transformou numa sala de cinema. A sess\u00e3o come\u00e7ou com a exibi\u00e7\u00e3o do curta \u201cHistorietas mal-assumbradas\u201d (2010) uma anima\u00e7\u00e3o de Victor-Hugo Borges sobre hist\u00f3rias assustadoras da cultura popular, que integrou o primeiro DVD do Selo CineB do Cinema Brasileiro.<\/p>\n<figure id=\"attachment_10145\" aria-describedby=\"caption-attachment-10145\" style=\"width: 831px\" class=\"wp-caption aligncenter\"><a href=\"http:\/\/projetocineb.com.br\/wp-content\/uploads\/2017\/08\/DSC_0050.jpg\"><img loading=\"lazy\" decoding=\"async\" class=\"size-full wp-image-10145\" title=\"DSC_0050\" src=\"http:\/\/projetocineb.com.br\/wp-content\/uploads\/2017\/08\/DSC_0050.jpg\" alt=\"\" width=\"831\" height=\"552\" \/><\/a><figcaption id=\"caption-attachment-10145\" class=\"wp-caption-text\">Ivone Silva, presidenta do Sindicato dos Banc\u00e1rios d\u00e1 seu recado ao p\u00fablico do CineB.<\/figcaption><\/figure>\n<p>Na abertura oficial, Marcolino lembrou que o CineB se consolidou ao longo dos 10 anos como um dos principais projetos sociais do Sindicato dos Banc\u00e1rios de S\u00e3o Paulo, mas que a entidade busca sempre ampliar o di\u00e1logo com a comunidade. \u201cEstamos investindo num projeto de forma\u00e7\u00e3o cidad\u00e3, para levar \u00e0s comunidades informa\u00e7\u00f5es sobre os direitos sociais garantidos pela legisla\u00e7\u00e3o brasileira, como no caso do c\u00e2ncer, que quando detectado, deve ter o tratamento iniciado em at\u00e9 60 dias. Muitas pessoas n\u00e3o sabem disso\u201d, exemplifica.<\/p>\n<figure id=\"attachment_10144\" aria-describedby=\"caption-attachment-10144\" style=\"width: 831px\" class=\"wp-caption aligncenter\"><a href=\"http:\/\/projetocineb.com.br\/wp-content\/uploads\/2017\/08\/DSC_00792.jpg\"><img loading=\"lazy\" decoding=\"async\" class=\"size-full wp-image-10144\" title=\"DSC_0079\" src=\"http:\/\/projetocineb.com.br\/wp-content\/uploads\/2017\/08\/DSC_00792.jpg\" alt=\"\" width=\"831\" height=\"552\" \/><\/a><figcaption id=\"caption-attachment-10144\" class=\"wp-caption-text\">As dom\u00e9sticas da sess\u00e3o: Adel\u00edcia Oliveira Maria Silva, Isarlete Silva da Cruz, Maria Jos\u00e9 da Silva Santos, Irailda Andrade Pereira dos Santos e Terezinha Alves dos Santos Oliveira.<\/figcaption><\/figure>\n<p>Ao final da sess\u00e3o, cinco moradoras contaram que em algum momento da vida foram empregadas dom\u00e9sticas. Irailda Andrade Pereira dos Santos \u00e9 empregada h\u00e1 mais de 40 anos e se identificou muito com o filme. \u201cHoje eu sou diarista, mas trabalhei por muitos anos como mensalista, na casa de uma \u00fanica fam\u00edlia\u201d, explica. Ela conta que como diarista o retorno \u00e9 melhor, mas n\u00e3o conta com direitos como qualquer outro trabalhador\u201d. J\u00e1 Terezinha Alves dos Santos lembra que come\u00e7ou a trabalhar como bab\u00e1 aos 10 anos. \u201cTrabalhei at\u00e9 os 18 anos, depois casei e meu marido n\u00e3o deixou mais trabalhar\u201d, recorda. Todas ganharam um livro doado pela ONG \u00c9h Aqui, uma parceira que funciona como uma facilitadora na doa\u00e7\u00e3o de livros, visando democratizar o acesso \u00e0 leitura.<\/p>\n<figure id=\"attachment_10147\" aria-describedby=\"caption-attachment-10147\" style=\"width: 831px\" class=\"wp-caption aligncenter\"><a href=\"http:\/\/projetocineb.com.br\/wp-content\/uploads\/2017\/08\/DSC_0061.jpg\"><img loading=\"lazy\" decoding=\"async\" class=\"size-full wp-image-10147\" title=\"DSC_0061\" src=\"http:\/\/projetocineb.com.br\/wp-content\/uploads\/2017\/08\/DSC_0061.jpg\" alt=\"\" width=\"831\" height=\"552\" \/><\/a><figcaption id=\"caption-attachment-10147\" class=\"wp-caption-text\">Ligados no filme.<\/figcaption><\/figure>\n<p>Para K\u00e1tia Firmino, s\u00edndica do conjunto, o CineB \u00e9 uma novidade, porque \u201ctem pessoas que nunca conheceram o cinema e hoje eles est\u00e3o conhecendo\u201d, comenta. \u00c9 o caso de Cleiton Silva dos Santos, rec\u00e9m-chegado do Recife\/PE. Ele nunca havia entrado numa sala de cinema em sua cidade natal. \u201cCheguei dia 17, vim de l\u00e1 atr\u00e1s de trabalho e estou morando com o meu tio\u201d, relata.<\/p>\n<figure id=\"attachment_10140\" aria-describedby=\"caption-attachment-10140\" style=\"width: 831px\" class=\"wp-caption aligncenter\"><a href=\"http:\/\/projetocineb.com.br\/wp-content\/uploads\/2017\/08\/DSC_00841.jpg\"><img loading=\"lazy\" decoding=\"async\" class=\"size-full wp-image-10140\" title=\"DSC_0084\" src=\"http:\/\/projetocineb.com.br\/wp-content\/uploads\/2017\/08\/DSC_00841.jpg\" alt=\"\" width=\"831\" height=\"552\" \/><\/a><figcaption id=\"caption-attachment-10140\" class=\"wp-caption-text\">At\u00e9 a pr\u00f3xima sess\u00e3o!<\/figcaption><\/figure>\n<p>O CineB \u00e9 um circuito itinerante de cinema realizado pelo Sindicato dos Banc\u00e1rios de S\u00e3o Paulo, Osasco e Regi\u00e3o e pela Brazucah Produ\u00e7\u00f5es. Desde 2007, o j\u00e1 atingiu um p\u00fablico superior a 56 mil espectadores em mais de 430 sess\u00f5es gratuitas realizadas em comunidades de S\u00e3o Paulo. A iniciativa busca democratizar o acesso ao cinema nacional e divulgar os filmes produzidos no Brasil. Foram exibidos na tela do CineB mais de 100 longas-metragens e 69 curtas-metragens, al\u00e9m da realiza\u00e7\u00e3o de pr\u00e9-estreias exclusivas.<\/p>\n","protected":false},"excerpt":{"rendered":"<p>O CineB esteve no \u00faltimo s\u00e1bado, 19\/8, no Condom\u00ednio Santiago, que integra o Conjunto Habitacional Am\u00e9rica do Sul, localizado na[&#8230;]<\/p>\n","protected":false},"author":2,"featured_media":10151,"comment_status":"open","ping_status":"open","sticky":false,"template":"","format":"standard","meta":[],"categories":[2,6],"tags":[237,252,321,324,663,671,1132],"_links":{"self":[{"href":"https:\/\/projetocineb.com.br\/index.php?rest_route=\/wp\/v2\/posts\/10135"}],"collection":[{"href":"https:\/\/projetocineb.com.br\/index.php?rest_route=\/wp\/v2\/posts"}],"about":[{"href":"https:\/\/projetocineb.com.br\/index.php?rest_route=\/wp\/v2\/types\/post"}],"author":[{"embeddable":true,"href":"https:\/\/projetocineb.com.br\/index.php?rest_route=\/wp\/v2\/users\/2"}],"replies":[{"embeddable":true,"href":"https:\/\/projetocineb.com.br\/index.php?rest_route=%2Fwp%2Fv2%2Fcomments&post=10135"}],"version-history":[{"count":0,"href":"https:\/\/projetocineb.com.br\/index.php?rest_route=\/wp\/v2\/posts\/10135\/revisions"}],"wp:featuredmedia":[{"embeddable":true,"href":"https:\/\/projetocineb.com.br\/index.php?rest_route=\/wp\/v2\/media\/10151"}],"wp:attachment":[{"href":"https:\/\/projetocineb.com.br\/index.php?rest_route=%2Fwp%2Fv2%2Fmedia&parent=10135"}],"wp:term":[{"taxonomy":"category","embeddable":true,"href":"https:\/\/projetocineb.com.br\/index.php?rest_route=%2Fwp%2Fv2%2Fcategories&post=10135"},{"taxonomy":"post_tag","embeddable":true,"href":"https:\/\/projetocineb.com.br\/index.php?rest_route=%2Fwp%2Fv2%2Ftags&post=10135"}],"curies":[{"name":"wp","href":"https:\/\/api.w.org\/{rel}","templated":true}]}}