{"id":10159,"date":"2017-08-29T09:23:03","date_gmt":"2017-08-29T12:23:03","guid":{"rendered":"http:\/\/projetocineb.com.br\/?p=10159"},"modified":"2017-08-29T09:23:03","modified_gmt":"2017-08-29T12:23:03","slug":"e-muito-bom-receber-o-cineb","status":"publish","type":"post","link":"https:\/\/projetocineb.com.br\/?p=10159","title":{"rendered":"\u201c\u00c9 muito bom receber o CineB\u201d"},"content":{"rendered":"<p><em>A EE Prof. Benedito Ferreira de Albuquerque, localizada em Parelheiros, Zona Sul da capital paulista recebeu, pela primeira vez, uma sess\u00e3o do CineB no \u00faltima s\u00e1bado, 26\/8. O projeto exibiu o document\u00e1rio \u201cDom\u00e9stica\u201d de Gabriel Mascaro.<\/em><\/p>\n<p>O CineB esteve no \u00faltimo s\u00e1bado, 26\/8, em Parelheiros, na Zona Sul de S\u00e3o Paulo, para mais uma exibi\u00e7\u00e3o do document\u00e1rio \u201cDom\u00e9stica\u201d, que tem roteiro e dire\u00e7\u00e3o de Gabriel Mascaro. O filme, de 2012, \u00e9 um registro do cotidiano do trabalho dom\u00e9stico a partir do registro feito por sete adolescentes, que gravaram, por uma semana, empregadas dom\u00e9sticas de suas casas. Eles entregaram o material bruto para o diretor que montou um filme com essas imagens. Entre o choque da intimidade, as rela\u00e7\u00f5es de poder e a performance do cotidiano, o document\u00e1rio lan\u00e7a um olhar contempor\u00e2neo sobre o trabalho dom\u00e9stico no ambiente familiar e se transforma num potente ensaio sobre afeto e trabalho.<\/p>\n<figure id=\"attachment_10161\" aria-describedby=\"caption-attachment-10161\" style=\"width: 831px\" class=\"wp-caption aligncenter\"><a href=\"http:\/\/projetocineb.com.br\/wp-content\/uploads\/2017\/08\/DSC_0006.jpg\"><img fetchpriority=\"high\" decoding=\"async\" class=\"size-full wp-image-10161\" title=\"DSC_0006\" src=\"http:\/\/projetocineb.com.br\/wp-content\/uploads\/2017\/08\/DSC_0006.jpg\" alt=\"\" width=\"831\" height=\"552\" \/><\/a><figcaption id=\"caption-attachment-10161\" class=\"wp-caption-text\">O p\u00e1tio da EE Prof. Benedito Ferreira de Albuquerque, em Parelheiros se transformou, pela primeira vez, numa sala de cinema<\/figcaption><\/figure>\n<p>Foi a primeira vez que o projeto esteve na Vila Roschel, um bairro \u00e0s margens da estrada que liga Parelheiros \u00e0 Engenheiro Marsilac. Quem entrou em contato com o CineB para que a Escola Estadual (EE) Prof. Benedito Ferreira de Albuquerque recebesse o projeto foi o coordenador pedag\u00f3gico Carlos Aberto de Souza, o professor Alberto, depois que a funcion\u00e1ria do Sindicato dos Banc\u00e1rios e ex-aluna da escola, Stefani Carolina da Silva Felix, mostrou interesse em levar o projeto \u00e0 comunidade. A regi\u00e3o \u00e9 uma das mais carentes e com o menor \u00edndice de Desenvolvimento Humano da cidade de S\u00e3o Paulo.<\/p>\n<figure id=\"attachment_10162\" aria-describedby=\"caption-attachment-10162\" style=\"width: 831px\" class=\"wp-caption aligncenter\"><a href=\"http:\/\/projetocineb.com.br\/wp-content\/uploads\/2017\/08\/DSC_0015.jpg\"><img decoding=\"async\" class=\"size-full wp-image-10162\" title=\"DSC_0015\" src=\"http:\/\/projetocineb.com.br\/wp-content\/uploads\/2017\/08\/DSC_0015.jpg\" alt=\"\" width=\"831\" height=\"552\" \/><\/a><figcaption id=\"caption-attachment-10162\" class=\"wp-caption-text\">Muitas fam\u00edlias participaram da sess\u00e3o.<\/figcaption><\/figure>\n<p>Professor Alberto, que trabalhou no Ita\u00fa por 25 anos, conta que a escola atende cerca de 980 alunos, divididos em ensino Fundamental e M\u00e9dio, nos per\u00edodos da manh\u00e3, tarde e noite. \u201cA regi\u00e3o \u00e9 carente e muitos pais de alunos nunca pisaram numa sala de cinema antes\u201d explica. \u201cPor isso \u00e9 muito bom receber o CineB\u201d, complementa. A diretora Maria Aparecida da Silva comemora a iniciativa: \u201cnesse bairro n\u00e3o tem nada cultural, nada de lazer, ent\u00e3o \u00e9 uma maneira de aproximar a comunidade da escola\u201d, finaliza.<\/p>\n<figure id=\"attachment_10163\" aria-describedby=\"caption-attachment-10163\" style=\"width: 825px\" class=\"wp-caption aligncenter\"><a href=\"http:\/\/projetocineb.com.br\/wp-content\/uploads\/2017\/08\/DSC_00201.jpg\"><img decoding=\"async\" class=\"size-full wp-image-10163\" title=\"DSC_0020\" src=\"http:\/\/projetocineb.com.br\/wp-content\/uploads\/2017\/08\/DSC_00201.jpg\" alt=\"\" width=\"825\" height=\"552\" \/><\/a><figcaption id=\"caption-attachment-10163\" class=\"wp-caption-text\">Moradores sorteados ganharam livros doados pela ONG Eh Aqui.<\/figcaption><\/figure>\n<p>O p\u00e1tio coberto virou rapidamente uma sala de cinema com 120 cadeiras, todas ocupadas a partir das 19 horas. Muitas fam\u00edlias e sobretudo crian\u00e7as e adolescentes se divertiram com o curta \u201cO Troco\u201d (2008), de Andr\u00e9 Rolim, exibido antes do longa-metragem.\u00a0J\u00e1 \u201cDom\u00e9stica\u201d agradou quem compareceu \u00e0 sess\u00e3o. Viviane Andrade, professora de educa\u00e7\u00e3o infantil, que estava acompanhada dos tr\u00eas filhos, explicou, depois da sess\u00e3o que empregada dom\u00e9stica \u00e9 um profiss\u00e3o diferente, porque n\u00e3o \u00e9 s\u00f3 o trabalho que conta. \u201cO carinho que ela tinha com a crian\u00e7a deficiente foi muito bonito, extrapola a quest\u00e3o do trabalho\u201d, comentou.<\/p>\n<figure id=\"attachment_10165\" aria-describedby=\"caption-attachment-10165\" style=\"width: 831px\" class=\"wp-caption aligncenter\"><a href=\"http:\/\/projetocineb.com.br\/wp-content\/uploads\/2017\/08\/DSC_0048.jpg\"><img loading=\"lazy\" decoding=\"async\" class=\"size-full wp-image-10165\" title=\"DSC_0048\" src=\"http:\/\/projetocineb.com.br\/wp-content\/uploads\/2017\/08\/DSC_0048.jpg\" alt=\"\" width=\"831\" height=\"538\" \/><\/a><figcaption id=\"caption-attachment-10165\" class=\"wp-caption-text\">Na abertura oficial da sess\u00e3o, professor Alberto, a diretora Maria Aparecida, o coordenador do Cine Cid\u00e1lio, Stefani e o professor Caio.<\/figcaption><\/figure>\n<p>O coordenador do CineB, Cid\u00e1lio Vieira Santos, homenageou com um brinde as duas empregadas dom\u00e9sticas que estavam na sess\u00e3o. Silvamara Dias dos Santos, explicou que \u00e9 diarista h\u00e1 quatro anos, mas j\u00e1 foi mensalista e auxiliar de servi\u00e7os gerais. Ela estava acompanha dos filhos e da netinha de tr\u00eas anos na sess\u00e3o e gostou muito do \u201cpresente\u201d do CineB. J\u00e1 Elizabeth Ribeiro Santos, f\u00e3 de document\u00e1rios, elogiou o projeto por levar ao bairro \u201cum filme que mostra como \u00e9 a vida das empregadas dom\u00e9sticas\u201d. Ela conta que trabalha h\u00e1 tr\u00eas anos e meio em uma casa, mas j\u00e1 foi diarista tamb\u00e9m.<\/p>\n<figure id=\"attachment_10166\" aria-describedby=\"caption-attachment-10166\" style=\"width: 831px\" class=\"wp-caption aligncenter\"><a href=\"http:\/\/projetocineb.com.br\/wp-content\/uploads\/2017\/08\/DSC_0077.jpg\"><img loading=\"lazy\" decoding=\"async\" class=\"size-full wp-image-10166\" title=\"DSC_0077\" src=\"http:\/\/projetocineb.com.br\/wp-content\/uploads\/2017\/08\/DSC_0077.jpg\" alt=\"\" width=\"831\" height=\"525\" \/><\/a><figcaption id=\"caption-attachment-10166\" class=\"wp-caption-text\">At\u00e9 a pr\u00f3xima sess\u00e3o!<\/figcaption><\/figure>\n<p>O CineB \u00e9 um circuito itinerante de cinema realizado pelo Sindicato dos Banc\u00e1rios de S\u00e3o Paulo, Osasco e Regi\u00e3o e pela Brazucah Produ\u00e7\u00f5es. Desde 2007, o j\u00e1 atingiu um p\u00fablico superior a 56 mil espectadores em mais de 430 sess\u00f5es gratuitas realizadas em comunidades de S\u00e3o Paulo. A iniciativa busca democratizar o acesso ao cinema nacional e divulgar os filmes produzidos no Brasil. Foram exibidos na tela do CineB mais de 100 longas-metragens e 69 curtas-metragens, al\u00e9m da realiza\u00e7\u00e3o de pr\u00e9-estreias exclusivas.<\/p>\n","protected":false},"excerpt":{"rendered":"<p>A EE Prof. Benedito Ferreira de Albuquerque, localizada em Parelheiros, Zona Sul da capital paulista recebeu, pela primeira vez, uma[&#8230;]<\/p>\n","protected":false},"author":2,"featured_media":10160,"comment_status":"open","ping_status":"open","sticky":false,"template":"","format":"standard","meta":[],"categories":[2,6],"tags":[154,180,181,237,252,406,438,566,791,874,926,1132,1147,1230],"_links":{"self":[{"href":"https:\/\/projetocineb.com.br\/index.php?rest_route=\/wp\/v2\/posts\/10159"}],"collection":[{"href":"https:\/\/projetocineb.com.br\/index.php?rest_route=\/wp\/v2\/posts"}],"about":[{"href":"https:\/\/projetocineb.com.br\/index.php?rest_route=\/wp\/v2\/types\/post"}],"author":[{"embeddable":true,"href":"https:\/\/projetocineb.com.br\/index.php?rest_route=\/wp\/v2\/users\/2"}],"replies":[{"embeddable":true,"href":"https:\/\/projetocineb.com.br\/index.php?rest_route=%2Fwp%2Fv2%2Fcomments&post=10159"}],"version-history":[{"count":0,"href":"https:\/\/projetocineb.com.br\/index.php?rest_route=\/wp\/v2\/posts\/10159\/revisions"}],"wp:featuredmedia":[{"embeddable":true,"href":"https:\/\/projetocineb.com.br\/index.php?rest_route=\/wp\/v2\/media\/10160"}],"wp:attachment":[{"href":"https:\/\/projetocineb.com.br\/index.php?rest_route=%2Fwp%2Fv2%2Fmedia&parent=10159"}],"wp:term":[{"taxonomy":"category","embeddable":true,"href":"https:\/\/projetocineb.com.br\/index.php?rest_route=%2Fwp%2Fv2%2Fcategories&post=10159"},{"taxonomy":"post_tag","embeddable":true,"href":"https:\/\/projetocineb.com.br\/index.php?rest_route=%2Fwp%2Fv2%2Ftags&post=10159"}],"curies":[{"name":"wp","href":"https:\/\/api.w.org\/{rel}","templated":true}]}}