{"id":10176,"date":"2017-09-05T16:11:29","date_gmt":"2017-09-05T19:11:29","guid":{"rendered":"http:\/\/projetocineb.com.br\/?p=10176"},"modified":"2017-09-05T16:11:29","modified_gmt":"2017-09-05T19:11:29","slug":"jardim-dos-alamos-na-rota-do-cineb","status":"publish","type":"post","link":"https:\/\/projetocineb.com.br\/?p=10176","title":{"rendered":"Jardim dos \u00c1lamos na rota do CineB"},"content":{"rendered":"<p><em>O CineB esteve no \u00faltimo s\u00e1bado, (2\/9), na EE Dr. M\u00e1rio Lopes Le\u00e3o, no Jardim dos \u00c1lamos, regi\u00e3o de Parelheiros, para exibir \u201cDom\u00e9stica\u201d, document\u00e1rio de Gabriel Mascaro. A sess\u00e3o contou com a participa\u00e7\u00e3o do ProBrasil Grupo de Dan\u00e7a.<\/em><\/p>\n<figure id=\"attachment_10178\" aria-describedby=\"caption-attachment-10178\" style=\"width: 831px\" class=\"wp-caption aligncenter\"><a href=\"http:\/\/projetocineb.com.br\/wp-content\/uploads\/2017\/09\/IMG_1360.jpg\"><img fetchpriority=\"high\" decoding=\"async\" class=\"size-full wp-image-10178\" title=\"IMG_1360\" src=\"http:\/\/projetocineb.com.br\/wp-content\/uploads\/2017\/09\/IMG_1360.jpg\" alt=\"\" width=\"831\" height=\"532\" \/><\/a><figcaption id=\"caption-attachment-10178\" class=\"wp-caption-text\">Antes do in\u00edcio da sess\u00e3o, apresenta\u00e7\u00e3o do grupo de dan\u00e7a da Associa\u00e7\u00e3o Pr\u00f3-Brasil.<\/figcaption><\/figure>\n<p>Desde o final de agosto, Parelheiros est\u00e1 na rota do CineB. A regi\u00e3o receber\u00e1 tr\u00eas sess\u00f5es seguidas do mais importante projeto de democratiza\u00e7\u00e3o do cinema brasileiro da cidade de S\u00e3o Paulo. Parelheiros \u00e9 uma das regi\u00f5es mais carentes da capital paulista quando o assunto \u00e9 arte e cultura. Por isso o CineB est\u00e1 sempre por l\u00e1. No \u00faltimo s\u00e1bado, (2\/9), aconteceu a segunda das tr\u00eas sess\u00f5es, dessa vez na Escola Estadual (EE) Dr. M\u00e1rio Lopes Le\u00e3o. Em cartaz, o document\u00e1rio \u201cDom\u00e9stica\u201d, que tem roteiro e dire\u00e7\u00e3o de Gabriel Mascaro. O filme, de 2012, \u00e9 um registro do cotidiano do trabalho dom\u00e9stico a partir do registro feito por sete adolescentes, que gravaram, por uma semana, empregadas dom\u00e9sticas de suas casas. Eles entregaram o material bruto para o diretor que montou um filme com essas imagens. Entre o choque da intimidade, as rela\u00e7\u00f5es de poder e a performance do cotidiano, o document\u00e1rio lan\u00e7a um olhar contempor\u00e2neo sobre o trabalho dom\u00e9stico no ambiente familiar e se transforma num potente ensaio sobre afeto e trabalho.<\/p>\n<figure id=\"attachment_10179\" aria-describedby=\"caption-attachment-10179\" style=\"width: 828px\" class=\"wp-caption aligncenter\"><a href=\"http:\/\/projetocineb.com.br\/wp-content\/uploads\/2017\/09\/IMG_1308.jpg\"><img decoding=\"async\" class=\"size-full wp-image-10179\" title=\"IMG_1308\" src=\"http:\/\/projetocineb.com.br\/wp-content\/uploads\/2017\/09\/IMG_1308.jpg\" alt=\"\" width=\"828\" height=\"552\" \/><\/a><figcaption id=\"caption-attachment-10179\" class=\"wp-caption-text\">Sorteio dos livros doados pela ONG Eh Aqui!<\/figcaption><\/figure>\n<p>A sess\u00e3o aconteceu na quadra coberta da escola. Antes da exibi\u00e7\u00e3o do filme, o Pr\u00f3Brasil Grupo de Dan\u00e7a, formado por alunos e ex-alunos da escola e comandado por Jack Correa, apresentou a coreografia <em>Xique Xique<\/em> (m\u00fasica de Tom Z\u00e9). O grupo existe h\u00e1 oito anos e foi criado pela Associa\u00e7\u00e3o Pr\u00f3-Brasil, uma entidade que atua na regi\u00e3o de Parelheiros e conta com uma unidade no Jardim dos \u00c1lamos conta Andressa Helfstein dos Santos, assistente administrativo no Centro para Crian\u00e7a e Adolescente (CCA) Jardim Fortes e estudante de letras. \u201cO grupo tem se apresentado na escola, por aqui no bairro, e em festivais fora. Dia 10, por exemplo, a gente vai para o Festival Bravos, que \u00e9 importante no mundo da dan\u00e7a. A gente conseguiu viagem, estadia, tudo de gra\u00e7a porque o grupo tem o que mostrar\u201d, festeja.<\/p>\n<figure id=\"attachment_10180\" aria-describedby=\"caption-attachment-10180\" style=\"width: 828px\" class=\"wp-caption aligncenter\"><a href=\"http:\/\/projetocineb.com.br\/wp-content\/uploads\/2017\/09\/IMG_1428.jpg\"><img decoding=\"async\" class=\"size-full wp-image-10180\" title=\"IMG_1428\" src=\"http:\/\/projetocineb.com.br\/wp-content\/uploads\/2017\/09\/IMG_1428.jpg\" alt=\"\" width=\"828\" height=\"552\" \/><\/a><figcaption id=\"caption-attachment-10180\" class=\"wp-caption-text\">O coordenador do CineB, Cid\u00e1lio, a diarista e massoterapeuta Maria Bueno e a vice-diretora Maria Em\u00edlia.<\/figcaption><\/figure>\n<p>A abertura oficial da sess\u00e3o contou com a presen\u00e7a da vice-diretora e coordenadora do projeto Escola da Fam\u00edlia, Maria Em\u00edlia Lopes. Ela conta que conheceu o CineB quando o um dos idealizadores do projeto, Luiz Cl\u00e1udio Marcolino, atual diretor da Confedera\u00e7\u00e3o dos Trabalhadores do Ramo Financeiro (Contraf), a convidou para acompanhar uma sess\u00e3o na EE Joaquim \u00c1lvares, na Barragem. \u201cFui coordenadora pedag\u00f3gica de l\u00e1 por um tempo. Eu conheci o projeto e gostei. Acabei voltando l\u00e1 outras duas vezes e agora trouxe a sess\u00e3o para c\u00e1\u201d, explica. Ela conta que os alunos conhecem pouco o cinema brasileiro. \u201cNossas crian\u00e7as e adolescentes crescem vendo filmes estrangeiros, ent\u00e3o \u00e9 uma oportunidade para conhecer nosssa cultura\u201d, analisa.<\/p>\n<figure id=\"attachment_10183\" aria-describedby=\"caption-attachment-10183\" style=\"width: 831px\" class=\"wp-caption aligncenter\"><a href=\"http:\/\/projetocineb.com.br\/wp-content\/uploads\/2017\/09\/IMG_13881.jpg\"><img loading=\"lazy\" decoding=\"async\" class=\"size-full wp-image-10183\" title=\"IMG_1388\" src=\"http:\/\/projetocineb.com.br\/wp-content\/uploads\/2017\/09\/IMG_13881.jpg\" alt=\"\" width=\"831\" height=\"547\" \/><\/a><figcaption id=\"caption-attachment-10183\" class=\"wp-caption-text\">Integrantes do grupo de dan\u00e7a que se apresentou na sess\u00e3o.<\/figcaption><\/figure>\n<p>Mesmo o friozinho de fim de inverno, t\u00edpico da regi\u00e3o de Parelheiros, n\u00e3o foi problema para os moradores. Ao final da sess\u00e3o, elogios e cr\u00edticas ao filme. Maria Bueno, que criou os tr\u00eas filhos trabalhando como empregada dom\u00e9stica, explicou que as empregadas retratadas no filme n\u00e3o representam o que ela entende pela profiss\u00e3o. \u201cQuando eu era dom\u00e9stica, minha patroa era bem r\u00edgida, n\u00e3o tinha toda essa liberdade n\u00e3o\u201d, comenta. Atualmente Maria \u00e9 massoterapeuta e trabalha apenas um dia por semana como diarista, \u201cpara ter um ganho fixo quando n\u00e3o faz massagens\u201d. Maria era a \u00fanica empregada dom\u00e9stica presente na sess\u00e3o e foi presenteada por um pano de prato especialmente confeccionado para a sess\u00e3o.<br \/>\nO CineB \u00e9 um circuito itinerante de cinema realizado pelo Sindicato dos Banc\u00e1rios de S\u00e3o Paulo, Osasco e Regi\u00e3o e pela Brazucah Produ\u00e7\u00f5es. Desde 2007, o j\u00e1 atingiu um p\u00fablico superior a 56 mil espectadores em mais de 430 sess\u00f5es gratuitas realizadas em comunidades de S\u00e3o Paulo. A iniciativa busca democratizar o acesso ao cinema nacional e divulgar os filmes produzidos no Brasil. Foram exibidos na tela do CineB mais de 100 longas-metragens e 69 curtas-metragens, al\u00e9m da realiza\u00e7\u00e3o de pr\u00e9-estreias exclusivas.<\/p>\n","protected":false},"excerpt":{"rendered":"<p>O CineB esteve no \u00faltimo s\u00e1bado, (2\/9), na EE Dr. M\u00e1rio Lopes Le\u00e3o, no Jardim dos \u00c1lamos, regi\u00e3o de Parelheiros,[&#8230;]<\/p>\n","protected":false},"author":2,"featured_media":10187,"comment_status":"open","ping_status":"open","sticky":false,"template":"","format":"standard","meta":[],"categories":[2,6],"tags":[237,252,406,428,566,794,1132],"_links":{"self":[{"href":"https:\/\/projetocineb.com.br\/index.php?rest_route=\/wp\/v2\/posts\/10176"}],"collection":[{"href":"https:\/\/projetocineb.com.br\/index.php?rest_route=\/wp\/v2\/posts"}],"about":[{"href":"https:\/\/projetocineb.com.br\/index.php?rest_route=\/wp\/v2\/types\/post"}],"author":[{"embeddable":true,"href":"https:\/\/projetocineb.com.br\/index.php?rest_route=\/wp\/v2\/users\/2"}],"replies":[{"embeddable":true,"href":"https:\/\/projetocineb.com.br\/index.php?rest_route=%2Fwp%2Fv2%2Fcomments&post=10176"}],"version-history":[{"count":0,"href":"https:\/\/projetocineb.com.br\/index.php?rest_route=\/wp\/v2\/posts\/10176\/revisions"}],"wp:featuredmedia":[{"embeddable":true,"href":"https:\/\/projetocineb.com.br\/index.php?rest_route=\/wp\/v2\/media\/10187"}],"wp:attachment":[{"href":"https:\/\/projetocineb.com.br\/index.php?rest_route=%2Fwp%2Fv2%2Fmedia&parent=10176"}],"wp:term":[{"taxonomy":"category","embeddable":true,"href":"https:\/\/projetocineb.com.br\/index.php?rest_route=%2Fwp%2Fv2%2Fcategories&post=10176"},{"taxonomy":"post_tag","embeddable":true,"href":"https:\/\/projetocineb.com.br\/index.php?rest_route=%2Fwp%2Fv2%2Ftags&post=10176"}],"curies":[{"name":"wp","href":"https:\/\/api.w.org\/{rel}","templated":true}]}}