{"id":10189,"date":"2017-09-18T19:23:22","date_gmt":"2017-09-18T22:23:22","guid":{"rendered":"http:\/\/projetocineb.com.br\/?p=10189"},"modified":"2017-09-18T19:23:22","modified_gmt":"2017-09-18T22:23:22","slug":"cineb-leva-debate-sobre-a-mulher-negra-na-unisantanna","status":"publish","type":"post","link":"https:\/\/projetocineb.com.br\/?p=10189","title":{"rendered":"CineB leva debate sobre a mulher negra na UniSant\u2019Anna"},"content":{"rendered":"<p><em>Ap\u00f3s a exibi\u00e7\u00e3o do document\u00e1rio \u201cNega Que \u00c9 Nega N\u00e3o Nega Ser Nega N\u00e3o!\u201d na \u00faltima quarta-feira, 13\/9, na UniSant\u2019Anna, Zona Norte de S\u00e3o Paulo, o CineB organizou debate com o diretor do filme e convidados<\/em>.<\/p>\n<p>Os alunos de pedagogia, geografia, hist\u00f3ria, educa\u00e7\u00e3o f\u00edsica e arquitetura da UniSant\u2019Anna, localizada na Zona Norte de S\u00e3o Paulo, participaram, na \u00faltima quarta-feira, 13\/9, de uma sess\u00e3o especial do CineB, que exibiu o document\u00e1rio \u201cNega Que \u00c9 Nega N\u00e3o Nega Ser Nega N\u00e3o!\u201d. Na sequ\u00eancia participaram de um debate F\u00e1bio Nunez, diretor do filme, Julio C\u00e9sar Silva Santos, diretor e coordenador do Coletivo de Combate ao Racismo do Sindicato dos Banc\u00e1rio de S\u00e3o Paulo, Osasco e Regi\u00e3o, a poetisa e ativista cultural Tula Pilar, Shirley Maia, integrante do Coletivo Dia de Nega e o professor Jonatas Silva, coordenador do curso de pedagogia da faculdade.<\/p>\n<figure id=\"attachment_10191\" aria-describedby=\"caption-attachment-10191\" style=\"width: 831px\" class=\"wp-caption aligncenter\"><a href=\"http:\/\/projetocineb.com.br\/?attachment_id=10191\" rel=\"attachment wp-att-10191\"><img fetchpriority=\"high\" decoding=\"async\" class=\"size-full wp-image-10191\" src=\"http:\/\/projetocineb.com.br\/wp-content\/uploads\/2017\/09\/DSC_0011.jpg\" alt=\"\" width=\"831\" height=\"552\" \/><\/a><figcaption id=\"caption-attachment-10191\" class=\"wp-caption-text\">Sess\u00e3o aconteceu no audit\u00f3rio da UniSant&#8217;Anna.<\/figcaption><\/figure>\n<p>\u201cNega Que \u00e9 Nega N\u00e3o Nega Ser Nega N\u00e3o!\u201d (2016) tem roteiro e dire\u00e7\u00e3o de F\u00e1bio Nunez. O filme, inspirado na m\u00fasica de mesmo nome do pr\u00f3prio F\u00e1bio Nunez e Jacson Matos, apresenta a pluralidade e a for\u00e7a do universo negro feminino. Mulheres de todos os segmentos sociais e profissionais, refer\u00eancia para futuras gera\u00e7\u00f5es e grandes exemplos de resist\u00eancia e luta contra os persistentes processos de machismo, racismo e exclus\u00e3o deram seus depoimentos sobre suas trajet\u00f3rias de vida, o pensam e como v\u00eaem os processos de exclus\u00e3o e racismo no Brasil.<\/p>\n<figure id=\"attachment_10195\" aria-describedby=\"caption-attachment-10195\" style=\"width: 831px\" class=\"wp-caption aligncenter\"><a href=\"http:\/\/projetocineb.com.br\/?attachment_id=10195\" rel=\"attachment wp-att-10195\"><img decoding=\"async\" class=\"size-full wp-image-10195\" src=\"http:\/\/projetocineb.com.br\/wp-content\/uploads\/2017\/09\/DSC_0044.jpg\" alt=\"\" width=\"831\" height=\"552\" \/><\/a><figcaption id=\"caption-attachment-10195\" class=\"wp-caption-text\">Na abertura da sess\u00e3o, fala de J\u00falio C\u00e9sar Silva Santos, coordenador do Coletivo de Combate ao Racismo do Sindicato dos Banc\u00e1rios. Ao lado, o coordenador do CineB, Cid\u00e1lio Vieira Santos e o diretor do filme, F\u00e1bio Nunez.<\/figcaption><\/figure>\n<p>Para Santos refletir, atrav\u00e9s do cinema, o quanto a sociedade brasileira \u00e9 racista \u00e9 de \u201cprimordial import\u00e2ncia. Ent\u00e3o, quando n\u00f3s trazemos para os bancos escolares um tema como esse, uma quest\u00e3o t\u00e3o emblem\u00e1tica de nossa sociedade, \u00e9 fundamental, para que n\u00f3s tenhamos cidad\u00e3os cada vez mais conscientes dos seus direitos e da necessidade da luta pela igualdade de oportunidades\u201d, comenta. No debate, Santos lembrou, ainda, do Senso da Diversidade na categoria banc\u00e1ria, feita em 2004 e 2014 e que aponta que apenas 2,77% dos banc\u00e1rios de todo o pa\u00eds s\u00e3o pretos e 18,04% s\u00e3o pardos. \u201cA democracia racial n\u00e3o existe, vivemos 129 de uma aboli\u00e7\u00e3o inacabada\u201d, comentou.<\/p>\n<figure id=\"attachment_10196\" aria-describedby=\"caption-attachment-10196\" style=\"width: 831px\" class=\"wp-caption aligncenter\"><a href=\"http:\/\/projetocineb.com.br\/?attachment_id=10196\" rel=\"attachment wp-att-10196\"><img decoding=\"async\" class=\"size-full wp-image-10196\" src=\"http:\/\/projetocineb.com.br\/wp-content\/uploads\/2017\/09\/DSC_0055.jpg\" alt=\"\" width=\"831\" height=\"552\" \/><\/a><figcaption id=\"caption-attachment-10196\" class=\"wp-caption-text\">Na mesa de debate, Tula Pilar (poetisa), F\u00e1bio Nunez (diretor), J\u00falio C\u00e9sar (Sindicato dos Banc\u00e1rios), Shirley Maia (Coletivo Dia de Nega) e Jonatas Silva (UniSant&#8217;Anna).<\/figcaption><\/figure>\n<p>Shirley, que aparece no filme e trabalha na ONG Grito dos Exclu\u00eddos, que atua na Funda\u00e7\u00e3o Casa, lembrou que o negro \u00e9 a principal v\u00edtima da viol\u00eancia nas cidades. \u201cOs meninos negros, de pela mais escura, s\u00e3o as maiores v\u00edtimas. Est\u00e3o sendo chacinados\u201d, revela. E continua: \u201cfalar disso [do racismo] no Brasil \u00e9 extremamente dif\u00edcil, porque as pessoas brasileiras se consideram n\u00e3o racista, porque acham que isso \u00e9 uma coisa que acabou em 1888 e n\u00e3o existe mais\u201d, finaliza.<\/p>\n<figure id=\"attachment_10197\" aria-describedby=\"caption-attachment-10197\" style=\"width: 831px\" class=\"wp-caption aligncenter\"><a href=\"http:\/\/projetocineb.com.br\/?attachment_id=10197\" rel=\"attachment wp-att-10197\"><img loading=\"lazy\" decoding=\"async\" class=\"size-full wp-image-10197\" src=\"http:\/\/projetocineb.com.br\/wp-content\/uploads\/2017\/09\/DSC_0087.jpg\" alt=\"\" width=\"831\" height=\"552\" \/><\/a><figcaption id=\"caption-attachment-10197\" class=\"wp-caption-text\">Tula l\u00ea poesia publicada no livro coletivo &#8220;Sarau do Binho&#8221;.<\/figcaption><\/figure>\n<p>O debate, mediado pelo coordenador do CineB, Cid\u00e1lio Vieira Santos, durou mais de uma hora e contou com a participa\u00e7\u00e3o de alunos e professores que questionaram sobre o ensino da cultura e hist\u00f3ria afro-brasileira nas escolas e as manifesta\u00e7\u00f5es culturais de matriz africana.<\/p>\n<figure id=\"attachment_10198\" aria-describedby=\"caption-attachment-10198\" style=\"width: 831px\" class=\"wp-caption aligncenter\"><a href=\"http:\/\/projetocineb.com.br\/?attachment_id=10198\" rel=\"attachment wp-att-10198\"><img loading=\"lazy\" decoding=\"async\" class=\"size-full wp-image-10198\" src=\"http:\/\/projetocineb.com.br\/wp-content\/uploads\/2017\/09\/DSC_0115.jpg\" alt=\"\" width=\"831\" height=\"552\" \/><\/a><figcaption id=\"caption-attachment-10198\" class=\"wp-caption-text\">Participa\u00e7\u00e3o dos alunos no debate.<\/figcaption><\/figure>\n<p>Rodrigo Dias de Paiva, estudante de pedagogia achou a iniciativa \u201cfenomenal\u201d. \u201cSou artista, m\u00fasico, capoeirista, vivo da cultura popular brasileira, sou um disseminador da cultura negra e acho que mais lugares precisam praticar isso, porque eu vejo que tem uma escassez de relex\u00e3o sobre isso&#8221;, apontou.<br \/>\nPara a professora Suzana Soz, diretora acad\u00eamica-pedag\u00f3gica da faculdade, \u201ca discuss\u00e3o que o CineB traz sempre continua nas salas de aula e corrobora com nossas disciplinas. Foi \u00f3timo porque o debate traz na pr\u00e1tica aquilo que a gente discutte na teoria\u201d, destaca.<\/p>\n<figure id=\"attachment_10194\" aria-describedby=\"caption-attachment-10194\" style=\"width: 831px\" class=\"wp-caption aligncenter\"><a href=\"http:\/\/projetocineb.com.br\/?attachment_id=10194\" rel=\"attachment wp-att-10194\"><img loading=\"lazy\" decoding=\"async\" class=\"size-full wp-image-10194\" src=\"http:\/\/projetocineb.com.br\/wp-content\/uploads\/2017\/09\/DSC_0149.jpg\" alt=\"\" width=\"831\" height=\"552\" \/><\/a><figcaption id=\"caption-attachment-10194\" class=\"wp-caption-text\">Jonatas Silva, coordenador do curso de pedagogia foi o organizador da sess\u00e3o na universidade.<\/figcaption><\/figure>\n<p>O professor Jonatas, respons\u00e1vel por organizar a atividade na universidade elogiou a iniciativa do Cine B e do diretor do filme, \u201cque acreditou em um sonho e com seus pr\u00f3prios recursos, fez um trabalho espetacular\u201d. Para ele, o debate \u201cfaz refletir sobre o papel da mulher negra na sociedade, assim como o racismo e preconceito com toda a minoria\u201d, finaliza.<\/p>\n<figure id=\"attachment_10193\" aria-describedby=\"caption-attachment-10193\" style=\"width: 831px\" class=\"wp-caption aligncenter\"><a href=\"http:\/\/projetocineb.com.br\/?attachment_id=10193\" rel=\"attachment wp-att-10193\"><img loading=\"lazy\" decoding=\"async\" class=\"size-full wp-image-10193\" src=\"http:\/\/projetocineb.com.br\/wp-content\/uploads\/2017\/09\/DSC_0151.jpg\" alt=\"\" width=\"831\" height=\"538\" \/><\/a><figcaption id=\"caption-attachment-10193\" class=\"wp-caption-text\">At\u00e9 a pr\u00f3xima sess\u00e3o!<\/figcaption><\/figure>\n<p>O CineB \u00e9 um circuito itinerante de cinema realizado pelo Sindicato dos Banc\u00e1rios de S\u00e3o Paulo, Osasco e Regi\u00e3o e pela Brazucah Produ\u00e7\u00f5es. Desde 2007, o j\u00e1 atingiu um p\u00fablico superior a 60 mil espectadores em mais de 450 sess\u00f5es gratuitas realizadas em comunidades de S\u00e3o Paulo. A iniciativa busca democratizar o acesso ao cinema nacional e divulgar os filmes produzidos no Brasil. Foram exibidos na tela do CineB mais de 100 longas-metragens e 69 curtas-metragens, al\u00e9m da realiza\u00e7\u00e3o de pr\u00e9-estreias exclusivas.<\/p>\n","protected":false},"excerpt":{"rendered":"<p>Ap\u00f3s a exibi\u00e7\u00e3o do document\u00e1rio \u201cNega Que \u00c9 Nega N\u00e3o Nega Ser Nega N\u00e3o!\u201d na \u00faltima quarta-feira, 13\/9, na UniSant\u2019Anna,[&#8230;]<\/p>\n","protected":false},"author":2,"featured_media":10190,"comment_status":"open","ping_status":"open","sticky":false,"template":"","format":"standard","meta":[],"categories":[2,6],"tags":[237,252,503,704,715,844,1118,1132,1175,1196],"_links":{"self":[{"href":"https:\/\/projetocineb.com.br\/index.php?rest_route=\/wp\/v2\/posts\/10189"}],"collection":[{"href":"https:\/\/projetocineb.com.br\/index.php?rest_route=\/wp\/v2\/posts"}],"about":[{"href":"https:\/\/projetocineb.com.br\/index.php?rest_route=\/wp\/v2\/types\/post"}],"author":[{"embeddable":true,"href":"https:\/\/projetocineb.com.br\/index.php?rest_route=\/wp\/v2\/users\/2"}],"replies":[{"embeddable":true,"href":"https:\/\/projetocineb.com.br\/index.php?rest_route=%2Fwp%2Fv2%2Fcomments&post=10189"}],"version-history":[{"count":0,"href":"https:\/\/projetocineb.com.br\/index.php?rest_route=\/wp\/v2\/posts\/10189\/revisions"}],"wp:featuredmedia":[{"embeddable":true,"href":"https:\/\/projetocineb.com.br\/index.php?rest_route=\/wp\/v2\/media\/10190"}],"wp:attachment":[{"href":"https:\/\/projetocineb.com.br\/index.php?rest_route=%2Fwp%2Fv2%2Fmedia&parent=10189"}],"wp:term":[{"taxonomy":"category","embeddable":true,"href":"https:\/\/projetocineb.com.br\/index.php?rest_route=%2Fwp%2Fv2%2Fcategories&post=10189"},{"taxonomy":"post_tag","embeddable":true,"href":"https:\/\/projetocineb.com.br\/index.php?rest_route=%2Fwp%2Fv2%2Ftags&post=10189"}],"curies":[{"name":"wp","href":"https:\/\/api.w.org\/{rel}","templated":true}]}}