{"id":10204,"date":"2017-09-18T20:02:21","date_gmt":"2017-09-18T23:02:21","guid":{"rendered":"http:\/\/projetocineb.com.br\/?p=10204"},"modified":"2017-09-18T20:02:21","modified_gmt":"2017-09-18T23:02:21","slug":"vargem-grande-recebe-domestica","status":"publish","type":"post","link":"https:\/\/projetocineb.com.br\/?p=10204","title":{"rendered":"Vargem Grande recebe \u201cDom\u00e9stica\u201d"},"content":{"rendered":"<p><em>Um dos bairros mais populosos e carentes da cidade de S\u00e3o Paulo, Vargem Grande, localizado na regi\u00e3o de Parelheiros, Zona Sul, recebeu, no \u00faltimo s\u00e1bado, 16\/9 o projeto CineB para conferir \u201cDom\u00e9stica\u201d, document\u00e1rio de Gabriel Mascaro.<\/em><\/p>\n<p>Vargem Grande \u00e9 um bairro da regi\u00e3o de Parelheiros, Zona Sul de S\u00e3o Paulo, que fica dentro de uma cratera, uma das seis que existem no Brasil, criada por impacto de um meteoro h\u00e1 mais de 5 milh\u00f5es de anos. Ali, as ruas s\u00e3o, na sua maioria, de terra e seus 70 mil habitantes t\u00eam acesso a poucos servi\u00e7os p\u00fablicos. Uma UBS, duas escolas municipais, tr\u00eas escolas estaduais e um posto policial s\u00e3o tudo que o bairro possui, mesmo tendo uma popula\u00e7\u00e3o maior que Tatuap\u00e9 possui. E parte deles, constru\u00eddo pelos pr\u00f3prios moradores. Nenhum banco ou ag\u00eancia de correio at\u00e9 agora. E nenhum servi\u00e7o de cultura.<\/p>\n<figure id=\"attachment_10206\" aria-describedby=\"caption-attachment-10206\" style=\"width: 831px\" class=\"wp-caption aligncenter\"><a href=\"http:\/\/projetocineb.com.br\/?attachment_id=10206\" rel=\"attachment wp-att-10206\"><img fetchpriority=\"high\" decoding=\"async\" class=\"size-full wp-image-10206\" src=\"http:\/\/projetocineb.com.br\/wp-content\/uploads\/2017\/09\/DSC_0022.jpg\" alt=\"\" width=\"831\" height=\"552\" \/><\/a><figcaption id=\"caption-attachment-10206\" class=\"wp-caption-text\">O p\u00fablico adora a pipoca do CineB.<\/figcaption><\/figure>\n<p>O bairro tem um povo batalhador que acorda cedo, muito cedo, e sa\u00ed para trabalhar com o in\u00edcio do funcionamento das linhas de transporte coletivo, \u00e0s 3h30 e retorna, invariavelmente, por volta das 22-23h. Um \u201cbairro-dormit\u00f3rio\u201d, segundo seus moradores. Foi ali na rua Arueira, 39, num grande sal\u00e3o comercial cedido pelo Seu Luis, um comerciante local apaixonado pelo bairro, que o CineB esteve pela quarta vez com a mesma estrutura de um cinema.<br \/>\nO pedido da sess\u00e3o foi feito por Francesca Andrade Gomes, assistente social e funcion\u00e1ria da Secretaria de Sa\u00fade da Prefeitura de S\u00e3o Paulo, que conhece o CineB desde sua cria\u00e7\u00e3o, h\u00e1 dez anos e articulou o espa\u00e7o e mobilizou a comunidade. Ela conta que o Sindicato dos Banc\u00e1rios de S\u00e3o Paulo, Osasco e Regi\u00e3o \u00e9 um grande parceiro das lutas da comunidade na regi\u00e3o. \u201cO primeiro servi\u00e7o banc\u00e1rio da regi\u00e3o de Parelheiros surgiu atrav\u00e9s da Bancredi e do Sindicato dos Banc\u00e1rios. A partir da\u00ed que veio o Bradesco do centro de Parelheiros e depois o Banco do Brasil\u201d, explica.<\/p>\n<figure id=\"attachment_10210\" aria-describedby=\"caption-attachment-10210\" style=\"width: 831px\" class=\"wp-caption aligncenter\"><a href=\"http:\/\/projetocineb.com.br\/?attachment_id=10210\" rel=\"attachment wp-att-10210\"><img decoding=\"async\" class=\"size-full wp-image-10210\" src=\"http:\/\/projetocineb.com.br\/wp-content\/uploads\/2017\/09\/DSC_0021.jpg\" alt=\"\" width=\"831\" height=\"552\" \/><\/a><figcaption id=\"caption-attachment-10210\" class=\"wp-caption-text\">Sempre unidos, os cinco amigos foram conferir a sess\u00e3o do CineB.<\/figcaption><\/figure>\n<p>Francesca lembra que o CineB j\u00e1 realizou quatro sess\u00f5es em Vargem Grande. A primeira delas aconteceu em 2010 no Olhar Local Capacita\u00e7\u00e3o, espa\u00e7o criado por meio de parceria entre o Sindicato dos Banc\u00e1rios, Bancredi e Funda\u00e7\u00e3o do Banco do Brasil. As outras duas sess\u00f5es aconteceram na Escola Municipal de Ensino Fundamental (EMEF) Vargem Grande e na Escola Estadual (EE) Condom\u00ednio Vargem Grande II.<\/p>\n<figure id=\"attachment_10211\" aria-describedby=\"caption-attachment-10211\" style=\"width: 831px\" class=\"wp-caption aligncenter\"><a href=\"http:\/\/projetocineb.com.br\/?attachment_id=10211\" rel=\"attachment wp-att-10211\"><img decoding=\"async\" class=\"size-full wp-image-10211\" src=\"http:\/\/projetocineb.com.br\/wp-content\/uploads\/2017\/09\/DSC_0049.jpg\" alt=\"\" width=\"831\" height=\"552\" \/><\/a><figcaption id=\"caption-attachment-10211\" class=\"wp-caption-text\">Maria Cleonice Fernandes Maia (Cleo), Cid\u00e1lio Vieira Santos, coordenador do CineB e Francesca Andrade Gomes.<\/figcaption><\/figure>\n<p>Foi a quarta exibi\u00e7\u00e3o do document\u00e1rio \u201cDom\u00e9stica\u201d, de Gabriel Mascaro. O filme, de 2012, \u00e9 um registro do cotidiano do trabalho dom\u00e9stico a partir do registro feito por sete adolescentes, que gravaram, por uma semana, empregadas dom\u00e9sticas de suas casas. Eles entregaram o material bruto para o diretor que montou um filme com essas imagens. Entre o choque da intimidade, as rela\u00e7\u00f5es de poder e a performance do cotidiano, o document\u00e1rio lan\u00e7a um olhar contempor\u00e2neo sobre o trabalho dom\u00e9stico no ambiente familiar e se transforma num potente ensaio sobre afeto e trabalho.\u00a0Antes do longa, foi exibido o premiado curta-metragem \u201cO Troco\u201d, de Andr\u00e9 Rolim, que trata com humor um situa\u00e7\u00e3o em que os usu\u00e1rios d\u00e3o \u201co troco\u201d em uma empresa de servi\u00e7o de telemarketing.<\/p>\n<figure id=\"attachment_10212\" aria-describedby=\"caption-attachment-10212\" style=\"width: 831px\" class=\"wp-caption aligncenter\"><a href=\"http:\/\/projetocineb.com.br\/?attachment_id=10212\" rel=\"attachment wp-att-10212\"><img loading=\"lazy\" decoding=\"async\" class=\"size-full wp-image-10212\" src=\"http:\/\/projetocineb.com.br\/wp-content\/uploads\/2017\/09\/DSC_0062.jpg\" alt=\"\" width=\"831\" height=\"530\" \/><\/a><figcaption id=\"caption-attachment-10212\" class=\"wp-caption-text\">Dom\u00e9sticas na vida real, moradoras foram presenteadas com pano de prato do CineB.<\/figcaption><\/figure>\n<p>Ao final da sess\u00e3o, o p\u00fablico elogiou o projeto e o document\u00e1rio. A aposentada Josefa Damiana Ribeiro, moradora de Vargem Grande h\u00e1 26 anos, \u201cachou legal\u201d a sess\u00e3o. Ela lembra que foi por um per\u00edodo empregada dom\u00e9stica e trabalhou em v\u00e1rias casas. Depois foi secret\u00e1ria de dentista. \u201cN\u00e3o \u00e9 bom ser dom\u00e9stica. Tem que se virar em mil, limpar, cozinhar, lavar e passar. \u00c9 cansativo\u201d, lembra. Para ela a \u201crealidade \u00e9 um pouco diferente do filme quando elas falam que parecem ser membros das fam\u00edlias que trabalham, mas n\u00e3o \u00e9 bem assim, sempre tem a separa\u00e7\u00e3o, cada um no seu canto\u201d, recorda.<\/p>\n<p><a href=\"http:\/\/projetocineb.com.br\/?attachment_id=10209\" rel=\"attachment wp-att-10209\"><img loading=\"lazy\" decoding=\"async\" class=\"aligncenter size-full wp-image-10209\" src=\"http:\/\/projetocineb.com.br\/wp-content\/uploads\/2017\/09\/DSC_0090.jpg\" alt=\"\" width=\"831\" height=\"538\" \/><\/a><br \/>\nA fam\u00edlia Carneiro estava em grande n\u00famero na sess\u00e3o: sete pessoas. Josu\u00e9 Carneiro, que \u00e9 pastor em Vargem Grande explica que a regi\u00e3o \u00e9 carente de cultura, por isso trouxe a fam\u00edlia toda. \u201cN\u00e3o conhecia o projeto, mas todos n\u00f3s gostamos. N\u00e3o tinha essa vis\u00e3o da empregada dom\u00e9stica. O filme fortalece esse lado profissional, d\u00e1 valor\u201d, complementa.<\/p>\n<figure id=\"attachment_10205\" aria-describedby=\"caption-attachment-10205\" style=\"width: 831px\" class=\"wp-caption aligncenter\"><a href=\"http:\/\/projetocineb.com.br\/?attachment_id=10205\" rel=\"attachment wp-att-10205\"><img loading=\"lazy\" decoding=\"async\" class=\"size-full wp-image-10205\" src=\"http:\/\/projetocineb.com.br\/wp-content\/uploads\/2017\/09\/DSC_0096.jpg\" alt=\"\" width=\"831\" height=\"533\" \/><\/a><figcaption id=\"caption-attachment-10205\" class=\"wp-caption-text\">At\u00e9 a pr\u00f3xima sess\u00e3o!<\/figcaption><\/figure>\n<p>O CineB \u00e9 um circuito itinerante de cinema realizado pelo Sindicato dos Banc\u00e1rios de S\u00e3o Paulo, Osasco e Regi\u00e3o e pela Brazucah Produ\u00e7\u00f5es. Desde 2007, o j\u00e1 atingiu um p\u00fablico superior a 60 mil espectadores em mais de 450 sess\u00f5es gratuitas realizadas em comunidades de S\u00e3o Paulo. A iniciativa busca democratizar o acesso ao cinema nacional e divulgar os filmes produzidos no Brasil. Foram exibidos na tela do CineB mais de 100 longas-metragens e 69 curtas-metragens, al\u00e9m da realiza\u00e7\u00e3o de pr\u00e9-estreias exclusivas.<\/p>\n","protected":false},"excerpt":{"rendered":"<p>Um dos bairros mais populosos e carentes da cidade de S\u00e3o Paulo, Vargem Grande, localizado na regi\u00e3o de Parelheiros, Zona[&#8230;]<\/p>\n","protected":false},"author":2,"featured_media":10208,"comment_status":"open","ping_status":"open","sticky":false,"template":"","format":"standard","meta":[],"categories":[2,6],"tags":[76,237,252,406,556,566,874,1132,1207],"_links":{"self":[{"href":"https:\/\/projetocineb.com.br\/index.php?rest_route=\/wp\/v2\/posts\/10204"}],"collection":[{"href":"https:\/\/projetocineb.com.br\/index.php?rest_route=\/wp\/v2\/posts"}],"about":[{"href":"https:\/\/projetocineb.com.br\/index.php?rest_route=\/wp\/v2\/types\/post"}],"author":[{"embeddable":true,"href":"https:\/\/projetocineb.com.br\/index.php?rest_route=\/wp\/v2\/users\/2"}],"replies":[{"embeddable":true,"href":"https:\/\/projetocineb.com.br\/index.php?rest_route=%2Fwp%2Fv2%2Fcomments&post=10204"}],"version-history":[{"count":0,"href":"https:\/\/projetocineb.com.br\/index.php?rest_route=\/wp\/v2\/posts\/10204\/revisions"}],"wp:featuredmedia":[{"embeddable":true,"href":"https:\/\/projetocineb.com.br\/index.php?rest_route=\/wp\/v2\/media\/10208"}],"wp:attachment":[{"href":"https:\/\/projetocineb.com.br\/index.php?rest_route=%2Fwp%2Fv2%2Fmedia&parent=10204"}],"wp:term":[{"taxonomy":"category","embeddable":true,"href":"https:\/\/projetocineb.com.br\/index.php?rest_route=%2Fwp%2Fv2%2Fcategories&post=10204"},{"taxonomy":"post_tag","embeddable":true,"href":"https:\/\/projetocineb.com.br\/index.php?rest_route=%2Fwp%2Fv2%2Ftags&post=10204"}],"curies":[{"name":"wp","href":"https:\/\/api.w.org\/{rel}","templated":true}]}}