{"id":10221,"date":"2017-09-21T12:32:27","date_gmt":"2017-09-21T15:32:27","guid":{"rendered":"http:\/\/projetocineb.com.br\/?p=10221"},"modified":"2017-09-21T12:32:27","modified_gmt":"2017-09-21T15:32:27","slug":"magal-e-tema-de-novo-filme-no-cineb","status":"publish","type":"post","link":"https:\/\/projetocineb.com.br\/?p=10221","title":{"rendered":"Magal \u00e9 tema de novo filme no CineB"},"content":{"rendered":"<p><em>Estreia nesta quinta-feira, 21\/9, a temporada de um novo filme no CineB. \u201cMagal e os Formigas\u201d, de Newton Cannito, traz no elenco o \u00edcone da m\u00fasica brega dos anos 1980 e ser\u00e1 exibido em seis sess\u00f5es do projeto. O diretor participar\u00e1 da primeira, na ONG Juntos, Zona Leste.<\/em><\/p>\n<p>Quem nunca ouvir falar em Sidney Magal? O cantor e dan\u00e7arino fez hist\u00f3ria na televis\u00e3o brasileira nos anos 1980, presen\u00e7a constante dos programas de audit\u00f3rio levando suas interpreta\u00e7\u00f5es de m\u00fasicas como \u201cSandra Rosa Madalena, a Cigana\u201d, \u201cMeu Sangue Ferve por Voc\u00ea\u201d e \u201cTenho\u201d, entre outros sucessos. Depois se tornou \u00edcone nos revivals e festas tem\u00e1ticas a partir dos primeiros anos deste s\u00e9culo.<\/p>\n<p>Essa figura quase mitol\u00f3gica da cultura popular brasileira ganhou, em 2016, as telas com o filme de \u201cMagal e os Formigas\u201d. A com\u00e9dia, escrita e dirigida por Newton Cannito, roteirista da premiada s\u00e9rie \u201c9mm\u201d exibida na Fox Brasil, conta a hist\u00f3ria de um aposentado que est\u00e1 aborrecido com a vida e reclama o tempo todo de seu trabalho. Viciado em loterias, ele est\u00e1 afundado em depress\u00e3o e n\u00e3o v\u00ea esperan\u00e7a. At\u00e9 que, ap\u00f3s um del\u00edrio, ele come\u00e7a a receber visitas do cantor Sidney Magal. Assustado com o fen\u00f4meno sobrenatural recorrente, ele ir\u00e1 aprender, com o bom humor da apari\u00e7\u00e3o, os jeitos de viver sempre o lado bom da vida. Al\u00e9m de Magal, integram o elenco Norival Rizzo e Mel Lisboa.<\/p>\n<p>O diretor Cannito participar\u00e1 da exibi\u00e7\u00e3o de estreia do filme, nesta quinta-feira, 21\/9, na ONG Juntos, Jardim Bras\u00edlia, Zona Leste de S\u00e3o Paulo. Confira todas as sess\u00f5es que exibir\u00e3o \u201cMagal e os Formigas\u201d. Informa\u00e7\u00f5es: producaocineb@brazucah.com.br.<\/p>\n<p><strong>SERVI\u00c7O<\/strong><br \/>\n<strong>CINEMA BRASILEIRO NO JD.\u00a0BRAS\u00cdLIA<\/strong><br \/>\n<strong>FILME:<\/strong> Magal e os Formigas<br \/>\n<strong>DIA:<\/strong>\u00a0\u00a021\u00a0de setembro, quinta-feira, 19h<br \/>\n<strong>LOCAL:<\/strong> ONG Juntos<br \/>\n<strong>ENDERE\u00c7O:<\/strong>\u00a0Rua C\u00e2nfora, 90\u00a0\u2013 Jardim\u00a0Bras\u00edlia, S\u00e3o Paulo<br \/>\n<strong>CONVITES:<\/strong>\u00a0Na ONG, com Douglas ou Sr. Humberto<\/p>\n<p><strong>CINEMA BRASILEIRO NO JD PAULISTANO<\/strong><br \/>\n<strong>FILME:<\/strong> Magal e os Formigas<br \/>\n<strong>DIA:<\/strong> 23\u00a0de setembro, s\u00e1bado, 19h<br \/>\n<strong>LOCAL:<\/strong> Quadra Esportiva da Mina<br \/>\n<strong>ENDERE\u00c7O:<\/strong> Rua da Mina, 12 \u2013 Vila Nova Esperan\u00e7a, S\u00e3o Paulo<br \/>\n<strong>CONVITES:<\/strong>\u00a0Rua Nicar\u00e1gua, 24, Bispo Evan Belkior<\/p>\n<p><strong>CINEMA BRASILEIRO NA \u00c1GUA FUNDA<\/strong><br \/>\n<strong>FILME:<\/strong> Magal e os Formigas<br \/>\n<strong>DIA:\u00a0<\/strong>\u00a024\u00a0de setembro, domingo, 19h<br \/>\n<strong>LOCAL:<\/strong> Igreja Santo Afonso<br \/>\n<strong>ENDERE\u00c7O:<\/strong>\u00a0Rua Manuel Pires 201 \u2013 \u00c1gua Funda<br \/>\n<strong>CONVITES :<\/strong>\u00a0na secretaria da igreja<\/p>\n<p><strong>CINEMA BRASILEIRO NO JAGUAR\u00c9<\/strong><br \/>\n<strong>FILME:<\/strong> Magal e os Formigas<br \/>\n<strong>DIA:<\/strong> 28\u00a0de setembro, quinta-feira, 19h<br \/>\n<strong>LOCAL:<\/strong>\u00a0Sal\u00e3o da Par\u00f3quia S\u00e3o Jos\u00e9 do Jaguar\u00e9<br \/>\n<strong>ENDERE\u00c7O:\u00a0<\/strong>Rua Bartolomeu de Ribeira,\u00a033\u00a0\u2013\u00a0Jaguar\u00e9, S\u00e3o Paulo<br \/>\n<strong>CONVITES:<\/strong>\u00a0Na secretaria da igreja com Neusa<\/p>\n<p><strong>CINEMA BRASILEIRO EM COTIA<\/strong><br \/>\n<strong>FILME:<\/strong> Magal e os Formigas<br \/>\n<strong>DIA:<\/strong>\u00a0\u00a030\u00a0de setembro, s\u00e1bado, 19h<br \/>\n<strong>LOCAL:<\/strong> Quadra da\u00a0Escola Estadual Rep\u00fablica da Costa Rica<br \/>\n<strong>ENDERE\u00c7O:<\/strong>\u00a0Estrada \u00c1gua Espraiada, 450 &#8211; Nhambuca, Cotia<br \/>\n<strong>CONVITES:<\/strong>\u00a0Na secretaria da escola<\/p>\n<p><strong>CINEMA BRASILEIRO NO RIO PEQUENO<\/strong><br \/>\n<strong>FILME:<\/strong> Magal e os Formigas<br \/>\n<strong>DIA:\u00a0<\/strong>7 de outubro, s\u00e1bado, 19h<br \/>\n<strong>LOCAL:<\/strong> Sal\u00e3o Social da Capela Natividade do Senhor<br \/>\n<strong>ENDERE\u00c7O:<\/strong>\u00a0R. \u00c1lvaro Os\u00f3rio de Almeida, 171 \u2013 Vila Universit\u00e1ria, S\u00e3o Paulo<br \/>\n<strong>CONVITES:<\/strong>\u00a0na secretaria da igreja<\/p>\n","protected":false},"excerpt":{"rendered":"<p>Estreia nesta quinta-feira, 21\/9, a temporada de um novo filme no CineB. \u201cMagal e os Formigas\u201d, de Newton Cannito, traz[&#8230;]<\/p>\n","protected":false},"author":2,"featured_media":10222,"comment_status":"open","ping_status":"open","sticky":false,"template":"","format":"standard","meta":[],"categories":[2,6],"tags":[50,176,252,337,441,623,692,776,809,849,852,887,937,1064,1120,1132],"_links":{"self":[{"href":"https:\/\/projetocineb.com.br\/index.php?rest_route=\/wp\/v2\/posts\/10221"}],"collection":[{"href":"https:\/\/projetocineb.com.br\/index.php?rest_route=\/wp\/v2\/posts"}],"about":[{"href":"https:\/\/projetocineb.com.br\/index.php?rest_route=\/wp\/v2\/types\/post"}],"author":[{"embeddable":true,"href":"https:\/\/projetocineb.com.br\/index.php?rest_route=\/wp\/v2\/users\/2"}],"replies":[{"embeddable":true,"href":"https:\/\/projetocineb.com.br\/index.php?rest_route=%2Fwp%2Fv2%2Fcomments&post=10221"}],"version-history":[{"count":0,"href":"https:\/\/projetocineb.com.br\/index.php?rest_route=\/wp\/v2\/posts\/10221\/revisions"}],"wp:featuredmedia":[{"embeddable":true,"href":"https:\/\/projetocineb.com.br\/index.php?rest_route=\/wp\/v2\/media\/10222"}],"wp:attachment":[{"href":"https:\/\/projetocineb.com.br\/index.php?rest_route=%2Fwp%2Fv2%2Fmedia&parent=10221"}],"wp:term":[{"taxonomy":"category","embeddable":true,"href":"https:\/\/projetocineb.com.br\/index.php?rest_route=%2Fwp%2Fv2%2Fcategories&post=10221"},{"taxonomy":"post_tag","embeddable":true,"href":"https:\/\/projetocineb.com.br\/index.php?rest_route=%2Fwp%2Fv2%2Ftags&post=10221"}],"curies":[{"name":"wp","href":"https:\/\/api.w.org\/{rel}","templated":true}]}}