{"id":1043,"date":"2010-07-25T22:32:48","date_gmt":"2010-07-26T01:32:48","guid":{"rendered":"http:\/\/projetocineb.com.br\/?p=1043"},"modified":"2010-07-25T22:32:48","modified_gmt":"2010-07-26T01:32:48","slug":"itapecerica-da-serra","status":"publish","type":"post","link":"https:\/\/projetocineb.com.br\/?p=1043","title":{"rendered":"ITAPECERICA DA SERRA"},"content":{"rendered":"<p><em>Fotos de Vivian Szelpal<\/em><\/p>\n<p>E l\u00e1 fomos n\u00f3s, para o alto, em Itapecerica da Serra, com mais uma divertida exibi\u00e7\u00e3o do Cine B, realizado pelo Sindicato dos Banc\u00e1rios de S\u00e3o Paulo, Osasco e Regi\u00e3o, em parceria com a Brazucah Produ\u00e7\u00f5es.<\/p>\n<p><span style=\"color: #ff6600;\">\u201cAcreditamos no Sindicato cidad\u00e3o, que leva cultura e informa\u00e7\u00e3o para toda a popula\u00e7\u00e3o\u201d, disse Marquinhos Rog\u00e9rio Lerois, assessor do Sindicato dos Banc\u00e1rios. \u201cQuem ia saber que um cearense como o Helder tinha feito um curta-metragem t\u00e3o criativo e engra\u00e7ado como este\u201d, disse Cynthia Alario, da Brazucah Produ\u00e7\u00f5es, na abertura do evento<\/span>.<\/p>\n<figure id=\"attachment_1053\" aria-describedby=\"caption-attachment-1053\" style=\"width: 384px\" class=\"wp-caption aligncenter\"><a href=\"http:\/\/projetocineb.com.br\/wp-content\/uploads\/2010\/07\/itapecer09.jpg\"><img fetchpriority=\"high\" decoding=\"async\" class=\"size-full wp-image-1053  \" title=\"Na abertura do Cine B em Itapecerica da Serra, Marquinhos do Sindicato dos Banc\u00e1rios ao microfone, ao lado de Cynthia Alario da Brazucah Produ\u00e7\u00f5es, Gilberto da Pastoral F\u00e9 e Pol\u00edtica e Cid\u00e1lio Vieira Santos da Brazucah Produ\u00e7\u00f5es\" src=\"http:\/\/projetocineb.com.br\/wp-content\/uploads\/2010\/07\/itapecer09.jpg\" alt=\"Na abertura do Cine B em Itapecerica da Serra, Marquinhos do Sindicato dos Banc\u00e1rios ao microfone, ao lado de Cynthia Alario da Brazucah Produ\u00e7\u00f5es, Gilberto da Pastoral F\u00e9 e Pol\u00edtica e Cid\u00e1lio Vieira Santos da Brazucah Produ\u00e7\u00f5es\" width=\"384\" height=\"255\" \/><\/a><figcaption id=\"caption-attachment-1053\" class=\"wp-caption-text\">Na abertura do Cine B em Itapecerica da Serra, Marquinhos do Sindicato dos Banc\u00e1rios ao microfone, ao lado de Cynthia Alario da Brazucah Produ\u00e7\u00f5es, Gilberto Morais da Pastoral F\u00e9 e Pol\u00edtica e Cid\u00e1lio Vieira Santos da Brazucah Produ\u00e7\u00f5es<\/figcaption><\/figure>\n<p><span style=\"color: #ff6600;\">Pela quarta vez o Cine B visita Itapecerica da Serra(tr\u00eas vezes no Jardim Jacira, uma vez no CineTeatro da Prefeitura do Munic\u00edpio e agora no Parque Para\u00edso)<\/span>, mas essa foi a primeira vez que o evento aconteceu no sal\u00e3o da Par\u00f3quia Maria M\u00e3e dos Caminhantes. <span style=\"color: #ff6600;\">\u201c\u00c9 bom ver como est\u00e1 cheio hoje aqui, assim garantimos a volta deste projeto em nossa comunidade\u201d, disse Gilberto Morais, coordenador da Pastoral F\u00e9 e Pol\u00edtica, e quem fez contato com o Sindicato para a realiza\u00e7\u00e3o desta exibi\u00e7\u00e3o<\/span>.<\/p>\n<p>\u201cNossa cidade ainda \u00e9 carente de cultura, o \u00fanico cinema que t\u00ednhamos foi desativado, ent\u00e3o muita gente n\u00e3o vai ao cinema\u201d, disse Gilberto. Segundo ele, os cinemas mais pr\u00f3ximos da popula\u00e7\u00e3o ficam nos munic\u00edpios vizinhos, Tabo\u00e3o ou Embu.<\/p>\n<p><span style=\"color: #ff6600;\">Agradecemos ao Padre Odair<\/span>, que esteve presente e disse ter gostado muito do projeto, pelo espa\u00e7o que nos concedeu.<\/p>\n<figure id=\"attachment_1046\" aria-describedby=\"caption-attachment-1046\" style=\"width: 384px\" class=\"wp-caption aligncenter\"><a href=\"http:\/\/projetocineb.com.br\/wp-content\/uploads\/2010\/07\/itapecer02.jpg\"><img decoding=\"async\" class=\"size-full wp-image-1046  \" title=\"Cid\u00e1lio da Brazucah, com Padre Odair e Gilberto Morais da Pastoral F\u00e9 e Pol\u00edtica\" src=\"http:\/\/projetocineb.com.br\/wp-content\/uploads\/2010\/07\/itapecer02.jpg\" alt=\"Cid\u00e1lio da Brazucah, com Padre Odair e Gilberto Morais da Pastoral F\u00e9 e Pol\u00edtica\" width=\"384\" height=\"255\" \/><\/a><figcaption id=\"caption-attachment-1046\" class=\"wp-caption-text\">Cid\u00e1lio da Brazucah, com Padre Odair e Madalena Salmeir\u00e3o, Fl\u00e1vio Adilson Guedes e Gilberto Morais da Pastoral F\u00e9 e Pol\u00edtica<\/figcaption><\/figure>\n<h2><span style=\"color: #008000;\">DEBATE POL\u00cdTICO<\/span><\/h2>\n<p>Em \u00e9poca de elei\u00e7\u00e3o, qualquer a\u00e7\u00e3o que se fa\u00e7a pode parecer propaganda pol\u00edtica. Mas sem querer fazer propaganda, \u00e9 sempre bom alertar a todos sobre as escolhas que logo teremos que fazer, para elegermos os pr\u00f3ximos homens e mulheres que governar\u00e3o este Pa\u00eds por quatro longos anos.<\/p>\n<p>Por isso, \u00e0s vezes, \u00e9 bom ouvir as crian\u00e7as. Vit\u00f3ria Salmeir\u00e3o Guedes, de apenas 8 anos, ainda n\u00e3o vota, mas j\u00e1 sabe cobrar seus direitos. Numa reuni\u00e3o do prefeito da cidade com a popula\u00e7\u00e3o, ela foi uma das dez pessoas que fizeram perguntas ao prefeito. S\u00f3 que de uma forma bem exigente. \u201cEla disse ao prefeito, eu quero saber quando o senhor vai comprar o material do posto de atendimento que fui l\u00e1 com a minha av\u00f3 e tava faltando um monte de coisas\u201d, disse Fl\u00e1vio Adilson Guedes, pai da menina. \u201cS\u00f3 que ele enrolou na pergunta, ela perguntou de novo quando, e ele enrolou e ela de novo, mas quando?\u201d, disse Fl\u00e1vio, rindo.<\/p>\n<p>Ah, e sem propaganda de clube de futebol, a pequena Vit\u00f3ria \u00e9 corintiana. \u201cE sou daquelas bem fan\u00e1ticas\u201d, disse a garotinha.<\/p>\n<h2><span style=\"color: #008000;\">CLICKS<\/span><\/h2>\n<figure id=\"attachment_1048\" aria-describedby=\"caption-attachment-1048\" style=\"width: 384px\" class=\"wp-caption aligncenter\"><a href=\"http:\/\/projetocineb.com.br\/wp-content\/uploads\/2010\/07\/itapecer04.jpg\"><img decoding=\"async\" class=\"size-full wp-image-1048  \" title=\"\u201cQuando o Corinthians perde um gol ele fica bravo\u201d, disse Fl\u00e1via da Silva Pereira de 12 anos, sobre seu pai, Jos\u00e9 Antonio Pereira\" src=\"http:\/\/projetocineb.com.br\/wp-content\/uploads\/2010\/07\/itapecer04.jpg\" alt=\"\u201cQuando o Corinthians perde um gol ele fica bravo\u201d, disse Fl\u00e1via da Silva Pereira de 12 anos, sobre seu pai, Jos\u00e9 Antonio Pereira\" width=\"384\" height=\"255\" \/><\/a><figcaption id=\"caption-attachment-1048\" class=\"wp-caption-text\">\u201cQuando o Corinthians perde um gol ele fica bravo\u201d, disse Fl\u00e1via da Silva Pereira de 12 anos, sobre seu pai, Jos\u00e9 Antonio Pereira<\/figcaption><\/figure>\n<figure id=\"attachment_1059\" aria-describedby=\"caption-attachment-1059\" style=\"width: 372px\" class=\"wp-caption aligncenter\"><a href=\"http:\/\/projetocineb.com.br\/wp-content\/uploads\/2010\/07\/itapecer15.jpg\"><img loading=\"lazy\" decoding=\"async\" class=\"size-full wp-image-1059 \" title=\"\u201cEu sou palmeirense e adorei o filme\u201d, disse a dona Generosa Alves da Silva, nascida em 1916\" src=\"http:\/\/projetocineb.com.br\/wp-content\/uploads\/2010\/07\/itapecer15.jpg\" alt=\"\u201cEu sou palmeirense e adorei o filme\u201d, disse a dona Generosa Alves da Silva, nascida em 1916\" width=\"372\" height=\"560\" \/><\/a><figcaption id=\"caption-attachment-1059\" class=\"wp-caption-text\">\u201cEu sou palmeirense e adorei o filme\u201d, disse a dona Generosa Alves da Silva, nascida em 1916<\/figcaption><\/figure>\n<figure id=\"attachment_1049\" aria-describedby=\"caption-attachment-1049\" style=\"width: 384px\" class=\"wp-caption aligncenter\"><a href=\"http:\/\/projetocineb.com.br\/wp-content\/uploads\/2010\/07\/itapecer05.jpg\"><img loading=\"lazy\" decoding=\"async\" class=\"size-full wp-image-1049  \" title=\"Julia Batista Marques, Wilson Barra Branco, de 14 anos, uma palmeirense e um s\u00e3opaulino\" src=\"http:\/\/projetocineb.com.br\/wp-content\/uploads\/2010\/07\/itapecer05.jpg\" alt=\"Julia Batista Marques, Wilson Barra Branco, de 14 anos, uma palmeirense e um s\u00e3opaulino\" width=\"384\" height=\"255\" \/><\/a><figcaption id=\"caption-attachment-1049\" class=\"wp-caption-text\">Julia Batista Marques, Wilson Barra Branco, de 14 anos, uma palmeirense e um s\u00e3opaulino<\/figcaption><\/figure>\n<figure id=\"attachment_1051\" aria-describedby=\"caption-attachment-1051\" style=\"width: 384px\" class=\"wp-caption aligncenter\"><a href=\"http:\/\/projetocineb.com.br\/wp-content\/uploads\/2010\/07\/itapecer07.jpg\"><img loading=\"lazy\" decoding=\"async\" class=\"size-full wp-image-1051  \" title=\"\u201cFazemos parte da Pastoral e viemos aqui para ajudar e trazer mais gente\u201d, disse Silvia Aparecida do Nascimento, Ana Caroline do Nascimento de 15 anos, Isis Furtado de Almeida, 11\" src=\"http:\/\/projetocineb.com.br\/wp-content\/uploads\/2010\/07\/itapecer07.jpg\" alt=\"\u201cFazemos parte da Pastoral e viemos aqui para ajudar e trazer mais gente\u201d, disse Silvia Aparecida do Nascimento, Ana Caroline do Nascimento de 15 anos, Isis Furtado de Almeida, 11\" width=\"384\" height=\"255\" \/><\/a><figcaption id=\"caption-attachment-1051\" class=\"wp-caption-text\">\u201cFazemos parte da Pastoral e viemos aqui para ajudar e trazer mais gente\u201d, disse Silvia Aparecida do Nascimento, Ana Caroline do Nascimento de 15 anos, Isis Furtado de Almeida, 11<\/figcaption><\/figure>\n<figure id=\"attachment_1061\" aria-describedby=\"caption-attachment-1061\" style=\"width: 384px\" class=\"wp-caption aligncenter\"><a href=\"http:\/\/projetocineb.com.br\/wp-content\/uploads\/2010\/07\/itapecer17.jpg\"><img loading=\"lazy\" decoding=\"async\" class=\"size-full wp-image-1061  \" title=\"Valmir Antonio Rodrigues e Larissa dos Santos Rodrigues, corintianos em peso na \u00e1rea, Leandro Nunes da Silva torcedor do S\u00e3o Paulo e Marcelo da Silva Oliveira, que torce pelo Verd\u00e3o\" src=\"http:\/\/projetocineb.com.br\/wp-content\/uploads\/2010\/07\/itapecer17.jpg\" alt=\"Valmir Antonio Rodrigues e Larissa dos Santos Rodrigues, corintianos em peso na \u00e1rea, Leandro Nunes da Silva torcedor do S\u00e3o Paulo e Marcelo da Silva Oliveira, que torce pelo Verd\u00e3o\" width=\"384\" height=\"255\" \/><\/a><figcaption id=\"caption-attachment-1061\" class=\"wp-caption-text\">Valmir Antonio Rodrigues e Larissa dos Santos Rodrigues, corintianos em peso na \u00e1rea, Leandro Nunes da Silva torcedor do S\u00e3o Paulo e Marcelo da Silva Oliveira, que torce pelo Verd\u00e3o<\/figcaption><\/figure>\n<figure id=\"attachment_1050\" aria-describedby=\"caption-attachment-1050\" style=\"width: 384px\" class=\"wp-caption aligncenter\"><a href=\"http:\/\/projetocineb.com.br\/wp-content\/uploads\/2010\/07\/itapecer06.jpg\"><img loading=\"lazy\" decoding=\"async\" class=\"size-full wp-image-1050  \" title=\"Quem passava na rua via que acontecia ali mais um Cine B\" src=\"http:\/\/projetocineb.com.br\/wp-content\/uploads\/2010\/07\/itapecer06.jpg\" alt=\"Quem passava na rua via que acontecia ali mais um Cine B\" width=\"384\" height=\"255\" \/><\/a><figcaption id=\"caption-attachment-1050\" class=\"wp-caption-text\">Quem passava na rua via que acontecia ali mais um Cine B<\/figcaption><\/figure>\n<figure id=\"attachment_1052\" aria-describedby=\"caption-attachment-1052\" style=\"width: 384px\" class=\"wp-caption aligncenter\"><a href=\"http:\/\/projetocineb.com.br\/wp-content\/uploads\/2010\/07\/itapecer08.jpg\"><img loading=\"lazy\" decoding=\"async\" class=\"size-full wp-image-1052  \" title=\"Edna Maciel Guedes com os filhos Guilherme de 18 e Gustavo de 13\" src=\"http:\/\/projetocineb.com.br\/wp-content\/uploads\/2010\/07\/itapecer08.jpg\" alt=\"Edna Maciel Guedes com os filhos Guilherme de 18 e Gustavo de 13\" width=\"384\" height=\"255\" \/><\/a><figcaption id=\"caption-attachment-1052\" class=\"wp-caption-text\">Edna Maciel Guedes com os filhos Guilherme de 18 e Gustavo de 13, que indicam para todos assistirem ao filme Saneamento B\u00e1sico, de Jorge Furtado<\/figcaption><\/figure>\n<figure id=\"attachment_1054\" aria-describedby=\"caption-attachment-1054\" style=\"width: 384px\" class=\"wp-caption aligncenter\"><a href=\"http:\/\/projetocineb.com.br\/wp-content\/uploads\/2010\/07\/itapecer10.jpg\"><img loading=\"lazy\" decoding=\"async\" class=\"size-full wp-image-1054  \" title=\"O p\u00fablico aguardou tranquilamente o in\u00edcio da exibi\u00e7\u00e3o\" src=\"http:\/\/projetocineb.com.br\/wp-content\/uploads\/2010\/07\/itapecer10.jpg\" alt=\"O p\u00fablico aguardou tranquilamente o in\u00edcio da exibi\u00e7\u00e3o\" width=\"384\" height=\"255\" \/><\/a><figcaption id=\"caption-attachment-1054\" class=\"wp-caption-text\">O p\u00fablico aguardou tranquilamente o in\u00edcio da exibi\u00e7\u00e3o<\/figcaption><\/figure>\n<figure id=\"attachment_1055\" aria-describedby=\"caption-attachment-1055\" style=\"width: 384px\" class=\"wp-caption aligncenter\"><a href=\"http:\/\/projetocineb.com.br\/wp-content\/uploads\/2010\/07\/itapecer11.jpg\"><img loading=\"lazy\" decoding=\"async\" class=\"size-full wp-image-1055  \" title=\"Quando come\u00e7ou a exibi\u00e7\u00e3o o povo riu at\u00e9 dizer chega! rss\" src=\"http:\/\/projetocineb.com.br\/wp-content\/uploads\/2010\/07\/itapecer11.jpg\" alt=\"Quando come\u00e7ou a exibi\u00e7\u00e3o o povo riu at\u00e9 dizer chega! rss\" width=\"384\" height=\"255\" \/><\/a><figcaption id=\"caption-attachment-1055\" class=\"wp-caption-text\">Quando come\u00e7ou a exibi\u00e7\u00e3o o povo riu at\u00e9 dizer chega! rss<\/figcaption><\/figure>\n<figure id=\"attachment_1056\" aria-describedby=\"caption-attachment-1056\" style=\"width: 384px\" class=\"wp-caption aligncenter\"><a href=\"http:\/\/projetocineb.com.br\/wp-content\/uploads\/2010\/07\/itapecer12.jpg\"><img loading=\"lazy\" decoding=\"async\" class=\"size-full wp-image-1056  \" title=\"Somos nozes que mandamos no Cine B rss: Thiago Tognozzi escrevendo, Vivian Szelpal, Cynthia Alario da Brazucah Produ\u00e7\u00f5es, Cid\u00e1lio que dispensa apresenta\u00e7\u00f5es, Ram\u00f3n que operou os equipamentos nesta exibi\u00e7\u00e3o e, claro, o seu Ant\u00f4nio\" src=\"http:\/\/projetocineb.com.br\/wp-content\/uploads\/2010\/07\/itapecer12.jpg\" alt=\"Somos nozes que mandamos no Cine B rss: Thiago Tognozzi escrevendo, Vivian Szelpal, Cynthia Alario da Brazucah Produ\u00e7\u00f5es, Cid\u00e1lio que dispensa apresenta\u00e7\u00f5es, Ram\u00f3n que operou os equipamentos nesta exibi\u00e7\u00e3o e, claro, o seu Ant\u00f4nio\" width=\"384\" height=\"255\" \/><\/a><figcaption id=\"caption-attachment-1056\" class=\"wp-caption-text\">Somos nozes que mandamos no Cine B rss: Thiago Tognozzi escrevendo aqui no blog, Vivian Szelpal assitente de produ\u00e7\u00e3o, Cynthia Alario da Brazucah Produ\u00e7\u00f5es, Cid\u00e1lio V. Santos coordenador do Cine B, Ram\u00f3n que operou os equipamentos de \u00e1udio e v\u00eddeo nesta exibi\u00e7\u00e3o e, claro, o seu Ant\u00f4nio, o artista da pipoca do Cine B<\/figcaption><\/figure>\n<figure id=\"attachment_1057\" aria-describedby=\"caption-attachment-1057\" style=\"width: 384px\" class=\"wp-caption aligncenter\"><a href=\"http:\/\/projetocineb.com.br\/wp-content\/uploads\/2010\/07\/itapecer13.jpg\"><img loading=\"lazy\" decoding=\"async\" class=\"size-full wp-image-1057  \" title=\"As crian\u00e7as felizes com os brindes e filmes do Cine B em Itapecerica da Serra\" src=\"http:\/\/projetocineb.com.br\/wp-content\/uploads\/2010\/07\/itapecer13.jpg\" alt=\"As crian\u00e7as felizes com os brindes e filmes do Cine B em Itapecerica da Serra\" width=\"384\" height=\"255\" \/><\/a><figcaption id=\"caption-attachment-1057\" class=\"wp-caption-text\">As crian\u00e7as felizes com os brindes e filmes do Cine B em Itapecerica da Serra<\/figcaption><\/figure>\n<figure id=\"attachment_1060\" aria-describedby=\"caption-attachment-1060\" style=\"width: 384px\" class=\"wp-caption aligncenter\"><a href=\"http:\/\/projetocineb.com.br\/wp-content\/uploads\/2010\/07\/itapecer16.jpg\"><img loading=\"lazy\" decoding=\"async\" class=\"size-full wp-image-1060  \" title=\"Os mais grandinhos e sortudos da noite ;)\" src=\"http:\/\/projetocineb.com.br\/wp-content\/uploads\/2010\/07\/itapecer16.jpg\" alt=\"Os mais grandinhos e sortudos da noite ;)\" width=\"384\" height=\"255\" \/><\/a><figcaption id=\"caption-attachment-1060\" class=\"wp-caption-text\">Os mais grandinhos e sortudos da noite \ud83d\ude09<\/figcaption><\/figure>\n","protected":false},"excerpt":{"rendered":"<p>Fotos de Vivian Szelpal E l\u00e1 fomos n\u00f3s, para o alto, em Itapecerica da Serra, com mais uma divertida exibi\u00e7\u00e3o[&#8230;]<\/p>\n","protected":false},"author":2,"featured_media":0,"comment_status":"open","ping_status":"open","sticky":false,"template":"","format":"standard","meta":[],"categories":[2],"tags":[154,242,263,266,593,653,706,856,859,1086,1132],"_links":{"self":[{"href":"https:\/\/projetocineb.com.br\/index.php?rest_route=\/wp\/v2\/posts\/1043"}],"collection":[{"href":"https:\/\/projetocineb.com.br\/index.php?rest_route=\/wp\/v2\/posts"}],"about":[{"href":"https:\/\/projetocineb.com.br\/index.php?rest_route=\/wp\/v2\/types\/post"}],"author":[{"embeddable":true,"href":"https:\/\/projetocineb.com.br\/index.php?rest_route=\/wp\/v2\/users\/2"}],"replies":[{"embeddable":true,"href":"https:\/\/projetocineb.com.br\/index.php?rest_route=%2Fwp%2Fv2%2Fcomments&post=1043"}],"version-history":[{"count":0,"href":"https:\/\/projetocineb.com.br\/index.php?rest_route=\/wp\/v2\/posts\/1043\/revisions"}],"wp:attachment":[{"href":"https:\/\/projetocineb.com.br\/index.php?rest_route=%2Fwp%2Fv2%2Fmedia&parent=1043"}],"wp:term":[{"taxonomy":"category","embeddable":true,"href":"https:\/\/projetocineb.com.br\/index.php?rest_route=%2Fwp%2Fv2%2Fcategories&post=1043"},{"taxonomy":"post_tag","embeddable":true,"href":"https:\/\/projetocineb.com.br\/index.php?rest_route=%2Fwp%2Fv2%2Ftags&post=1043"}],"curies":[{"name":"wp","href":"https:\/\/api.w.org\/{rel}","templated":true}]}}