{"id":10458,"date":"2017-10-24T10:41:27","date_gmt":"2017-10-24T12:41:27","guid":{"rendered":"http:\/\/projetocineb.com.br\/?p=10458"},"modified":"2017-10-24T10:41:27","modified_gmt":"2017-10-24T12:41:27","slug":"dia-27-tem-pre-estreia","status":"publish","type":"post","link":"https:\/\/projetocineb.com.br\/?p=10458","title":{"rendered":"Dia 27 tem pr\u00e9-estreia"},"content":{"rendered":"<p><em>Na pr\u00f3xima sexta-feira, 27\/10, o CineB faz a pr\u00e9-estreia do document\u00e1rio \u201cVila Jata\u00ed &#8211; Antiga Vila do Sapo\u201d, de Riba de Castro. A sess\u00e3o acontece na pr\u00f3pria Vila Jata\u00ed, Zona Oeste da capital.<\/em><\/p>\n<p>O CineB realiza mais uma pr\u00e9-estreia na pr\u00f3xima sexta-feira, 27\/10. O document\u00e1rio \u201cVila Jata\u00ed &#8211; Antiga Vila do Sapo\u201d, de Riba de Castro, faz sua primeira exibi\u00e7\u00e3o p\u00fablica no Galp\u00e3o do Russ\u00e3o, na Vila Jata\u00ed, regi\u00e3o da Vila Madalena, na Zona Oeste de S\u00e3o Paulo. O document\u00e1rio mostra dois momentos na hist\u00f3ria da Vila Jata\u00ed, bairro localizado entre as vilas Ida e Beatriz, na zona oeste da cidade de S\u00e3o Paulo.<br \/>\nOs antigos moradores, que chegaram no final da d\u00e9cada de 1940, in\u00edcio dos 1950, falam das dificuldades da \u00e9poca, de morar em uma regi\u00e3o de mangue, mais conhecida como Vila do Sapo, sem nenhuma infraestrutura. Os novos moradores, depois de conhecer a hist\u00f3ria do nascimento da vila Jata\u00ed, comparam velho e novo bairro e falam de seus projetos, de sua luta para manter a identidade do bairro.<\/p>\n<p><strong>SERVI\u00c7O<\/strong><br \/>\n<strong>CINEMA BRASILEIRO NA VILA JATA\u00cd<\/strong><br \/>\n<strong>FILME: VILA JATA\u00cd \u2013 ANTIGA VILA DO SAPO<\/strong><br \/>\n<strong>DIA: 27 DE OUTUBRO | SEXTA-FEIRA | 19h<\/strong><br \/>\n<strong>LOCAL:<\/strong> Galp\u00e3o do Russ\u00e3o<br \/>\n<strong>ENDERE\u00c7O:<\/strong> Rua Caminha de Amorim esquina com Sebasti\u00e3o Rodrigues<br \/>\n<strong>CONVITES:<\/strong> Pizzaria Dona Rosa (Rua Caminha de Amorim, 242)\u00a0e Boteco K1(Rua Caminha de Amorim, 409)<br \/>\n<strong>INFORMA\u00c7\u00d5ES:<\/strong>\u00a0producaocineb@brazucah.com.br<\/p>\n","protected":false},"excerpt":{"rendered":"<p>Na pr\u00f3xima sexta-feira, 27\/10, o CineB faz a pr\u00e9-estreia do document\u00e1rio \u201cVila Jata\u00ed &#8211; Antiga Vila do Sapo\u201d, de Riba[&#8230;]<\/p>\n","protected":false},"author":3,"featured_media":10463,"comment_status":"open","ping_status":"open","sticky":false,"template":"","format":"standard","meta":[],"categories":[2,6],"tags":[154,252,897,1058,1132,1222],"_links":{"self":[{"href":"https:\/\/projetocineb.com.br\/index.php?rest_route=\/wp\/v2\/posts\/10458"}],"collection":[{"href":"https:\/\/projetocineb.com.br\/index.php?rest_route=\/wp\/v2\/posts"}],"about":[{"href":"https:\/\/projetocineb.com.br\/index.php?rest_route=\/wp\/v2\/types\/post"}],"author":[{"embeddable":true,"href":"https:\/\/projetocineb.com.br\/index.php?rest_route=\/wp\/v2\/users\/3"}],"replies":[{"embeddable":true,"href":"https:\/\/projetocineb.com.br\/index.php?rest_route=%2Fwp%2Fv2%2Fcomments&post=10458"}],"version-history":[{"count":0,"href":"https:\/\/projetocineb.com.br\/index.php?rest_route=\/wp\/v2\/posts\/10458\/revisions"}],"wp:featuredmedia":[{"embeddable":true,"href":"https:\/\/projetocineb.com.br\/index.php?rest_route=\/wp\/v2\/media\/10463"}],"wp:attachment":[{"href":"https:\/\/projetocineb.com.br\/index.php?rest_route=%2Fwp%2Fv2%2Fmedia&parent=10458"}],"wp:term":[{"taxonomy":"category","embeddable":true,"href":"https:\/\/projetocineb.com.br\/index.php?rest_route=%2Fwp%2Fv2%2Fcategories&post=10458"},{"taxonomy":"post_tag","embeddable":true,"href":"https:\/\/projetocineb.com.br\/index.php?rest_route=%2Fwp%2Fv2%2Ftags&post=10458"}],"curies":[{"name":"wp","href":"https:\/\/api.w.org\/{rel}","templated":true}]}}