{"id":10467,"date":"2017-11-04T22:41:44","date_gmt":"2017-11-05T00:41:44","guid":{"rendered":"http:\/\/projetocineb.com.br\/?p=10467"},"modified":"2017-11-04T22:41:44","modified_gmt":"2017-11-05T00:41:44","slug":"tapete-vermelhovolta-a-ser-exibido","status":"publish","type":"post","link":"https:\/\/projetocineb.com.br\/?p=10467","title":{"rendered":"\u201cTapete Vermelho\u201d volta a ser exibido"},"content":{"rendered":"<p class=\"MsoPlainText\" style=\"text-align: justify; text-justify: inter-ideograph;\" align=\"justify\"><i><span style=\"font-family: Calibri;\">CineB esteve pela primeira vez, na \u00faltima quinta-feira,\u00a0 26\/10, no<\/span><\/i><i><span style=\"font-family: Calibri;\">\u00a0NCI Juntos com Arte e Vida, Vila Rio Branco, Zona Leste de SP,<\/span><\/i><i><span style=\"font-family: Calibri;\">\u00a0para exibir uma sess\u00e3o do longa \u201cTapete vermelho\u201d, de Luis Alberto Pereira. Este filme <\/span><\/i><i><span style=\"font-family: Calibri;\">foi o\u00a0 primeiro a ser exibido pelo Projeto h\u00e1 dez anos atr\u00e1s. <\/span><\/i><i><\/i><\/p>\n<p class=\"MsoPlainText\" style=\"text-align: justify; text-justify: inter-ideograph;\" align=\"justify\"><i><span style=\"font-family: Calibri;\">O NCI \u00e9 um N\u00facleo que faz um trabalho com idosos para promover o Envelhecimento Ativo e Saud\u00e1vel, por meio de atividades f\u00edsicas, sociais, cognitivas e art\u00edsticas.\u00a0<\/span><\/i><i><\/i><i><span style=\"font-family: Calibri;\">Ana Paula , coordenadora da entidade, junto com a equipe , organizaram a sess\u00e3o e declararam que o CINEB, superou as expectativas, tanto em n\u00famero de pessoas (aproximadamente 175 pessoas) como na qualidade do atendimento oferecido; configurando um encontro Cultural e intergeracional. O filme \u201cTAPETE VERMELHO\u201d foi uma escolha extremamente pertinente e agradou ao p\u00fablico em geral , contemplando as varia\u00e7\u00f5es de faixa et\u00e1ria. Em suma o evento foi um sucesso!<\/span><\/i><i><\/i><\/p>\n<p align=\"justify\"><a href=\"http:\/\/projetocineb.com.br\/wp-content\/uploads\/2017\/11\/VlRioBranco_26OUT2017-6.jpg\"><img fetchpriority=\"high\" decoding=\"async\" class=\"alignnone size-full wp-image-10505\" src=\"http:\/\/projetocineb.com.br\/wp-content\/uploads\/2017\/11\/VlRioBranco_26OUT2017-6.jpg\" alt=\"\" width=\"1040\" height=\"585\" \/><\/a><\/p>\n<p class=\"MsoNormal\" style=\"text-align: justify; text-justify: inter-ideograph;\" align=\"justify\"><i><span style=\"font-family: Calibri;\">A sess\u00e3o foi aberta pelo grupo de Idosas do NCI Juntos com Arte e Vida, com a Dan\u00e7a Art\u00edstica , coordenado pela professora Val\u00e9ria.\u00a0<\/span><\/i><i><\/i><i><span style=\"font-family: Calibri;\">Na abertura foi exibido um depoimento do diretor do filme Luiz Alberto Pereira que falou sobre o filme ,\u00a0 e enviou abra\u00e7o para o p\u00fablico e parabenizou CineB pelos 10 anos.<\/span><\/i><i><\/i><\/p>\n<p align=\"justify\"><a href=\"http:\/\/projetocineb.com.br\/wp-content\/uploads\/2017\/11\/VlRioBranco_26OUT2017-3.jpg\"><img decoding=\"async\" class=\"alignnone size-full wp-image-10506\" src=\"http:\/\/projetocineb.com.br\/wp-content\/uploads\/2017\/11\/VlRioBranco_26OUT2017-3.jpg\" alt=\"\" width=\"1152\" height=\"648\" \/><\/a><\/p>\n<p class=\"MsoNormal\" style=\"text-align: justify; text-justify: inter-ideograph;\" align=\"justify\"><i><span style=\"font-family: Calibri;\">A hist\u00f3ria \u00e9 uma homenagem ao caipira brasileiro. Com as perip\u00e9cias de Quinzinho (Matheus Nachtergaele) que mora em uma ro\u00e7a bem distante de qualquer cidade grande. Decidido a cumprir uma promessa, ele resolve levar seu filho Neco (Vin\u00edcius Miranda), de 9 anos, para assistir a um filme estrelado por Mazzaropi em uma sala de cinema, assim como fez seu pai quando era garoto. Desejando cumprir a promessa a qualquer custo, Quinzinho, sua esposa Zulmira (Gorete Milagres), Neco e o burro Policarpo viajam pelas cidades em busca de um cinema que possa exibir o filme. \u00c9 divers\u00e3o foi certa.<\/span><\/i><i><\/i><\/p>\n<p class=\"MsoNormal\" style=\"text-align: justify; text-justify: inter-ideograph;\" align=\"justify\"><i><span style=\"font-family: Calibri;\">Depoimentos: <\/span><\/i><i><\/i><\/p>\n<p class=\"MsoNormal\" style=\"text-align: justify; text-justify: inter-ideograph;\" align=\"justify\"><i><span style=\"font-family: Calibri;\">\u201cA sess\u00e3o foi maravilhosa. Precisam voltar mais vezes!\u201d <\/span><\/i><b><i><span style=\"font-family: Calibri;\">Maria Elena Macedo (75 anos)<\/span><\/i><\/b><b><i><\/i><\/b><\/p>\n<p class=\"MsoNormal\" style=\"text-align: justify; text-justify: inter-ideograph;\" align=\"justify\"><i><span style=\"font-family: Calibri;\">\u201cAdorei, me diverti muito, ri muito. Esse filme foia a primeira vez que vi, mas assisiti v\u00e1rios filmes do Mazzaropi, e esse mencionou muito o nome dele!\u201d<\/span><\/i><b><i><span style=\"font-family: Calibri;\">Maria Concei\u00e7\u00e3o Spadafora de Lucena (60 anos)<\/span><\/i><\/b><b><i><\/i><\/b><\/p>\n<p class=\"MsoNormal\" style=\"text-align: justify; text-justify: inter-ideograph;\" align=\"justify\"><i><span style=\"font-family: Calibri;\">\u201cGostei de tudo! As minhas netas querem vir de novo. Ter um cinema de gra\u00e7a j\u00e1 \u00e9 motivo de agradecer a Deus.\u201d Izaura Tutumi <\/span><\/i><b><i><span style=\"font-family: Calibri;\">(87 anos)<\/span><\/i><\/b><i><\/i><\/p>\n<p class=\"MsoNormal\" style=\"text-align: justify; text-justify: inter-ideograph;\" align=\"justify\"><i><span style=\"font-family: Calibri;\">O CineB \u00e9 um circuito itinerante de cinema realizado pelo Sindicato dos Banc\u00e1rios de S\u00e3o Paulo, Osasco e Regi\u00e3o e pela Brazucah Produ\u00e7\u00f5es. Desde 2007, o j\u00e1 atingiu um p\u00fablico superior a 56 mil espectadores em mais de 430 sess\u00f5es gratuitas realizadas em comunidades de S\u00e3o Paulo. A iniciativa busca democratizar o acesso ao cinema nacional e divulgar os filmes produzidos no Brasil. Foram exibidos na tela do CineB mais de 100 longas-metragens e 69 curtas-metragens, al\u00e9m da realiza\u00e7\u00e3o de pr\u00e9-estreias exclusivas<\/span><\/i><i><span style=\"font-family: Calibri;\">.<\/span><\/i><i><\/i><\/p>\n","protected":false},"excerpt":{"rendered":"<p>CineB esteve pela primeira vez, na \u00faltima quinta-feira,\u00a0 26\/10, no\u00a0NCI Juntos com Arte e Vida, Vila Rio Branco, Zona Leste[&#8230;]<\/p>\n","protected":false},"author":3,"featured_media":10548,"comment_status":"open","ping_status":"open","sticky":false,"template":"","format":"standard","meta":[],"categories":[2,6],"tags":[],"_links":{"self":[{"href":"https:\/\/projetocineb.com.br\/index.php?rest_route=\/wp\/v2\/posts\/10467"}],"collection":[{"href":"https:\/\/projetocineb.com.br\/index.php?rest_route=\/wp\/v2\/posts"}],"about":[{"href":"https:\/\/projetocineb.com.br\/index.php?rest_route=\/wp\/v2\/types\/post"}],"author":[{"embeddable":true,"href":"https:\/\/projetocineb.com.br\/index.php?rest_route=\/wp\/v2\/users\/3"}],"replies":[{"embeddable":true,"href":"https:\/\/projetocineb.com.br\/index.php?rest_route=%2Fwp%2Fv2%2Fcomments&post=10467"}],"version-history":[{"count":0,"href":"https:\/\/projetocineb.com.br\/index.php?rest_route=\/wp\/v2\/posts\/10467\/revisions"}],"wp:featuredmedia":[{"embeddable":true,"href":"https:\/\/projetocineb.com.br\/index.php?rest_route=\/wp\/v2\/media\/10548"}],"wp:attachment":[{"href":"https:\/\/projetocineb.com.br\/index.php?rest_route=%2Fwp%2Fv2%2Fmedia&parent=10467"}],"wp:term":[{"taxonomy":"category","embeddable":true,"href":"https:\/\/projetocineb.com.br\/index.php?rest_route=%2Fwp%2Fv2%2Fcategories&post=10467"},{"taxonomy":"post_tag","embeddable":true,"href":"https:\/\/projetocineb.com.br\/index.php?rest_route=%2Fwp%2Fv2%2Ftags&post=10467"}],"curies":[{"name":"wp","href":"https:\/\/api.w.org\/{rel}","templated":true}]}}