{"id":10488,"date":"2017-11-11T17:12:23","date_gmt":"2017-11-11T19:12:23","guid":{"rendered":"http:\/\/projetocineb.com.br\/?p=10488"},"modified":"2017-11-11T17:12:23","modified_gmt":"2017-11-11T19:12:23","slug":"tata-amaral-participa-de-debate-no-grajau","status":"publish","type":"post","link":"https:\/\/projetocineb.com.br\/?p=10488","title":{"rendered":"Tata Amaral conversa com estudantes no Graja\u00fa"},"content":{"rendered":"<p><em>A EE Herbert Baldus, localizada na regi\u00e3o do Graja\u00fa, Zona Sul de S\u00e3o Paulo, foi o palco, na \u00faltima segunda-feira, 6\/11, para a cineasta Tata Amaral discutir o papel da mulher no cinema.<\/em><\/p>\n<p><a href=\"http:\/\/projetocineb.com.br\/wp-content\/uploads\/2017\/11\/DSC_0367.jpg\"><img fetchpriority=\"high\" decoding=\"async\" class=\"alignnone size-full wp-image-10544\" src=\"http:\/\/projetocineb.com.br\/wp-content\/uploads\/2017\/11\/DSC_0367.jpg\" alt=\"\" width=\"803\" height=\"552\" \/><\/a><\/p>\n<p>O CineB esteve na \u00faltima segunda-feira, 6\/11, na Escola Estadual Herbert Baldus, localizada no Graja\u00fa, Zona Sul de S\u00e3o Paulo, para exibir o document\u00e1rio \u201cCausando na Rua\u201d, de Tata Amaral. Ap\u00f3s a sess\u00e3o, a cineasta, uma das mais talentosas e premiadas realizadoras do cinema brasileiro participou de um debate com a comunidade escolar, em que participaram alunos, professores e lideran\u00e7as comunit\u00e1rias. Os longas-metragens de Tata Amaral j\u00e1 conquistaram mais de 70 pr\u00eamios em festivais nacionais e internacionais. A cineasta tamb\u00e9m se destaca pela experimenta\u00e7\u00e3o e originalidade de seus trabalhos e pela lideran\u00e7a feminina que exerce no mercado brasileiro de\u00a0cinema.<\/p>\n<figure id=\"attachment_10494\" aria-describedby=\"caption-attachment-10494\" style=\"width: 831px\" class=\"wp-caption alignnone\"><a href=\"http:\/\/projetocineb.com.br\/wp-content\/uploads\/2017\/11\/DSC_0287.jpg\"><img decoding=\"async\" class=\"size-full wp-image-10494\" src=\"http:\/\/projetocineb.com.br\/wp-content\/uploads\/2017\/11\/DSC_0287.jpg\" alt=\"\" width=\"831\" height=\"501\" \/><\/a><figcaption id=\"caption-attachment-10494\" class=\"wp-caption-text\">Na abertura oficial, Luiz Cl\u00e1udio Marcolino, um dos criadores do CineB, a coordenadora pedag\u00f3gica Elz\u00e2nia, o coordenador do CineB Cid\u00e1lio Vieira Santos e o professor Kleber Oliveira.<\/figcaption><\/figure>\n<p>\u00c0s 19 horas, os alunos j\u00e1 lotavam o p\u00e1tio da escola e buscavam se acomodar para poder acompanhar os document\u00e1rios de Tata Amaral que abordam o trabalho de coletivos que atuam nas ruas de S\u00e3o Paulo. A cineasta j\u00e1 registrou mais de uma dezena de coletivos que v\u00eam transformando a realidade da capital das mais diversas formas. Para a sess\u00e3o do Graja\u00fa, foram selecionados tr\u00eas desses document\u00e1rios compilados no filme &#8220;Causando na Rua&#8221;.<\/p>\n<p>O primeiro deles, \u201cQuadro Negro por OPNI\u201d apresenta as interven\u00e7\u00f5es do Grupo OPNI, que surgiu em S\u00e3o Mateus, Zona Leste de S\u00e3o Paulo, por meio da a\u00e7\u00e3o \u201cQuadro Negro\u201d, que busca trazer \u00e0 luz personagens negros importantes para a hist\u00f3ria do Brasil. O grupo faz uma pintura especial que retrata Luiz Gama, advogado que libertou mais de 500 escravos no Brasil. A a\u00e7\u00e3o acontece em frente \u00e0 Faculdade de Direito da Universidade de S\u00e3o Paulo, no largo S\u00e3o Francisco, onde Luiz Gama foi impedido de estudar por ser negro.<\/p>\n<p>O segundo document\u00e1rio, \u201cExpedi\u00e7\u00e3o pela bacia do Rio Saracura por Iniciativa Rios e Ruas\u201d faz um passeio pela bacia do Rio Saracura. A partir do Museu de Arte de S\u00e3o Paulo (MASP) , na avenida Paulista, Bela Vista, o coletivo caminha at\u00e9 sua nascente. A expedi\u00e7\u00e3o encontra vest\u00edgios de rios canalizados na cidade e tem como lema desenterrar os rios da consci\u00eancia das pessoas. Para isto, se utilizam de expedientes criativos como pintar as nascentes e trajetos de rios submersos. No passeio, temas como a revitaliza\u00e7\u00e3o destes rios e a abertura deles \u00e9 discutida com os participantes do passeio e convidados.<\/p>\n<p>O terceiro filme, \u201cFestival Disco Xepa por Slow Food ComoComo\u201d retrata um grupo de Slow Food chamado ComoComo que surgiu na Vila Anglo Brasileira, Zona Oeste de S\u00e3o Paulo, que tem filia\u00e7\u00e3o \u00e0 a\u00e7\u00e3o internacional e realiza o \u201cFestival Disco Xepa\u201d. O Festival cria banquetes gratuitos atrav\u00e9s dos restos de alimentos descartados em feiras livres para mostrar o alto n\u00edvel de desperd\u00edcio alimentar nas cidades. A a\u00e7\u00e3o se passa em Santa Cec\u00edlia, regi\u00e3o central da capital.<\/p>\n<p>Ao final da exibi\u00e7\u00e3o dos document\u00e1rios, o coordenador do CineB, Cid\u00e1lio Vieira Santos, organizou uma \u201cRoda Viva\u201d, entre diretora e p\u00fablico presente, levando Tata Amaral a conversar por mais de uma hora sobre sua trajet\u00f3ria e o espa\u00e7o da mulher no cinema brasileiro. \u201cO mercado do cinema \u00e9 extremamente masculinizado e essa distor\u00e7\u00e3o cria modelos de mulheres estereotipadas que n\u00e3o nos representam, exibindo a bunda, mulheres como objeto sexual, barraqueira, ou com perfil excessivamente d\u00f3cil e submissa aos homens\u201d comentou diante de diversos questionamentos.<\/p>\n<p>Para o aluno do terceiro ano do ensino m\u00e9dio Vin\u00edcius, a quest\u00e3o exibida no document\u00e1rio sobre os rios lhe fez pensar a realidade do pr\u00f3prio Graja\u00fa com seus diversos rios escondidos e a falta de \u00e1reas verdes. \u201cAchei importante, a partir de outras periferias retratadas nos document\u00e1rios, pensar no que acontece aqui\u201d, avalia.\u00a0 J\u00e1 para a aluna Gabriela Santos Saraguti do 2\u00aa A, o destaque do debate foi tratar a falta de representatividade das mulheres no cinema brasileiro e em outras profiss\u00f5es. \u201cOs homens ainda contam com melhores sal\u00e1rios e condi\u00e7\u00f5es. A mulher n\u00e3o tem a mesma valoriza\u00e7\u00e3o e h\u00e1 um preconceito quando a op\u00e7\u00e3o \u00e9 por exercer profiss\u00f5es ligadas a Arte no Brasil. Isto ainda \u00e9 visto como lazer e n\u00e3o trabalho\u201d, pontua.<\/p>\n<p>Na opini\u00e3o do l\u00edder comunit\u00e1rio Mario Luiz Balbino, representante do F\u00f3rum da Crian\u00e7a e do Adolescente da regi\u00e3o do Graja\u00fa 2, &#8220;o CineB \u00e9 muito importante porque atrav\u00e9s do cinema brasileiro \u00e9 poss\u00edvel provocar reflex\u00f5es importantes e necess\u00e1rias para o empoderamento de jovens negros da periferia\u201d.<\/p>\n<p>Para o\u00a0professor de Sociologia Carlos Arraes, que acompanhou todas as exibi\u00e7\u00f5es do CineB na escola, o projeto constitui-se numa &#8220;semente que vem sendo plantada na mente e no cora\u00e7\u00e3o da garotada. \u00c9 um projeto de resist\u00eancia que n\u00e3o celebra o mundo como ele \u00e9, mas prop\u00f5em um novo mundo criado e constitu\u00eddo a partir da iniciativa da pr\u00f3pria popula\u00e7\u00e3o\u201d, analisa. Opini\u00e3o dividida pela professora Elz\u00e2nia, coordenadora pedag\u00f3gica da escola h\u00e1 oito anos. Ela acompanha os alunos nas sess\u00f5es que ocorreram noGraja\u00fa e na [Regional] Paulista. Para ela \u00e9 poss\u00edvel notar uma diferen\u00e7a de postura dos alunos durante as sess\u00f5es, o interesse e a participa\u00e7\u00e3o nos debates. \u201cEles est\u00e3o melhorando a cada dia desde que o projeto adotou a escola como local de exibi\u00e7\u00e3o. \u00c9 poss\u00edvel notar que os conhecimentos adquiridos via cinema brasileiro qualificaram seus discursos e a\u00e7\u00f5es tamb\u00e9m no cotidiano escolar\u201d, finaliza.<\/p>\n<p>O CineB \u00e9 um circuito itinerante de cinema realizado pelo Sindicato dos Banc\u00e1rios de S\u00e3o Paulo, Osasco e Regi\u00e3o e pela Brazucah Produ\u00e7\u00f5es. Desde 2007, o j\u00e1 atingiu um p\u00fablico superior a 56 mil espectadores em mais de 430 sess\u00f5es gratuitas realizadas em comunidades de S\u00e3o Paulo. A iniciativa busca democratizar o acesso ao cinema nacional e divulgar os filmes produzidos no Brasil. Foram exibidos na tela do CineB mais de 100 longas-metragens e 69 curtas-metragens, al\u00e9m da realiza\u00e7\u00e3o de pr\u00e9-estreias exclusivas.<\/p>\n\t\t\t\n\t\t\t<!-- Blueimp gallery -->\n\t\t\t<div id=\"blueimp-gallery\" class=\"blueimp-gallery blueimp-gallery-controls\">\n\t\t\t\t<div class=\"slides\"><\/div>\n\t\t\t\t<h3 class=\"title\"><\/h3>\n\t\t\t\t<a class=\"prev\">\u2039<\/a>\n\t\t\t\t<a class=\"next\">\u203a<\/a>\n\t\t\t\t<a class=\"close\">\u00d7<\/a>\n\t\t\t\t<a class=\"play-pause\"><\/a>\n\t\t\t\t<ol class=\"indicator\"><\/ol>\n\t\t\t\t<div class=\"modal fade\">\n\t\t\t\t\t<div class=\"modal-dialog\">\n\t\t\t\t\t\t<div class=\"modal-content\">\n\t\t\t\t\t\t\t<div class=\"modal-header\">\n\t\t\t\t\t\t\t\t<button type=\"button\" class=\"close\" aria-hidden=\"true\">&times;<\/button>\n\t\t\t\t\t\t\t\t<h4 class=\"modal-title\"><\/h4>\n\t\t\t\t\t\t\t<\/div>\n\t\t\t\t\t\t\t<div class=\"modal-body next\"><\/div>\n\t\t\t\t\t\t\t<div class=\"modal-footer\">\n\t\t\t\t\t\t\t\t<button type=\"button\" class=\"btn btn-default pull-left prev\">\n\t\t\t\t\t\t\t\t\t<i class=\"glyphicon glyphicon-chevron-left\"><\/i>\n\t\t\t\t\t\t\t\t\tPrevious\t\t\t\t\t\t\t\t<\/button>\n\t\t\t\t\t\t\t\t<button type=\"button\" class=\"btn btn-primary next\">\n\t\t\t\t\t\t\t\t\tNext\t\t\t\t\t\t\t\t\t<i class=\"glyphicon glyphicon-chevron-right\"><\/i>\n\t\t\t\t\t\t\t\t<\/button>\n\t\t\t\t\t\t\t<\/div>\n\t\t\t\t\t\t<\/div>\n\t\t\t\t\t<\/div>\n\t\t\t\t<\/div>\n\t\t\t<\/div>\n\t\t\t<script type=\"text\/javascript\">\n\t\t\tjQuery(function() {\n\t\t\t\t\/\/ Set blueimp gallery options\n\t\t\t\tjQuery.extend(blueimp.Gallery.prototype.options, {\n\t\t\t\t\tuseBootstrapModal: false,\n\t\t\t\t\thidePageScrollbars: false\n\t\t\t\t});\n\t\t\t});\n\t\t\t<\/script>\n\t\t\t\n","protected":false},"excerpt":{"rendered":"<p>A EE Herbert Baldus, localizada na regi\u00e3o do Graja\u00fa, Zona Sul de S\u00e3o Paulo, foi o palco, na \u00faltima segunda-feira,[&#8230;]<\/p>\n","protected":false},"author":3,"featured_media":10543,"comment_status":"open","ping_status":"open","sticky":false,"template":"","format":"standard","meta":[],"categories":[2,3],"tags":[190,238,252,431,577,1155],"_links":{"self":[{"href":"https:\/\/projetocineb.com.br\/index.php?rest_route=\/wp\/v2\/posts\/10488"}],"collection":[{"href":"https:\/\/projetocineb.com.br\/index.php?rest_route=\/wp\/v2\/posts"}],"about":[{"href":"https:\/\/projetocineb.com.br\/index.php?rest_route=\/wp\/v2\/types\/post"}],"author":[{"embeddable":true,"href":"https:\/\/projetocineb.com.br\/index.php?rest_route=\/wp\/v2\/users\/3"}],"replies":[{"embeddable":true,"href":"https:\/\/projetocineb.com.br\/index.php?rest_route=%2Fwp%2Fv2%2Fcomments&post=10488"}],"version-history":[{"count":0,"href":"https:\/\/projetocineb.com.br\/index.php?rest_route=\/wp\/v2\/posts\/10488\/revisions"}],"wp:featuredmedia":[{"embeddable":true,"href":"https:\/\/projetocineb.com.br\/index.php?rest_route=\/wp\/v2\/media\/10543"}],"wp:attachment":[{"href":"https:\/\/projetocineb.com.br\/index.php?rest_route=%2Fwp%2Fv2%2Fmedia&parent=10488"}],"wp:term":[{"taxonomy":"category","embeddable":true,"href":"https:\/\/projetocineb.com.br\/index.php?rest_route=%2Fwp%2Fv2%2Fcategories&post=10488"},{"taxonomy":"post_tag","embeddable":true,"href":"https:\/\/projetocineb.com.br\/index.php?rest_route=%2Fwp%2Fv2%2Ftags&post=10488"}],"curies":[{"name":"wp","href":"https:\/\/api.w.org\/{rel}","templated":true}]}}