{"id":10509,"date":"2017-11-13T12:44:31","date_gmt":"2017-11-13T14:44:31","guid":{"rendered":"http:\/\/projetocineb.com.br\/?p=10509"},"modified":"2017-11-13T12:44:31","modified_gmt":"2017-11-13T14:44:31","slug":"diretor-participa-de-debate-na-vila-jatai","status":"publish","type":"post","link":"https:\/\/projetocineb.com.br\/?p=10509","title":{"rendered":"Estreia leva diretor \u00e0 Vila Jata\u00ed"},"content":{"rendered":"<p><em>CineB lan\u00e7ou, com exclusividade, no dia 27\/10, o document\u00e1rio \u201cVila Jata\u00ed &#8211; Antiga Vila do Sapo\u201d. O diretor Riba de Castro, participou da sess\u00e3o conversou com os moradores da vila no Galp\u00e3o do Russ\u00e3o, localizado na Zona Oeste da capital.<\/em><\/p>\n<p>&nbsp;<\/p>\n<p><a href=\"http:\/\/projetocineb.com.br\/wp-content\/uploads\/2017\/11\/Jatai_27OUT2017-2.jpg\"><img fetchpriority=\"high\" decoding=\"async\" class=\"alignnone size-full wp-image-10514\" src=\"http:\/\/projetocineb.com.br\/wp-content\/uploads\/2017\/11\/Jatai_27OUT2017-2.jpg\" alt=\"\" width=\"1040\" height=\"585\" \/><\/a><\/p>\n<p>\u201cVila Jata\u00ed &#8211; Antiga Vila do Sapo\u201d \u00e9 um document\u00e1rio que mostra dois momentos na hist\u00f3ria da Vila Jata\u00ed, bairro localizado entre as vilas Ida e Beatriz, na zona oeste da cidade de S\u00e3o Paulo. No filme, os antigos moradores, que chegaram no final da d\u00e9cada de 1940, in\u00edcio dos 1950, falam das dificuldades da \u00e9poca, de morar em uma regi\u00e3o de mangue, mais conhecida como Vila do Sapo, sem nenhuma infraestrutura. Os novos moradores, depois de conhecer a hist\u00f3ria do nascimento da Vila Jata\u00ed, comparam o velho e o novo bairro e falam de seus projetos, de suas lutas para manter a identidade do bairro.<\/p>\n<p><a href=\"http:\/\/projetocineb.com.br\/wp-content\/uploads\/2017\/11\/Jatai_27OUT2017-9.jpg\"><img decoding=\"async\" class=\"alignnone size-full wp-image-10512\" src=\"http:\/\/projetocineb.com.br\/wp-content\/uploads\/2017\/11\/Jatai_27OUT2017-9.jpg\" alt=\"\" width=\"1040\" height=\"585\" \/><\/a><\/p>\n<p>Riba de Castro, cearense de Quixeramobim, que reside no bairro da Pomp\u00e9ia, reuniu muito material do in\u00edcio da Vila e dirigiu o filme que foi lan\u00e7ado com exclusividade pelo CineB. No debate ap\u00f3s a sess\u00e3o Riba de Castro contou como surgiu esta ideia de fazer o document\u00e1rio e como foi juntando o material. Estavam presentes na sess\u00e3o muitos moradores antigos da Vila, que elogiaram o trabalho do cineasta.<\/p>\n<p><a href=\"http:\/\/projetocineb.com.br\/wp-content\/uploads\/2017\/11\/Jatai_27OUT2017-4.jpg\"><img decoding=\"async\" class=\"alignnone size-full wp-image-10513\" src=\"http:\/\/projetocineb.com.br\/wp-content\/uploads\/2017\/11\/Jatai_27OUT2017-4.jpg\" alt=\"\" width=\"1040\" height=\"585\" \/><\/a><\/p>\n<p>O CineB \u00e9 um circuito itinerante de cinema realizado pelo Sindicato dos Banc\u00e1rios de S\u00e3o Paulo, Osasco e Regi\u00e3o e pela Brazucah Produ\u00e7\u00f5es. Desde 2007, o j\u00e1 atingiu um p\u00fablico superior a 60 mil espectadores em mais de 450 sess\u00f5es gratuitas realizadas em comunidades de S\u00e3o Paulo. A iniciativa busca democratizar o acesso ao cinema nacional e divulgar os filmes produzidos no Brasil. Foram exibidos na tela do CineB mais de 100 longas-metragens e 69 curtas-metragens, al\u00e9m da realiza\u00e7\u00e3o de pr\u00e9-estreias exclusivas.<\/p>\n","protected":false},"excerpt":{"rendered":"<p>CineB lan\u00e7ou, com exclusividade, no dia 27\/10, o document\u00e1rio \u201cVila Jata\u00ed &#8211; Antiga Vila do Sapo\u201d. O diretor Riba de[&#8230;]<\/p>\n","protected":false},"author":3,"featured_media":10631,"comment_status":"open","ping_status":"open","sticky":false,"template":"","format":"standard","meta":[],"categories":[2,6],"tags":[154,252,1058,1132,1222],"_links":{"self":[{"href":"https:\/\/projetocineb.com.br\/index.php?rest_route=\/wp\/v2\/posts\/10509"}],"collection":[{"href":"https:\/\/projetocineb.com.br\/index.php?rest_route=\/wp\/v2\/posts"}],"about":[{"href":"https:\/\/projetocineb.com.br\/index.php?rest_route=\/wp\/v2\/types\/post"}],"author":[{"embeddable":true,"href":"https:\/\/projetocineb.com.br\/index.php?rest_route=\/wp\/v2\/users\/3"}],"replies":[{"embeddable":true,"href":"https:\/\/projetocineb.com.br\/index.php?rest_route=%2Fwp%2Fv2%2Fcomments&post=10509"}],"version-history":[{"count":0,"href":"https:\/\/projetocineb.com.br\/index.php?rest_route=\/wp\/v2\/posts\/10509\/revisions"}],"wp:featuredmedia":[{"embeddable":true,"href":"https:\/\/projetocineb.com.br\/index.php?rest_route=\/wp\/v2\/media\/10631"}],"wp:attachment":[{"href":"https:\/\/projetocineb.com.br\/index.php?rest_route=%2Fwp%2Fv2%2Fmedia&parent=10509"}],"wp:term":[{"taxonomy":"category","embeddable":true,"href":"https:\/\/projetocineb.com.br\/index.php?rest_route=%2Fwp%2Fv2%2Fcategories&post=10509"},{"taxonomy":"post_tag","embeddable":true,"href":"https:\/\/projetocineb.com.br\/index.php?rest_route=%2Fwp%2Fv2%2Ftags&post=10509"}],"curies":[{"name":"wp","href":"https:\/\/api.w.org\/{rel}","templated":true}]}}