{"id":10527,"date":"2017-11-13T19:49:35","date_gmt":"2017-11-13T21:49:35","guid":{"rendered":"http:\/\/projetocineb.com.br\/?p=10527"},"modified":"2017-11-13T19:49:35","modified_gmt":"2017-11-13T21:49:35","slug":"cineb-chega-em-jandira","status":"publish","type":"post","link":"https:\/\/projetocineb.com.br\/?p=10527","title":{"rendered":"CineB na Comuna D. Helder em Jandira"},"content":{"rendered":"<p><em>Um dos maiores projetos de democratiza\u00e7\u00e3o do cinema brasileiro esteve na \u00faltima sexta-feira, 10\/11, no Sal\u00e3o Comuna Urbana Dom Helder C\u00e2mara, em Jandira, para exibir o longa-metragem \u201cTapete Vermelho\u201d de Luiz Alberto Pereira.<\/em><\/p>\n<p><a href=\"http:\/\/projetocineb.com.br\/wp-content\/uploads\/2017\/11\/DSC_0115.jpg\"><img fetchpriority=\"high\" decoding=\"async\" class=\"alignnone size-full wp-image-10531\" src=\"http:\/\/projetocineb.com.br\/wp-content\/uploads\/2017\/11\/DSC_0115.jpg\" alt=\"\" width=\"831\" height=\"521\" \/><\/a><\/p>\n<p>O CineB fez, na \u00faltima sexta-feira, 10\/11, uma homenagem ao primeiro filme exibido pelo projeto h\u00e1 dez anos. \u201cTapete Vermelho\u201d, (2006) de Luiz Alberto Pereira animou as primeiras sess\u00f5es do CineB e foi escolhido para apresentar um dos maiores projetos de democratiza\u00e7\u00e3o do cinema brasileiro para o p\u00fablico de Jandira, que lotou o Sal\u00e3o Comuna Urbana Dom Helder C\u00e2mara.<\/p>\n<p>A hist\u00f3ria \u00e9 uma homenagem ao caipira brasileiro. Com as perip\u00e9cias de Quinzinho (Matheus Nachtergaele) que mora em uma ro\u00e7a bem distante de qualquer cidade grande. Decidido a cumprir uma promessa, ele resolve levar seu filho Neco (Vin\u00edcius Miranda), de 9 anos, para assistir a um filme estrelado por Mazzaropi em uma sala de cinema, assim como fez seu pai quando era garoto. Desejando cumprir a promessa a qualquer custo, Quinzinho, sua esposa Zulmira (Gorete Milagres), Neco e o burro Policarpo viajam pelas cidades em busca de um cinema que possa exibir o filme.<br \/>\nA com\u00e9dia agradou o p\u00fablico que compareceu \u00e0 sess\u00e3o e muitos comentaram que o filme faz uma homenagem a Mazzaropi, um dos maiores \u00edcones do cinema brasileiro. Rosi Ramos contou que assistia aos filmes do comediante junto de seu pai e que foi muito bom poder lembrar desses momentos. \u201cVoc\u00eas est\u00e3o de parab\u00e9ns, porque al\u00e9m de trazer o cinema, resgatam nossa cultura, aquilo que \u00e9 nosso\u201d, explica.<\/p>\n<p>Leonel Barros, outro morador da regi\u00e3o, considera o CineB uma iniciativa interessante \u201cporque leva o cinema brasileiro para a periferia garantindo o acesso \u00e0 cultura\u201d, analisa. J\u00e1 S\u00e9rgio de Paula, diretor da Associa\u00e7\u00e3o C\u00e0ritas S\u00e3o Francisco, que na abertura oficial da sess\u00e3o representou o padre Jo\u00e3o Carlos que estava em outro compromisso, lembrou que n\u00e3o existe mais cinema no Brasil. \u201cPor isso valorizamos iniciativas como a do CineB, que resgata o cinema na comunidade\u201d, finaliza . A sess\u00e3o contou com a presen\u00e7a de Daniel Reis, diretor do Sindicato dos Banc\u00e1rios de S\u00e3o Paulo, Osasco e Regi\u00e3o e o apoio na montagem da sess\u00e3o de Zezinho.<\/p>\n<p>O CineB \u00e9 um circuito itinerante de cinema realizado pelo Sindicato dos Banc\u00e1rios de S\u00e3o Paulo, Osasco e Regi\u00e3o e pela Brazucah Produ\u00e7\u00f5es. Desde 2007, o j\u00e1 atingiu um p\u00fablico superior a 60 mil espectadores em mais de 450 sess\u00f5es gratuitas realizadas em comunidades de S\u00e3o Paulo. A iniciativa busca democratizar o acesso ao cinema nacional e divulgar os filmes produzidos no Brasil. Foram exibidos na tela do CineB mais de 100 longas-metragens e 69 curtas-metragens, al\u00e9m da realiza\u00e7\u00e3o de pr\u00e9-estreias exclusivas.<\/p>\n\t\t\t\n\t\t\t<!-- Blueimp gallery -->\n\t\t\t<div id=\"blueimp-gallery\" class=\"blueimp-gallery blueimp-gallery-controls\">\n\t\t\t\t<div class=\"slides\"><\/div>\n\t\t\t\t<h3 class=\"title\"><\/h3>\n\t\t\t\t<a class=\"prev\">\u2039<\/a>\n\t\t\t\t<a class=\"next\">\u203a<\/a>\n\t\t\t\t<a class=\"close\">\u00d7<\/a>\n\t\t\t\t<a class=\"play-pause\"><\/a>\n\t\t\t\t<ol class=\"indicator\"><\/ol>\n\t\t\t\t<div class=\"modal fade\">\n\t\t\t\t\t<div class=\"modal-dialog\">\n\t\t\t\t\t\t<div class=\"modal-content\">\n\t\t\t\t\t\t\t<div class=\"modal-header\">\n\t\t\t\t\t\t\t\t<button type=\"button\" class=\"close\" aria-hidden=\"true\">&times;<\/button>\n\t\t\t\t\t\t\t\t<h4 class=\"modal-title\"><\/h4>\n\t\t\t\t\t\t\t<\/div>\n\t\t\t\t\t\t\t<div class=\"modal-body next\"><\/div>\n\t\t\t\t\t\t\t<div class=\"modal-footer\">\n\t\t\t\t\t\t\t\t<button type=\"button\" class=\"btn btn-default pull-left prev\">\n\t\t\t\t\t\t\t\t\t<i class=\"glyphicon glyphicon-chevron-left\"><\/i>\n\t\t\t\t\t\t\t\t\tPrevious\t\t\t\t\t\t\t\t<\/button>\n\t\t\t\t\t\t\t\t<button type=\"button\" class=\"btn btn-primary next\">\n\t\t\t\t\t\t\t\t\tNext\t\t\t\t\t\t\t\t\t<i class=\"glyphicon glyphicon-chevron-right\"><\/i>\n\t\t\t\t\t\t\t\t<\/button>\n\t\t\t\t\t\t\t<\/div>\n\t\t\t\t\t\t<\/div>\n\t\t\t\t\t<\/div>\n\t\t\t\t<\/div>\n\t\t\t<\/div>\n\t\t\t<script type=\"text\/javascript\">\n\t\t\tjQuery(function() {\n\t\t\t\t\/\/ Set blueimp gallery options\n\t\t\t\tjQuery.extend(blueimp.Gallery.prototype.options, {\n\t\t\t\t\tuseBootstrapModal: false,\n\t\t\t\t\thidePageScrollbars: false\n\t\t\t\t});\n\t\t\t});\n\t\t\t<\/script>\n\t\t\t\n<p>&nbsp;<\/p>\n","protected":false},"excerpt":{"rendered":"<p>Um dos maiores projetos de democratiza\u00e7\u00e3o do cinema brasileiro esteve na \u00faltima sexta-feira, 10\/11, no Sal\u00e3o Comuna Urbana Dom Helder[&#8230;]<\/p>\n","protected":false},"author":3,"featured_media":10632,"comment_status":"open","ping_status":"open","sticky":false,"template":"","format":"standard","meta":[],"categories":[2,6],"tags":[24,154,237,252,365,666,757,1081,1154],"_links":{"self":[{"href":"https:\/\/projetocineb.com.br\/index.php?rest_route=\/wp\/v2\/posts\/10527"}],"collection":[{"href":"https:\/\/projetocineb.com.br\/index.php?rest_route=\/wp\/v2\/posts"}],"about":[{"href":"https:\/\/projetocineb.com.br\/index.php?rest_route=\/wp\/v2\/types\/post"}],"author":[{"embeddable":true,"href":"https:\/\/projetocineb.com.br\/index.php?rest_route=\/wp\/v2\/users\/3"}],"replies":[{"embeddable":true,"href":"https:\/\/projetocineb.com.br\/index.php?rest_route=%2Fwp%2Fv2%2Fcomments&post=10527"}],"version-history":[{"count":0,"href":"https:\/\/projetocineb.com.br\/index.php?rest_route=\/wp\/v2\/posts\/10527\/revisions"}],"wp:featuredmedia":[{"embeddable":true,"href":"https:\/\/projetocineb.com.br\/index.php?rest_route=\/wp\/v2\/media\/10632"}],"wp:attachment":[{"href":"https:\/\/projetocineb.com.br\/index.php?rest_route=%2Fwp%2Fv2%2Fmedia&parent=10527"}],"wp:term":[{"taxonomy":"category","embeddable":true,"href":"https:\/\/projetocineb.com.br\/index.php?rest_route=%2Fwp%2Fv2%2Fcategories&post=10527"},{"taxonomy":"post_tag","embeddable":true,"href":"https:\/\/projetocineb.com.br\/index.php?rest_route=%2Fwp%2Fv2%2Ftags&post=10527"}],"curies":[{"name":"wp","href":"https:\/\/api.w.org\/{rel}","templated":true}]}}