{"id":10549,"date":"2017-11-17T13:10:08","date_gmt":"2017-11-17T15:10:08","guid":{"rendered":"http:\/\/projetocineb.com.br\/?p=10549"},"modified":"2017-11-17T13:10:08","modified_gmt":"2017-11-17T15:10:08","slug":"sessao-especial-sobre-a-vida-de-santo-anibal","status":"publish","type":"post","link":"https:\/\/projetocineb.com.br\/?p=10549","title":{"rendered":"Sess\u00e3o especial sobre a vida de Santo An\u00edbal"},"content":{"rendered":"<p><em>O CineB far\u00e1 uma sess\u00e3o especial no pr\u00f3ximo dia 24 de novembro, 19h, no Instituto Rogacionista, Zona Oeste de S\u00e3o Paulo, para exibir o longa \u201cPor Amor aos Pobres &#8211; A voca\u00e7\u00e3o de Santo An\u00edbal\u201d, do diretor Osmar Koxne.<\/em><\/p>\n<figure id=\"attachment_10550\" aria-describedby=\"caption-attachment-10550\" style=\"width: 850px\" class=\"wp-caption alignnone\"><a href=\"http:\/\/projetocineb.com.br\/wp-content\/uploads\/2017\/11\/Making-off_Amor-aos-pobres.jpg\"><img fetchpriority=\"high\" decoding=\"async\" class=\"size-full wp-image-10550\" src=\"http:\/\/projetocineb.com.br\/wp-content\/uploads\/2017\/11\/Making-off_Amor-aos-pobres.jpg\" alt=\"\" width=\"850\" height=\"565\" \/><\/a><figcaption id=\"caption-attachment-10550\" class=\"wp-caption-text\">M\u00e9dia-metragem foi gravado em S\u00e3o Paulo e Santos.<\/figcaption><\/figure>\n<p>O projeto CineB, que h\u00e1 dez anos promove sess\u00f5es gratuitas de filmes nacionais em comunidades da capital paulista e Grande S\u00e3o Paulo, ir\u00e1 exibir no Instituto Rogacionista uma sess\u00e3o especial do filme \u201cPor amor aos pobres &#8211; A voca\u00e7\u00e3o de Santo An\u00edbal\u201d, do diretor Osmar Koxne. A sess\u00e3o acontece no dia 24\/11, sexta-feira, 19h, na Quadra Esportiva do Instituto. Algumas cenas do m\u00e9dia-metragem foram gravadas no Instituto, e ser\u00e1 sua primeira exibi\u00e7\u00e3o neste local.<\/p>\n<p>A sess\u00e3o contar\u00e1 com a presen\u00e7a dos produtores\u00a0 do filme Claudia e Valter\u00a0e do ator Willian Mello que interpretou o jovem An\u00edbal, que acolhe com amor os pobres, os doentes e as crian\u00e7as, diante de conflitos sociais, pol\u00edticos e da mis\u00e9ria, consequ\u00eancias da guerra de unifica\u00e7\u00e3o na It\u00e1lia, s\u00e9culo 19.<br \/>\nInspirado na vida de An\u00edbal Maria Di Francia, o filme \u201cPor Amor aosPobres\u201d tem como cen\u00e1rio a cidade de Messina, It\u00e1lia, no contexto da guerra de unifica\u00e7\u00e3o daquele pa\u00eds, no s\u00e9culo 19. Ao escrever uma carta aos diretores de jornais da cidade, padre An\u00edbal recorda momentos de sua inf\u00e2ncia e juventude. A inten\u00e7\u00e3o da carta \u00e9 denunciar a injusti\u00e7a dos governantes frente \u00e0 repress\u00e3o aos pobres e exclu\u00eddos. O filme revela o jovem An\u00edbal entusiasmado e convicto de seu ideal, de transformar a situa\u00e7\u00e3o dos moradores de Avinh\u00e3o (Avignon), local degradado de Messina e que hoje \u00e9 s\u00edmbolo das periferias existenciais e geogr\u00e1ficas da humanidade.<\/p>\n<p>\u201cPara realizar essa sess\u00e3o, n\u00f3s levamos para a quadra do instituto toda a infraestrutura para montar uma sala de cinema com tel\u00e3o, som, cadeiras, projetor e um pipoqueiro. Desta forma, o CineB tem ajudado a democratizar o acesso \u00e0 produ\u00e7\u00e3o audiovisual nacional, especialmente nas regi\u00f5es mais carentes da cidade&#8221;, diz Cid\u00e1lio Vieira Santos, coordenador do projeto.<\/p>\n<p>&#8220;O nosso sindicato \u00e9 um sindicato cidad\u00e3o. E o CineB \u00e9 mais uma hist\u00f3ria de sucesso dentre as nossas iniciativas. Por que levar cultura e lazer para a popula\u00e7\u00e3o ajuda a nos transformar em uma sociedade melhor e mais justa&#8221;, afirma Ivone Silva, presidenta do Sindicato dos Banc\u00e1rios de S\u00e3o Paulo, Osasco e regi\u00e3o.<\/p>\n<p>O CineB \u00e9 um circuito alternativo de exibi\u00e7\u00e3o que, desde 2007, leva cinema brasileiro para v\u00e1rias regi\u00f5es da cidade. O projeto, realizado pelo Sindicato dos Banc\u00e1rios de S\u00e3o Paulo, Osasco e regi\u00e3o e produzido pela Brazucah Produ\u00e7\u00f5es, j\u00e1 contabiliza um p\u00fablico superior a\u00a058 mil\u00a0pessoas em\u00a0mais de 460 sess\u00f5es gratuitas em comunidades e universidades de S\u00e3o Paulo. J\u00e1 foram exibidos na tela do CINEB mais de 110 longas-metragens e 71 curtas-metragens.<\/p>\n<p><strong>SERVI\u00c7O<\/strong><br \/>\n<strong>CINEMA BRASILEIRO NO INSTITUTO ROGACIONISTA<\/strong><br \/>\n<strong>FIME: POR AMOR AOS POBRES &#8211; A VOCA\u00c7\u00c3O DE SANTO AN\u00cdBAL<\/strong><br \/>\n<strong>DATA:<\/strong> 24 de novembro de 2017 | Sexta-feira | 19h<br \/>\n<strong>LOCAL:<\/strong> Quadra Esportiva do Instituto<br \/>\n<strong>ENDERE\u00c7O:<\/strong> Avenida Santa Marina, 534 &#8211; \u00c1gua Branca, S\u00e3o Paulo<br \/>\n<strong>ENTRADA:<\/strong> Gratuita<br \/>\n<strong>CONVITES:<\/strong> Na portaria, com Adriana<\/p>\n","protected":false},"excerpt":{"rendered":"<p>O CineB far\u00e1 uma sess\u00e3o especial no pr\u00f3ximo dia 24 de novembro, 19h, no Instituto Rogacionista, Zona Oeste de S\u00e3o[&#8230;]<\/p>\n","protected":false},"author":3,"featured_media":10551,"comment_status":"open","ping_status":"open","sticky":false,"template":"","format":"standard","meta":[],"categories":[2,6],"tags":[237,252,641,660,902,975,1132],"_links":{"self":[{"href":"https:\/\/projetocineb.com.br\/index.php?rest_route=\/wp\/v2\/posts\/10549"}],"collection":[{"href":"https:\/\/projetocineb.com.br\/index.php?rest_route=\/wp\/v2\/posts"}],"about":[{"href":"https:\/\/projetocineb.com.br\/index.php?rest_route=\/wp\/v2\/types\/post"}],"author":[{"embeddable":true,"href":"https:\/\/projetocineb.com.br\/index.php?rest_route=\/wp\/v2\/users\/3"}],"replies":[{"embeddable":true,"href":"https:\/\/projetocineb.com.br\/index.php?rest_route=%2Fwp%2Fv2%2Fcomments&post=10549"}],"version-history":[{"count":0,"href":"https:\/\/projetocineb.com.br\/index.php?rest_route=\/wp\/v2\/posts\/10549\/revisions"}],"wp:featuredmedia":[{"embeddable":true,"href":"https:\/\/projetocineb.com.br\/index.php?rest_route=\/wp\/v2\/media\/10551"}],"wp:attachment":[{"href":"https:\/\/projetocineb.com.br\/index.php?rest_route=%2Fwp%2Fv2%2Fmedia&parent=10549"}],"wp:term":[{"taxonomy":"category","embeddable":true,"href":"https:\/\/projetocineb.com.br\/index.php?rest_route=%2Fwp%2Fv2%2Fcategories&post=10549"},{"taxonomy":"post_tag","embeddable":true,"href":"https:\/\/projetocineb.com.br\/index.php?rest_route=%2Fwp%2Fv2%2Ftags&post=10549"}],"curies":[{"name":"wp","href":"https:\/\/api.w.org\/{rel}","templated":true}]}}