{"id":10559,"date":"2017-11-26T19:03:12","date_gmt":"2017-11-26T21:03:12","guid":{"rendered":"http:\/\/projetocineb.com.br\/?p=10559"},"modified":"2017-11-26T19:03:12","modified_gmt":"2017-11-26T21:03:12","slug":"filme-sobre-santo-anibal-em-sessao-especial-no-instituto-rogacionista","status":"publish","type":"post","link":"https:\/\/projetocineb.com.br\/?p=10559","title":{"rendered":"No Instituto Rogacionista, filme sobre Santo An\u00edbal"},"content":{"rendered":"<p><em>O CineB realizou uma sess\u00e3o especial do filme \u201cPor Amor aos Pobres &#8211; A Vida de Santo An\u00edbal\u201d, no Instituto Rogacionista, na \u00c1gua Branca, Zona Oeste da capital, na \u00faltima sexta-feira, 24\/11. Evento contou com a participa\u00e7\u00e3o do diretor, Osmar Koxne.<\/em><\/p>\n<p>Mais de 120 pessoas acompanharam, na noite da sexta-feira, 24\/11, na Quadra Coberta do Instituto Rogacionista Santo An\u00edbal, localizado na \u00c1gua Branca, Zona Oeste de S\u00e3o Paulo, uma sess\u00e3o especial sobre a vida de Santo An\u00edbal, fundador da Congrega\u00e7\u00e3o Rogacionista no final do s\u00e9culo 19, na It\u00e1lia.<br \/>\nO evento gratuito, organizado pelo CineB, um dos maiores projetos de democratiza\u00e7\u00e3o do Cinema Brasileiro em funcionamento na cidade de S\u00e3o Paulo, contou com a presen\u00e7a do diretor do filme, Osmar Koxne, que participou, ao final da exibi\u00e7\u00e3o do filme, de um debate com o p\u00fablico. Tamb\u00e9m estiveram no debate, o Padre L\u00e9dio Milanez, diretor-presidente do Instituto Rogacionista, o Padre Juarez Destro, presidente honor\u00edfico da institui\u00e7\u00e3o e Cid\u00e1lio Vieira Santos, coordenador do projeto CineB.<\/p>\n<p>O filme foi produzido pelo Instituto Rogacionista entre fevereiro e agosto deste ano. Inspirado na vida de An\u00edbal Maria Di Francia, \u201cPor Amor aos Pobres\u201d tem como cen\u00e1rio a cidade de Messina, It\u00e1lia, no contexto da guerra de unifica\u00e7\u00e3o daquele pa\u00eds, no s\u00e9culo 19. Ao escrever uma carta aos diretores de jornais da cidade, padre An\u00edbal recorda momentos de sua inf\u00e2ncia e juventude. A inten\u00e7\u00e3o da carta \u00e9 denunciar a injusti\u00e7a dos governantes frente \u00e0 repress\u00e3o aos pobres e exclu\u00eddos. O filme revela o jovem An\u00edbal entusiasmado e convicto de seu ideal, de transformar a situa\u00e7\u00e3o dos moradores de Avinh\u00e3o (Avignon), local degradado de Messina e que no filme \u00e9 s\u00edmbolo das periferias existenciais e geogr\u00e1ficas da humanidade.<\/p>\n<p>No debate, o pe. L\u00e9dio contou que o objetivo do filme \u00e9 inspirar os jovens sobre a voca\u00e7\u00e3o de se viver \u201cpara os pobres\u201d. Koxne contou sobre como\u00a0 A atividade durou mais de uma hora. O p\u00fablico, formado por fam\u00edlias e moradores de rua que frequentam os projetos sociais ligados ao Instituto al\u00e9m de moradores da regi\u00e3o, participou com questionamentos sobre o processos de pesquisa hist\u00f3rica da produ\u00e7\u00e3o e as loca\u00e7\u00f5es escolhidas para retratar o ambiente vivido pelo santo na It\u00e1lia. Ao final da sess\u00e3o foram sorteados livros doados pela ONG \u00c9h Aqui, parceira do CineB e camisetas do projeto.<\/p>\n<p>O CineB \u00e9 um circuito alternativo de exibi\u00e7\u00e3o que, desde 2007, leva cinema brasileiro para v\u00e1rias regi\u00f5es da cidade. O projeto, realizado pelo Sindicato dos Banc\u00e1rios de S\u00e3o Paulo, Osasco e regi\u00e3o e produzido pela Brazucah Produ\u00e7\u00f5es, j\u00e1 contabiliza um p\u00fablico superior a\u00a060 mil\u00a0pessoas em\u00a0mais de 480 sess\u00f5es gratuitas em comunidades e universidades de S\u00e3o Paulo. J\u00e1 foram exibidos na tela do CINEB mais de 116 longas metragens e 73 curtas metragens.<\/p>\n\t\t\t\n\t\t\t<!-- Blueimp gallery -->\n\t\t\t<div id=\"blueimp-gallery\" class=\"blueimp-gallery blueimp-gallery-controls\">\n\t\t\t\t<div class=\"slides\"><\/div>\n\t\t\t\t<h3 class=\"title\"><\/h3>\n\t\t\t\t<a class=\"prev\">\u2039<\/a>\n\t\t\t\t<a class=\"next\">\u203a<\/a>\n\t\t\t\t<a class=\"close\">\u00d7<\/a>\n\t\t\t\t<a class=\"play-pause\"><\/a>\n\t\t\t\t<ol class=\"indicator\"><\/ol>\n\t\t\t\t<div class=\"modal fade\">\n\t\t\t\t\t<div class=\"modal-dialog\">\n\t\t\t\t\t\t<div class=\"modal-content\">\n\t\t\t\t\t\t\t<div class=\"modal-header\">\n\t\t\t\t\t\t\t\t<button type=\"button\" class=\"close\" aria-hidden=\"true\">&times;<\/button>\n\t\t\t\t\t\t\t\t<h4 class=\"modal-title\"><\/h4>\n\t\t\t\t\t\t\t<\/div>\n\t\t\t\t\t\t\t<div class=\"modal-body next\"><\/div>\n\t\t\t\t\t\t\t<div class=\"modal-footer\">\n\t\t\t\t\t\t\t\t<button type=\"button\" class=\"btn btn-default pull-left prev\">\n\t\t\t\t\t\t\t\t\t<i class=\"glyphicon glyphicon-chevron-left\"><\/i>\n\t\t\t\t\t\t\t\t\tPrevious\t\t\t\t\t\t\t\t<\/button>\n\t\t\t\t\t\t\t\t<button type=\"button\" class=\"btn btn-primary next\">\n\t\t\t\t\t\t\t\t\tNext\t\t\t\t\t\t\t\t\t<i class=\"glyphicon glyphicon-chevron-right\"><\/i>\n\t\t\t\t\t\t\t\t<\/button>\n\t\t\t\t\t\t\t<\/div>\n\t\t\t\t\t\t<\/div>\n\t\t\t\t\t<\/div>\n\t\t\t\t<\/div>\n\t\t\t<\/div>\n\t\t\t<script type=\"text\/javascript\">\n\t\t\tjQuery(function() {\n\t\t\t\t\/\/ Set blueimp gallery options\n\t\t\t\tjQuery.extend(blueimp.Gallery.prototype.options, {\n\t\t\t\t\tuseBootstrapModal: false,\n\t\t\t\t\thidePageScrollbars: false\n\t\t\t\t});\n\t\t\t});\n\t\t\t<\/script>\n\t\t\t\n","protected":false},"excerpt":{"rendered":"<p>O CineB realizou uma sess\u00e3o especial do filme \u201cPor Amor aos Pobres &#8211; A Vida de Santo An\u00edbal\u201d, no Instituto[&#8230;]<\/p>\n","protected":false},"author":3,"featured_media":10633,"comment_status":"open","ping_status":"open","sticky":false,"template":"","format":"standard","meta":[],"categories":[2,6],"tags":[36,154,237,252,641,902,912,913,975,1132],"_links":{"self":[{"href":"https:\/\/projetocineb.com.br\/index.php?rest_route=\/wp\/v2\/posts\/10559"}],"collection":[{"href":"https:\/\/projetocineb.com.br\/index.php?rest_route=\/wp\/v2\/posts"}],"about":[{"href":"https:\/\/projetocineb.com.br\/index.php?rest_route=\/wp\/v2\/types\/post"}],"author":[{"embeddable":true,"href":"https:\/\/projetocineb.com.br\/index.php?rest_route=\/wp\/v2\/users\/3"}],"replies":[{"embeddable":true,"href":"https:\/\/projetocineb.com.br\/index.php?rest_route=%2Fwp%2Fv2%2Fcomments&post=10559"}],"version-history":[{"count":0,"href":"https:\/\/projetocineb.com.br\/index.php?rest_route=\/wp\/v2\/posts\/10559\/revisions"}],"wp:featuredmedia":[{"embeddable":true,"href":"https:\/\/projetocineb.com.br\/index.php?rest_route=\/wp\/v2\/media\/10633"}],"wp:attachment":[{"href":"https:\/\/projetocineb.com.br\/index.php?rest_route=%2Fwp%2Fv2%2Fmedia&parent=10559"}],"wp:term":[{"taxonomy":"category","embeddable":true,"href":"https:\/\/projetocineb.com.br\/index.php?rest_route=%2Fwp%2Fv2%2Fcategories&post=10559"},{"taxonomy":"post_tag","embeddable":true,"href":"https:\/\/projetocineb.com.br\/index.php?rest_route=%2Fwp%2Fv2%2Ftags&post=10559"}],"curies":[{"name":"wp","href":"https:\/\/api.w.org\/{rel}","templated":true}]}}