{"id":10568,"date":"2017-11-27T19:54:13","date_gmt":"2017-11-27T21:54:13","guid":{"rendered":"http:\/\/projetocineb.com.br\/?p=10568"},"modified":"2017-11-27T19:54:13","modified_gmt":"2017-11-27T21:54:13","slug":"cinema-ao-ar-livre-na-zona-sul-2","status":"publish","type":"post","link":"https:\/\/projetocineb.com.br\/?p=10568","title":{"rendered":"Cinema ao ar livre na Zona Sul"},"content":{"rendered":"<p><em>O CineB esteve no \u00faltimo s\u00e1bado, 25\/11, no Conjunto Habitacional Am\u00e9rica do Sul, regi\u00e3o do Graja\u00fa, para exibir \u201cD.P.A. &#8211; Detetives do Pr\u00e9dio Azul\u201d, de Andr\u00e9 Pellenz. A sess\u00e3o aconteceu ao ar livre na quadra do condom\u00ednio. Ao final, as crian\u00e7as que assisitiram ao filme realizaram um animado debate.<\/em><\/p>\n<p>Os moradores do Condom\u00ednio San Lorenzo, localizado no Jardim Belcito, Zona Sul de S\u00e2o Paulo, estavam, no \u00faltimo s\u00e1bado, 25\/11, na expectativa para receber o CineB. Isso porque em agosto, o projeto esteve no condom\u00ednio Santiago, ao lado do San Lorenzo para exibir \u201cDom\u00e9stica\u201d. Ambos os condom\u00ednios integram o Conjunto Habitacional Am\u00e9rica do Sul, inaugurado no in\u00edcio desse ano, com 1.188 apartamentos divididos em condom\u00ednios. O projeto foi uma iniciativa do ex-prefeito Fernando Haddad (PT), que uniu os poderes municipal, estadual e federal para garantir moradia de qualidade para a popula\u00e7\u00e3o de v\u00e1rias \u00e1reas de risco da regi\u00e3o do Graja\u00fa e tamb\u00e9m de outras \u00e1reas da cidade.<br \/>\nA sess\u00e3o ao ar livre levou mais de 120 moradores \u00e0 quadra esportiva do condom\u00ednio que se transformou em uma bel\u00edssima sala de cinema, com a ajuda do tempo, que contribuiu com uma noite agrad\u00e1vel.<\/p>\n<p>O filme em cartaz, \u201cD.P.A. &#8211; Detetives do Pr\u00e9dio Azul\u201d, \u00e9 uma s\u00e9rie exibida na TV Cultura que virou longa-metragem. Os protagonistas s\u00e3o confrontados com o maior caso de suas vidas: salvar o pr\u00f3prio edif\u00edcio da destrui\u00e7\u00e3o. Pippo, Sol e Bento se infiltram na festa de Dona Leoc\u00e1dia, a terr\u00edvel s\u00edndica. L\u00e1 eles presenciam um crime &#8220;m\u00e1gico&#8221;, que condena o Pr\u00e9dio Azul a uma demoli\u00e7\u00e3o de emerg\u00eancia. Para completar, a \u00fanica testemunha &#8211; o quadro falante da V\u00f3 Berta &#8211; desaparece. Para resolver o caso, os detetives contam com a ajuda do porteiro Severino, que empresta sua Kombi azul para ser a sede de investiga\u00e7\u00e3o. A aventura fica completa quando Tom, Mila e Capim, fundadores do clubinho original, entram em cena para ajudar no caso.<\/p>\n<p>M\u00e1rcia Santos dos Santos, a cond\u00f4mina do San Lorenzo, que conta com 204 fam\u00edlias, foi quem articulou o retorno do CineB para o Am\u00e9rica do Sul em menos de tr\u00eas meses. Ela esteve na sess\u00e3o no Condom\u00ednio Santiago. \u201cEu levei minha fam\u00edlia e gostei. Conversei com o Cid\u00e1lio [Vieira Santos, coordenador do CineB] e tivemos uma nova sess\u00e3o, dessa vez no nosso condom\u00ednio. Todos estavam esperando, muitos s\u00f3 conheceram o que \u00e9 um cinema quando vieram morar aqui porque tem o CEU\u201d, explica. O Conjunto Habitacional fica ao lado do CEU Tr\u00eas Lagos, que possui uma sala de cinema, que integra o circuito SPCine.<\/p>\n<p>Dona Eva Maria da Silva mora com dois filhos e um neto, mas estava sozinha na sess\u00e3o. \u201c\u00c9 bem perto de casa, n\u00e9, vale a pena vir\u201d. Ela conta que s\u00f3 assistiu a um filme no cinema em toda a vida: \u201cFoi Ghost\u201d. J\u00e1 Ana Maria da Silva trouxe toda a fam\u00edlia para assistir ao filme: as filhas Angela e Gabriela e as netas Ester e Evelyn, que assistiu a todo o filme confortavelmente em seu carrinho de beb\u00ea. \u201cA gente sai da rotina, se diverte um pouco\u201d, explica.<\/p>\n<p>Jaqueline Suzan Jesus de Souza, respons\u00e1vel por levar o CineB pela primeira vez no Jardim Belcito, conta que a primeira exibi\u00e7\u00e3o repercutiu muito. \u201cSomos em sete condom\u00ednios e agora todos querem receber o cinema\u201d, completa.<\/p>\n<p>Ao final da sess\u00e3o, Cid\u00e1lio organizou um debate com cinco crian\u00e7as que assistiram ao filme: Guilherme dos Santos (14 anos), Julio Santos Oliveira (12 anos), Thayla Vit\u00f3ria (10 anos), aniversariante do dia, Camila David Alves (12 anos) e Michaelly Concei\u00e7\u00e3o, que auxiliou a produ\u00e7\u00e3o do projeto a montar a sess\u00e3o na quadra esportiva.<br \/>\nO CineB \u00e9 um circuito alternativo de exibi\u00e7\u00e3o que, desde 2007, leva cinema brasileiro para v\u00e1rias regi\u00f5es da cidade. O projeto, realizado pelo Sindicato dos Banc\u00e1rios de S\u00e3o Paulo, Osasco e regi\u00e3o e produzido pela Brazucah Produ\u00e7\u00f5es, j\u00e1 contabiliza um p\u00fablico superior a\u00a060 mil\u00a0pessoas em\u00a0mais de 480 sess\u00f5es gratuitas em comunidades e universidades de S\u00e3o Paulo. J\u00e1 foram exibidos na tela do CINEB mais de 116 longas metragens e 73 curtas metragens.<\/p>\n\t\t\t\n\t\t\t<!-- Blueimp gallery -->\n\t\t\t<div id=\"blueimp-gallery\" class=\"blueimp-gallery blueimp-gallery-controls\">\n\t\t\t\t<div class=\"slides\"><\/div>\n\t\t\t\t<h3 class=\"title\"><\/h3>\n\t\t\t\t<a class=\"prev\">\u2039<\/a>\n\t\t\t\t<a class=\"next\">\u203a<\/a>\n\t\t\t\t<a class=\"close\">\u00d7<\/a>\n\t\t\t\t<a class=\"play-pause\"><\/a>\n\t\t\t\t<ol class=\"indicator\"><\/ol>\n\t\t\t\t<div class=\"modal fade\">\n\t\t\t\t\t<div class=\"modal-dialog\">\n\t\t\t\t\t\t<div class=\"modal-content\">\n\t\t\t\t\t\t\t<div class=\"modal-header\">\n\t\t\t\t\t\t\t\t<button type=\"button\" class=\"close\" aria-hidden=\"true\">&times;<\/button>\n\t\t\t\t\t\t\t\t<h4 class=\"modal-title\"><\/h4>\n\t\t\t\t\t\t\t<\/div>\n\t\t\t\t\t\t\t<div class=\"modal-body next\"><\/div>\n\t\t\t\t\t\t\t<div class=\"modal-footer\">\n\t\t\t\t\t\t\t\t<button type=\"button\" class=\"btn btn-default pull-left prev\">\n\t\t\t\t\t\t\t\t\t<i class=\"glyphicon glyphicon-chevron-left\"><\/i>\n\t\t\t\t\t\t\t\t\tPrevious\t\t\t\t\t\t\t\t<\/button>\n\t\t\t\t\t\t\t\t<button type=\"button\" class=\"btn btn-primary next\">\n\t\t\t\t\t\t\t\t\tNext\t\t\t\t\t\t\t\t\t<i class=\"glyphicon glyphicon-chevron-right\"><\/i>\n\t\t\t\t\t\t\t\t<\/button>\n\t\t\t\t\t\t\t<\/div>\n\t\t\t\t\t\t<\/div>\n\t\t\t\t\t<\/div>\n\t\t\t\t<\/div>\n\t\t\t<\/div>\n\t\t\t<script type=\"text\/javascript\">\n\t\t\tjQuery(function() {\n\t\t\t\t\/\/ Set blueimp gallery options\n\t\t\t\tjQuery.extend(blueimp.Gallery.prototype.options, {\n\t\t\t\t\tuseBootstrapModal: false,\n\t\t\t\t\thidePageScrollbars: false\n\t\t\t\t});\n\t\t\t});\n\t\t\t<\/script>\n\t\t\t\n<p>&nbsp;<\/p>\n<p>&nbsp;<\/p>\n","protected":false},"excerpt":{"rendered":"<p>O CineB esteve no \u00faltimo s\u00e1bado, 25\/11, no Conjunto Habitacional Am\u00e9rica do Sul, regi\u00e3o do Graja\u00fa, para exibir \u201cD.P.A. &#8211;[&#8230;]<\/p>\n","protected":false},"author":3,"featured_media":10634,"comment_status":"open","ping_status":"open","sticky":false,"template":"","format":"standard","meta":[],"categories":[2,6],"tags":[234,252,320,324,385,577,663,671,783,1132],"_links":{"self":[{"href":"https:\/\/projetocineb.com.br\/index.php?rest_route=\/wp\/v2\/posts\/10568"}],"collection":[{"href":"https:\/\/projetocineb.com.br\/index.php?rest_route=\/wp\/v2\/posts"}],"about":[{"href":"https:\/\/projetocineb.com.br\/index.php?rest_route=\/wp\/v2\/types\/post"}],"author":[{"embeddable":true,"href":"https:\/\/projetocineb.com.br\/index.php?rest_route=\/wp\/v2\/users\/3"}],"replies":[{"embeddable":true,"href":"https:\/\/projetocineb.com.br\/index.php?rest_route=%2Fwp%2Fv2%2Fcomments&post=10568"}],"version-history":[{"count":0,"href":"https:\/\/projetocineb.com.br\/index.php?rest_route=\/wp\/v2\/posts\/10568\/revisions"}],"wp:featuredmedia":[{"embeddable":true,"href":"https:\/\/projetocineb.com.br\/index.php?rest_route=\/wp\/v2\/media\/10634"}],"wp:attachment":[{"href":"https:\/\/projetocineb.com.br\/index.php?rest_route=%2Fwp%2Fv2%2Fmedia&parent=10568"}],"wp:term":[{"taxonomy":"category","embeddable":true,"href":"https:\/\/projetocineb.com.br\/index.php?rest_route=%2Fwp%2Fv2%2Fcategories&post=10568"},{"taxonomy":"post_tag","embeddable":true,"href":"https:\/\/projetocineb.com.br\/index.php?rest_route=%2Fwp%2Fv2%2Ftags&post=10568"}],"curies":[{"name":"wp","href":"https:\/\/api.w.org\/{rel}","templated":true}]}}