{"id":10580,"date":"2017-12-03T18:50:09","date_gmt":"2017-12-03T20:50:09","guid":{"rendered":"http:\/\/projetocineb.com.br\/?p=10580"},"modified":"2017-12-03T18:50:09","modified_gmt":"2017-12-03T20:50:09","slug":"debate-com-criancas-e-atracao-na-vila-nova-uniao","status":"publish","type":"post","link":"https:\/\/projetocineb.com.br\/?p=10580","title":{"rendered":"Debate com crian\u00e7as \u00e9 atra\u00e7\u00e3o na Vila Nova Uni\u00e3o"},"content":{"rendered":"<p><em><i>O CineB trouxe, mais uma vez, uma novidade para a sess\u00e3o da \u00faltima sexta-feira, 1\/12, que aconteceu na ONG Procedu, na Zona Leste de S\u00e3o Paulo: um debate entre crian\u00e7as. Os participantes analisaram o filme \u201cDetetives do Pr\u00e9dio Azul\u201d, de Andr\u00e9 Pellenz.<\/i><\/em><\/p>\n<p>Ariane Souza (13 anos), Ana Karoline Costa (7 anos), Celina Roseno (10 anos), Erisv\u00e2nio J\u00fanior (10 anos), Manoele da Cruz (10 anos), Vit\u00f3ria Educarda das Flores (7 anos), Murilo Oscar (6 anos) e Igor Alves (8 anos), todos moradores do bairro Uni\u00e3o da Vila Nova foram os protagonistas da sess\u00e3o que aconteceu na \u00faltima sexta-feira, 1\/12, na ONG Procedu &#8211; Projeto Cultural Educacional Novo Pantanal. O grupo participou, ap\u00f3s a exibi\u00e7\u00e3o do filme <em><i>Detetives do P\u00e9dio Azul (D.P.A.)<\/i><\/em>, de Andr\u00e9 Pellenz, de um debate sobre o filme. \u00c9 a primeira vez que o CineB organiza sess\u00f5es envolvendo as crian\u00e7as em debates &#8211; a primeira sess\u00e3o aconteceu no Graja\u00fa, no dia 25\/11. A plateia, com cerca de 200 pessoas, formada em grande parte por crian\u00e7as das fam\u00edlias que frequentam o espa\u00e7o, participou do debate fazendo questionamentos aos oito integrantes da mesa debatedora sobre o nome dos personagens e situa\u00e7\u00f5es que ocorreram no filme. A cada resposta certa, o p\u00fablico aplaudia o debatedor, transformando a atividade num gostoso bate-papo sobre o filme.<\/p>\n<figure id=\"attachment_10591\" aria-describedby=\"caption-attachment-10591\" style=\"width: 831px\" class=\"wp-caption alignnone\"><a href=\"http:\/\/projetocineb.com.br\/wp-content\/uploads\/2017\/12\/DSC_0102.jpg\"><img fetchpriority=\"high\" decoding=\"async\" class=\"size-full wp-image-10591\" src=\"http:\/\/projetocineb.com.br\/wp-content\/uploads\/2017\/12\/DSC_0102.jpg\" alt=\"\" width=\"831\" height=\"552\" \/><\/a><figcaption id=\"caption-attachment-10591\" class=\"wp-caption-text\">Na abertura oficial, Z\u00e9 M\u00e1rio, representando o Sindicato dos Banc\u00e1rios de S\u00e3o Paulo, Cid\u00e1lio Vieira, coordenador do CineB e Everton Marc\u00edlio, gerente no Procedu. Ao fundo, comunidade lota espa\u00e7o para assistir &#8220;Detetives do Pr\u00e9dio Azul&#8221;.<\/figcaption><\/figure>\n<p>O longa-metragem \u201cDetetives do Pr\u00e9dio Azul\u201d, \u00e9 uma vers\u00e3o de uma s\u00e9rie exibida na TV Cultura. Os protagonistas s\u00e3o confrontados com o maior caso de suas vidas: salvar o pr\u00f3prio edif\u00edcio da destrui\u00e7\u00e3o. Pippo, Sol e Bento se infiltram na festa de Dona Leoc\u00e1dia, a terr\u00edvel s\u00edndica. L\u00e1 eles presenciam um crime &#8220;m\u00e1gico&#8221;, que condena o Pr\u00e9dio Azul a uma demoli\u00e7\u00e3o de emerg\u00eancia. Para completar, a \u00fanica testemunha &#8211; o quadro falante da V\u00f3 Berta &#8211; desaparece. Para resolver o caso, os detetives contam\u00a0com a ajuda do porteiro Severino, que empresta sua Kombi azul para ser a sede de investiga\u00e7\u00e3o. A aventura fica completa quando Tom, Mila e Capim, fundadores do clubinho original, entram em cena\u00a0para ajudar no caso.<\/p>\n<p>Tanto p\u00fablico como os debatedores conheciam personagens e situa\u00e7\u00f5es do longa. Igor, por exemplo, comprou o v\u00eddeo e assistiu v\u00e1rias vezes o filme em casa. Bianca Is\u00eddio da Silva (10 anos), que fez o papel, no debate, da assistente de produ\u00e7\u00e3o, levando o microfone \u00e0 pessoas que faziam perguntas, contou que assiste \u201cquase todo dia o seriado\u201d.<\/p>\n<p>E n\u00e3o foram somente as crian\u00e7as que adoraram a sess\u00e3o do CineB. A cearense Gorete Alves Xavier Santos, 55 anos, moradora do bairro h\u00e1 quase 30 anos, \u00e9 f\u00e3 do seriado. \u201cEu asisto todas as noites, antes do jornal\u201d, revela. Acompanhada pela filha, ela conta que nunca foi a uma sala de cinema. \u201cEu n\u00e3o podia perder essa oportunidade. A sess\u00e3o foi maravilhosa e o debate, \u00f3timo\u201d, confessou, deslumbrada com a sess\u00e3o.<\/p>\n<p>Para Z\u00e9 Mario, funcion\u00e1rio do Sindicato dos Banc\u00e1rios e representante da Uni\u00e3o da Vila Nova no Conselho Participativo da cidade de S\u00e3o Paulo, a comunidade est\u00e1 sempre prestigiando o projeto: \u201c\u00e9 sempre casa cheia, as crian\u00e7as gostam, os pais tamb\u00e9m. CineB \u00e9 um espa\u00e7o democr\u00e1tico onde todos participam sem nenhum custo e que faz esse papel da socializa\u00e7\u00e3o do cinema brasileiro\u201d, completa.<\/p>\n<p>Segundo o gerente do Servi\u00e7o de Assist\u00eancia Social \u00e0 Fam\u00edlia (SASF) do Procedu, Everton Marc\u00edlio, \u201ccada vez que \u00e9 anunciado que o CineB vem para Uni\u00e3o de Vila Nova, os moradores ficam na maior expectativa porque \u00e9 um projeto muito bom que tem colaborado com nosso trabalho e trazido muita cultura e cidadania para nosso bairro\u201d, elogia.<\/p>\n<p>Valter Passarinho, ex-militante sindical, que atua na ONG Nova Uni\u00e3o da Arte (NUA), \u00a0acompanhou pela primeira vez uma sess\u00e3o e elogiou o projeto: \u201c\u00e9 importante trazer o cinema e o debate, discutindo e fazendo a forma\u00e7\u00e3o de p\u00fablico. Eu comparo o trabalho do CineB ao Teatro do Oprimido, de Augusto Boal, pois traz um contexto social muito forte. As crian\u00e7as sendo protagonistas em um debate, fazendo parte da mesa, isso vai marcar suas vidas. Vai passar 20, 30, 40 anos e elas v\u00e3o lembrar disso\u201d, destaca.<\/p>\n<p><span style=\"font-size: 1.0625rem;\">Cid\u00e1lio Vieira Santos, coordenador do CineB, comentou, no encerramento da atividade, que diante do grande sucesso que tem sido as sess\u00f5es, ele pretende &#8220;<\/span>sentar com a equipe do Procedu para organizar uma exibi\u00e7\u00e3o na rua, ao ar livre, em frente \u00e0 entidade,\u00a0 com uma tela maior. Assim podemos atender mais pessoas&#8221;, finaliza.<img decoding=\"async\" class=\"ajT\" style=\"font-size: 1.0625rem;\" src=\"https:\/\/ssl.gstatic.com\/ui\/v1\/icons\/mail\/images\/cleardot.gif\" \/><\/p>\n<p><span style=\"font-size: 1.0625rem;\">O CineB \u00e9 um circuito alternativo de exibi\u00e7\u00e3o que, desde 2007, leva cinema brasileiro para v\u00e1rias regi\u00f5es da cidade. O projeto, realizado pelo Sindicato dos Banc\u00e1rios de S\u00e3o Paulo, Osasco e regi\u00e3o e produzido pela Brazucah Produ\u00e7\u00f5es, j\u00e1 contabiliza um p\u00fablico superior a\u00a060\u00a0mil\u00a0pessoas em\u00a0mais de 480 sess\u00f5es gratuitas em comunidades e universidades de S\u00e3o Paulo. J\u00e1 foram exibidos na tela do CINEB mais de 116\u00a0longas\u00a0metragens e 73\u00a0curtas\u00a0metragens.<\/span><\/p>\n\t\t\t\n\t\t\t<!-- Blueimp gallery -->\n\t\t\t<div id=\"blueimp-gallery\" class=\"blueimp-gallery blueimp-gallery-controls\">\n\t\t\t\t<div class=\"slides\"><\/div>\n\t\t\t\t<h3 class=\"title\"><\/h3>\n\t\t\t\t<a class=\"prev\">\u2039<\/a>\n\t\t\t\t<a class=\"next\">\u203a<\/a>\n\t\t\t\t<a class=\"close\">\u00d7<\/a>\n\t\t\t\t<a class=\"play-pause\"><\/a>\n\t\t\t\t<ol class=\"indicator\"><\/ol>\n\t\t\t\t<div class=\"modal fade\">\n\t\t\t\t\t<div class=\"modal-dialog\">\n\t\t\t\t\t\t<div class=\"modal-content\">\n\t\t\t\t\t\t\t<div class=\"modal-header\">\n\t\t\t\t\t\t\t\t<button type=\"button\" class=\"close\" aria-hidden=\"true\">&times;<\/button>\n\t\t\t\t\t\t\t\t<h4 class=\"modal-title\"><\/h4>\n\t\t\t\t\t\t\t<\/div>\n\t\t\t\t\t\t\t<div class=\"modal-body next\"><\/div>\n\t\t\t\t\t\t\t<div class=\"modal-footer\">\n\t\t\t\t\t\t\t\t<button type=\"button\" class=\"btn btn-default pull-left prev\">\n\t\t\t\t\t\t\t\t\t<i class=\"glyphicon glyphicon-chevron-left\"><\/i>\n\t\t\t\t\t\t\t\t\tPrevious\t\t\t\t\t\t\t\t<\/button>\n\t\t\t\t\t\t\t\t<button type=\"button\" class=\"btn btn-primary next\">\n\t\t\t\t\t\t\t\t\tNext\t\t\t\t\t\t\t\t\t<i class=\"glyphicon glyphicon-chevron-right\"><\/i>\n\t\t\t\t\t\t\t\t<\/button>\n\t\t\t\t\t\t\t<\/div>\n\t\t\t\t\t\t<\/div>\n\t\t\t\t\t<\/div>\n\t\t\t\t<\/div>\n\t\t\t<\/div>\n\t\t\t<script type=\"text\/javascript\">\n\t\t\tjQuery(function() {\n\t\t\t\t\/\/ Set blueimp gallery options\n\t\t\t\tjQuery.extend(blueimp.Gallery.prototype.options, {\n\t\t\t\t\tuseBootstrapModal: false,\n\t\t\t\t\thidePageScrollbars: false\n\t\t\t\t});\n\t\t\t});\n\t\t\t<\/script>\n\t\t\t\n","protected":false},"excerpt":{"rendered":"<p>O CineB trouxe, mais uma vez, uma novidade para a sess\u00e3o da \u00faltima sexta-feira, 1\/12, que aconteceu na ONG Procedu,[&#8230;]<\/p>\n","protected":false},"author":3,"featured_media":10681,"comment_status":"open","ping_status":"open","sticky":false,"template":"","format":"standard","meta":[],"categories":[2,6],"tags":[75,252,385,501,897,996,1132,1192,1204],"_links":{"self":[{"href":"https:\/\/projetocineb.com.br\/index.php?rest_route=\/wp\/v2\/posts\/10580"}],"collection":[{"href":"https:\/\/projetocineb.com.br\/index.php?rest_route=\/wp\/v2\/posts"}],"about":[{"href":"https:\/\/projetocineb.com.br\/index.php?rest_route=\/wp\/v2\/types\/post"}],"author":[{"embeddable":true,"href":"https:\/\/projetocineb.com.br\/index.php?rest_route=\/wp\/v2\/users\/3"}],"replies":[{"embeddable":true,"href":"https:\/\/projetocineb.com.br\/index.php?rest_route=%2Fwp%2Fv2%2Fcomments&post=10580"}],"version-history":[{"count":0,"href":"https:\/\/projetocineb.com.br\/index.php?rest_route=\/wp\/v2\/posts\/10580\/revisions"}],"wp:featuredmedia":[{"embeddable":true,"href":"https:\/\/projetocineb.com.br\/index.php?rest_route=\/wp\/v2\/media\/10681"}],"wp:attachment":[{"href":"https:\/\/projetocineb.com.br\/index.php?rest_route=%2Fwp%2Fv2%2Fmedia&parent=10580"}],"wp:term":[{"taxonomy":"category","embeddable":true,"href":"https:\/\/projetocineb.com.br\/index.php?rest_route=%2Fwp%2Fv2%2Fcategories&post=10580"},{"taxonomy":"post_tag","embeddable":true,"href":"https:\/\/projetocineb.com.br\/index.php?rest_route=%2Fwp%2Fv2%2Ftags&post=10580"}],"curies":[{"name":"wp","href":"https:\/\/api.w.org\/{rel}","templated":true}]}}