{"id":10595,"date":"2017-12-07T12:41:44","date_gmt":"2017-12-07T14:41:44","guid":{"rendered":"http:\/\/projetocineb.com.br\/?p=10595"},"modified":"2017-12-07T12:41:44","modified_gmt":"2017-12-07T14:41:44","slug":"cineb-solar-ao-ar-livre-em-itaquera","status":"publish","type":"post","link":"https:\/\/projetocineb.com.br\/?p=10595","title":{"rendered":"CineB Solar ao ar livre em Itaquera"},"content":{"rendered":"<p><em>CineB utilizou energia solar na sess\u00e3o ao ar livre da \u00faltima ter\u00e7a-feira, 5\/12, no Santu\u00e1rio Nossa Senhora da Paz, em Itaquera, Zona Leste da capital. Em cartaz, o m\u00e9dia-metragem \u201cAmor aos Pobres &#8211; A Voca\u00e7\u00e3o de Santo An\u00edbal\u201d, de Osmar Koxne, que participou de um debate ap\u00f3s a exibi\u00e7\u00e3o do filme.<\/em><\/p>\n<figure id=\"attachment_10597\" aria-describedby=\"caption-attachment-10597\" style=\"width: 831px\" class=\"wp-caption alignnone\"><a href=\"http:\/\/projetocineb.com.br\/wp-content\/uploads\/2017\/12\/DSC_0026.jpg\"><img fetchpriority=\"high\" decoding=\"async\" class=\"size-full wp-image-10597\" src=\"http:\/\/projetocineb.com.br\/wp-content\/uploads\/2017\/12\/DSC_0026.jpg\" alt=\"\" width=\"831\" height=\"552\" \/><\/a><figcaption id=\"caption-attachment-10597\" class=\"wp-caption-text\">Sess\u00e3o aconteceu no estacionamento do santu\u00e1rio utilizando exclusivamente energia solar. Veja todas fotos ao final do post.<\/figcaption><\/figure>\n<p>Mais uma vez o CineB trouxe uma novidade para comemorar os 10 anos de jornada do projeto: a realiza\u00e7\u00e3o de uma sess\u00e3o ao ar livre com utiliza\u00e7\u00e3o exclusiva de energia solar, captada atrav\u00e9s de placas solares que ficam sobre um ve\u00edculo adaptado para esse fim. A sess\u00e3o aconteceu na \u00faltima ter\u00e7a-feira, 5\/12, no estacionamento do Santu\u00e1rio Nossa Senhora da Paz, localizado pr\u00f3ximo ao Parque do Carmo, em Itaquera, Zona Leste de S\u00e3o Paulo.<\/p>\n<p>As 200 cadeiras montadas no estacionamento do santu\u00e1rio estavam completamente lotadas para acompanhar o m\u00e9dia-metragem \u201cAmor aos Pobres &#8211; A Voca\u00e7\u00e3o de Santo An\u00edbal\u201d, uma produ\u00e7\u00e3o brasileira dirigida por Osmar Koxne que conta a hist\u00f3ria do padre An\u00edbal Maria Di Francia, que dedicou toda sua vida na defesa dos mais pobres e necessitados na It\u00e1lia do final do s\u00e9culo XIX, fundou a congrega\u00e7\u00e3o Rogacionista e foi canonizado em 2004 pelo papa Jo\u00e3o Paulo II.<\/p>\n<p>O CineB Solar foi a primeira experi\u00eancia do projeto em utilizar uma tecnologia desenvolvida pela Brazucah Produ\u00e7\u00f5es, respons\u00e1vel pelo CineB em parceria com o Sindicato dos Banc\u00e1rios de S\u00e3o Paulo, Osasco e regi\u00e3o, com objetivo de integrar o trabalho cultural de democratiza\u00e7\u00e3o do cinema brasileiro com consci\u00eancia ambiental e sustentabilidade.<\/p>\n<p>O ve\u00edculo adaptado para captar e armazenar a energia solar para exibir filmes \u00e9 um projeto desenvolvido exclusivamente pela Brazucah Produ\u00e7\u00f5es.\u00a0O Cinesolar, como o projeto \u00e9 conhecido, \u00e9 o primeiro cinema itinerante do Brasil movido a energia limpa e renov\u00e1vel. Exibe filmes brasileiros a partir da energia solar e promove arte e sustentabilidade atrav\u00e9s de oficinas art\u00edsticas e l\u00fadicas.\u00a0 Saiba mais em\u00a0<a href=\"http:\/\/www.cinesolar.com.br\">www.cinesolar.com.br<\/a>.<\/p>\n<p>A experi\u00eancia deu t\u00e3o certo que para o coordenador do CineB, CId\u00e1lio VIeira Santos, a expectativa \u00e9 transformar a energia el\u00e9trica para energia solar em todas as sess\u00f5es do projeto. \u201cVamos conversar com o sindicato, para debater o assunto, pois essa mudan\u00e7a pode trazer avan\u00e7os\u201d, reflete.<br \/>\nPara Cynthia Alario, diretora da Brazucah Produ\u00e7\u00f5es e coordenadora do Cinesolar, o CineB Solar pode dar muito certo, porque al\u00e9m do projeto tratar da democratiza\u00e7\u00e3o da cultura e do cinema brasileiro, \u201ctamb\u00e9m pode trazer \u00e0 tona o tema da energia renov\u00e1vel, principalmente hoje com as caras contas de luz \u00e9 mais do que necess\u00e1rio repensar como gerar energia el\u00e9trica. E o habitante de casa pode gerar energia. Queremos difundir esse conceito, essa ideia\u201d, refor\u00e7a.<\/p>\n<p>Outro entusiasta da proposta foi o Padre Dimas Carvalho, p\u00e1roco do santu\u00e1rio. \u201cEu achei a ideia de fazer ao ar livre com energia solar de uma ousadia total. Eu n\u00e3o esperava um tempo gostoso e nem esperava tantas pessoas. O CineB d\u00e1 um passo adiante daquilo que ele se prop\u00f5e a fazer, que \u00e9 levar o cinema, porque agora pode ir mais al\u00e9m\u201d, completa.<\/p>\n<p>No debate organizado pela produ\u00e7\u00e3o logo ap\u00f3s a exibi\u00e7\u00e3o do filme, padre Dimas elogiou a atualidade do filme, \u201cque retrata uma situa\u00e7\u00e3o de higieniza\u00e7\u00e3o e ca\u00e7a aos pobres no s\u00e9culo retrasado que a gente v\u00ea se repetir nos dias de hoje pelo atual prefeito de S\u00e3o Paulo\u201d. O padre aproveitou para valorizar o trabalho desenvolvido pela Pastoral de Rua da igreja e pelos vicentinos, que participaram do debate com muitos coment\u00e1rios e perguntas para os debatedores. Maria Luiza Gomes, de 5 anos, acompanhada do v\u00f4, Gen\u00e9sio Jos\u00e9, de 76 anos, aproveitou para deixar sua mensagem sobre a \u201cimport\u00e2ncia de cuidar e dar muito carinho a quem precisa\u201d.<\/p>\n<p>Cynthia e Koxne que tamb\u00e9m formaram a mesa de debate ao lado do padre Dimas e Cid\u00e1lio, responderam quest\u00f5es feitas pelo p\u00fablico sobre a produ\u00e7\u00e3o do filme e quest\u00f5es de sustentabilidade. \u201cEstou adorando muito. O CineB \u00e9 uma oportunidade para a gente que n\u00e3o faz filme comercial e que n\u00e3o tem um espa\u00e7o para expor o nosso trabalho. O CineB est\u00e1 me dando essa oportunidade de trazer o filme, das pessoas verem\u201d, elogiou o diretor.<\/p>\n<p>O p\u00fablico pode conhecer como funciona o ve\u00edculo do CineB Solar utilizado para captar a energia solar durante o dia e armazen\u00e1-la para que se possa utiliz\u00e1-la \u00e0 noite, nas exibi\u00e7\u00f5es dos filmes. O CineB \u00e9 um circuito alternativo de exibi\u00e7\u00e3o que, desde 2007, leva cinema brasileiro para v\u00e1rias regi\u00f5es da cidade. O projeto, realizado pelo Sindicato dos Banc\u00e1rios de S\u00e3o Paulo, Osasco e regi\u00e3o e produzido pela Brazucah Produ\u00e7\u00f5es, j\u00e1 contabiliza um p\u00fablico superior a\u00a060 mil\u00a0pessoas em\u00a0mais de 480 sess\u00f5es gratuitas em comunidades e universidades de S\u00e3o Paulo. J\u00e1 foram exibidos na tela do CINEB mais de 116 longas metragens e 73 curtas metragens.<\/p>\n\t\t\t\n\t\t\t<!-- Blueimp gallery -->\n\t\t\t<div id=\"blueimp-gallery\" class=\"blueimp-gallery blueimp-gallery-controls\">\n\t\t\t\t<div class=\"slides\"><\/div>\n\t\t\t\t<h3 class=\"title\"><\/h3>\n\t\t\t\t<a class=\"prev\">\u2039<\/a>\n\t\t\t\t<a class=\"next\">\u203a<\/a>\n\t\t\t\t<a class=\"close\">\u00d7<\/a>\n\t\t\t\t<a class=\"play-pause\"><\/a>\n\t\t\t\t<ol class=\"indicator\"><\/ol>\n\t\t\t\t<div class=\"modal fade\">\n\t\t\t\t\t<div class=\"modal-dialog\">\n\t\t\t\t\t\t<div class=\"modal-content\">\n\t\t\t\t\t\t\t<div class=\"modal-header\">\n\t\t\t\t\t\t\t\t<button type=\"button\" class=\"close\" aria-hidden=\"true\">&times;<\/button>\n\t\t\t\t\t\t\t\t<h4 class=\"modal-title\"><\/h4>\n\t\t\t\t\t\t\t<\/div>\n\t\t\t\t\t\t\t<div class=\"modal-body next\"><\/div>\n\t\t\t\t\t\t\t<div class=\"modal-footer\">\n\t\t\t\t\t\t\t\t<button type=\"button\" class=\"btn btn-default pull-left prev\">\n\t\t\t\t\t\t\t\t\t<i class=\"glyphicon glyphicon-chevron-left\"><\/i>\n\t\t\t\t\t\t\t\t\tPrevious\t\t\t\t\t\t\t\t<\/button>\n\t\t\t\t\t\t\t\t<button type=\"button\" class=\"btn btn-primary next\">\n\t\t\t\t\t\t\t\t\tNext\t\t\t\t\t\t\t\t\t<i class=\"glyphicon glyphicon-chevron-right\"><\/i>\n\t\t\t\t\t\t\t\t<\/button>\n\t\t\t\t\t\t\t<\/div>\n\t\t\t\t\t\t<\/div>\n\t\t\t\t\t<\/div>\n\t\t\t\t<\/div>\n\t\t\t<\/div>\n\t\t\t<script type=\"text\/javascript\">\n\t\t\tjQuery(function() {\n\t\t\t\t\/\/ Set blueimp gallery options\n\t\t\t\tjQuery.extend(blueimp.Gallery.prototype.options, {\n\t\t\t\t\tuseBootstrapModal: false,\n\t\t\t\t\thidePageScrollbars: false\n\t\t\t\t});\n\t\t\t});\n\t\t\t<\/script>\n\t\t\t\n","protected":false},"excerpt":{"rendered":"<p>CineB utilizou energia solar na sess\u00e3o ao ar livre da \u00faltima ter\u00e7a-feira, 5\/12, no Santu\u00e1rio Nossa Senhora da Paz, em[&#8230;]<\/p>\n","protected":false},"author":3,"featured_media":10814,"comment_status":"open","ping_status":"open","sticky":false,"template":"","format":"standard","meta":[],"categories":[2,6],"tags":[154,237,252,255,287,362,897,902,904,1091,1132],"_links":{"self":[{"href":"https:\/\/projetocineb.com.br\/index.php?rest_route=\/wp\/v2\/posts\/10595"}],"collection":[{"href":"https:\/\/projetocineb.com.br\/index.php?rest_route=\/wp\/v2\/posts"}],"about":[{"href":"https:\/\/projetocineb.com.br\/index.php?rest_route=\/wp\/v2\/types\/post"}],"author":[{"embeddable":true,"href":"https:\/\/projetocineb.com.br\/index.php?rest_route=\/wp\/v2\/users\/3"}],"replies":[{"embeddable":true,"href":"https:\/\/projetocineb.com.br\/index.php?rest_route=%2Fwp%2Fv2%2Fcomments&post=10595"}],"version-history":[{"count":0,"href":"https:\/\/projetocineb.com.br\/index.php?rest_route=\/wp\/v2\/posts\/10595\/revisions"}],"wp:featuredmedia":[{"embeddable":true,"href":"https:\/\/projetocineb.com.br\/index.php?rest_route=\/wp\/v2\/media\/10814"}],"wp:attachment":[{"href":"https:\/\/projetocineb.com.br\/index.php?rest_route=%2Fwp%2Fv2%2Fmedia&parent=10595"}],"wp:term":[{"taxonomy":"category","embeddable":true,"href":"https:\/\/projetocineb.com.br\/index.php?rest_route=%2Fwp%2Fv2%2Fcategories&post=10595"},{"taxonomy":"post_tag","embeddable":true,"href":"https:\/\/projetocineb.com.br\/index.php?rest_route=%2Fwp%2Fv2%2Ftags&post=10595"}],"curies":[{"name":"wp","href":"https:\/\/api.w.org\/{rel}","templated":true}]}}