{"id":10604,"date":"2017-12-08T16:55:18","date_gmt":"2017-12-08T18:55:18","guid":{"rendered":"http:\/\/projetocineb.com.br\/?p=10604"},"modified":"2017-12-08T16:55:18","modified_gmt":"2017-12-08T18:55:18","slug":"em-jandira-estreia-de-novo-filme","status":"publish","type":"post","link":"https:\/\/projetocineb.com.br\/?p=10604","title":{"rendered":"Em Jandira, estreia de novo filme"},"content":{"rendered":"<p><em>O CineB estreou mais um filme na \u00faltima quinta-feira, 7\/12. \u201cJo\u00e3o, o Maestro\u201d, de Mauro Lima foi exibido no Centro Comunit\u00e1rio Escola e Vida Tata Loreta, em Jandira.<\/em><\/p>\n<figure id=\"attachment_10606\" aria-describedby=\"caption-attachment-10606\" style=\"width: 831px\" class=\"wp-caption alignnone\"><a href=\"http:\/\/projetocineb.com.br\/wp-content\/uploads\/2017\/12\/DSC_0033.jpg\"><img fetchpriority=\"high\" decoding=\"async\" class=\"size-full wp-image-10606\" src=\"http:\/\/projetocineb.com.br\/wp-content\/uploads\/2017\/12\/DSC_0033.jpg\" alt=\"\" width=\"831\" height=\"552\" \/><\/a><figcaption id=\"caption-attachment-10606\" class=\"wp-caption-text\">Foi a segunda sess\u00e3o em Jandira desde novembro. Veja todas as fotos no final do post.<\/figcaption><\/figure>\n<p>O CineB retornou a Jandira na \u00faltima quinta-feira, 7\/12, para exibir um novo filme: \u201cJo\u00e3o, O Maestro\u201d de Mauro Lima. Em novembro, o CineB esteve na Comuna Urbana Dom Helder C\u00e2mara e exibiu \u201cTapete Vermelho\u201d (<a href=\"http:\/\/projetocineb.com.br\/?p=10527\">veja mat\u00e9ria aqui<\/a>). A sess\u00e3o aconteceu dessa vez no Centro Comunit\u00e1rio Escola e Vida Tata Lorena, na Vila Paschoalin, em Jandira, pr\u00f3ximo ao munic\u00edpio de Cotia. A entidade \u00e9 mantida pela Associa\u00e7\u00e3o C\u00e1ritas S\u00e3o Francisco, que desde 1983 atua com fam\u00edlias em situa\u00e7\u00e3o de vulneabilidade social.<\/p>\n<p>Segundo o Padre Jo\u00e3o Carlos Pacchin, a C\u00e1ritas atende cerca de 1.000 crian\u00e7as em centros educacionais que atuam com o contraturno escolar como a Escola e Vida. O objetivo \u00e9 oferecer forma\u00e7\u00e3o para crian\u00e7as filhas de m\u00e3es trabalhadoras. \u201cA gente cuida das crian\u00e7as at\u00e9 os 12 anos de idade [&#8230;] estamos iniciando tamb\u00e9m projetos de forma\u00e7\u00e3o profissional, atrav\u00e9s da padaria comunit\u00e1ria, de hortas comunit\u00e1rias\u201d, explica. O padre comentou que conheceu o CineB atrav\u00e9s de Luiz Cl\u00e1udio Marcolino, idealizador do projeto quando era presidente do Sindicato dos Banc\u00e1rios de S\u00e3o Paulo, Osasco e Regi\u00e3o. \u201cEle viu nosso trabalho e achou que a proposta cabia, nos colocou em contato com voc\u00eas. Para n\u00f3s \u00e9 como uma b\u00ean\u00e7\u00e3o oferecer esse projeto para a comunidade\u201d, finaliza.<\/p>\n<p>Segundo Ana Paula Lima, coordenadora pedag\u00f3gica da Escola e Vida Tata Loreta, 194 crian\u00e7as entre 6 e 12 anos recebem atendimento no contraturno escolar com oficinas de apoio pedag\u00f3gico, reciclagem, jogos e brincadeiras, artesanato, educa\u00e7\u00e3o ambiental, inform\u00e1tica e dan\u00e7a. Para ela, \u201cter o CineB na institui\u00e7\u00e3o \u00e9 uma oportunidade \u00fanica de cultura, porque poucos t\u00eam esse momento. Trabalham, estudam, v\u00e3o para a casa e n\u00e3o t\u00eam esse momento de lazer.\u201d, avalia.<\/p>\n<p>Muitas fam\u00edlias com crian\u00e7as formavam as mais de 100 pessoas que lotaram o patio da entidade e que se divertiram com o \u201cBMW Vermelho\u201d (2000) de Edu Ramos e Reinaldo Pinheiro, o primeiro curta-metragem exibido pelo projeto, em 2007. Em seguida o p\u00fablico pode acompanhar \u201cJo\u00e3o, o Maestro\u201d. O filme de Lima, narra a hist\u00f3ria do maestro Jo\u00e3o Carlos Martins considerado, quando crian\u00e7a, um prod\u00edgio do piano e uma revela\u00e7\u00e3o mundial ao se apresentar pela Am\u00e9rica e Europa. Estabelecido como pianista de sucesso na fase adulta, sobre um acidente que prejudica o movimento da m\u00e3o direita. O pianista tenta mudar de carreira mas retorna \u00e0 vida musical, agora se aprensentando em concertos com uma m\u00e3o s\u00f3. No entanto, outro acidente fez com que ele, mais uma vez, tivesse que se reinventar.<\/p>\n<p>Valmir Fagundes, morador do bairro, acompanhou toda a movimenta\u00e7\u00e3o da sess\u00e3o desde o in\u00edcio e adorou a iniciativa. \u201cO filme relaciona muitas coisas, a fama, a ca\u00edda, a reca\u00edda, mas sempre com uma retomada, mostrando que nunca nada est\u00e1 perdido\u201d, avalia. Ao final da sess\u00e3o foram sorteados camisetas e livros doados pela ONG Eh Aqui parceira do CineB e pela ONG Procedu.<\/p>\n<p>O CineB \u00e9 um circuito alternativo de exibi\u00e7\u00e3o que, desde 2007, leva cinema brasileiro para v\u00e1rias regi\u00f5es da cidade. O projeto, realizado pelo Sindicato dos Banc\u00e1rios de S\u00e3o Paulo, Osasco e regi\u00e3o e produzido pela Brazucah Produ\u00e7\u00f5es, j\u00e1 contabiliza um p\u00fablico superior a\u00a060 mil\u00a0pessoas em\u00a0mais de 480 sess\u00f5es gratuitas em comunidades e universidades de S\u00e3o Paulo. J\u00e1 foram exibidos na tela do CINEB mais de 116 longas metragens e 73 curtas metragens.<\/p>\n\t\t\t\n\t\t\t<!-- Blueimp gallery -->\n\t\t\t<div id=\"blueimp-gallery\" class=\"blueimp-gallery blueimp-gallery-controls\">\n\t\t\t\t<div class=\"slides\"><\/div>\n\t\t\t\t<h3 class=\"title\"><\/h3>\n\t\t\t\t<a class=\"prev\">\u2039<\/a>\n\t\t\t\t<a class=\"next\">\u203a<\/a>\n\t\t\t\t<a class=\"close\">\u00d7<\/a>\n\t\t\t\t<a class=\"play-pause\"><\/a>\n\t\t\t\t<ol class=\"indicator\"><\/ol>\n\t\t\t\t<div class=\"modal fade\">\n\t\t\t\t\t<div class=\"modal-dialog\">\n\t\t\t\t\t\t<div class=\"modal-content\">\n\t\t\t\t\t\t\t<div class=\"modal-header\">\n\t\t\t\t\t\t\t\t<button type=\"button\" class=\"close\" aria-hidden=\"true\">&times;<\/button>\n\t\t\t\t\t\t\t\t<h4 class=\"modal-title\"><\/h4>\n\t\t\t\t\t\t\t<\/div>\n\t\t\t\t\t\t\t<div class=\"modal-body next\"><\/div>\n\t\t\t\t\t\t\t<div class=\"modal-footer\">\n\t\t\t\t\t\t\t\t<button type=\"button\" class=\"btn btn-default pull-left prev\">\n\t\t\t\t\t\t\t\t\t<i class=\"glyphicon glyphicon-chevron-left\"><\/i>\n\t\t\t\t\t\t\t\t\tPrevious\t\t\t\t\t\t\t\t<\/button>\n\t\t\t\t\t\t\t\t<button type=\"button\" class=\"btn btn-primary next\">\n\t\t\t\t\t\t\t\t\tNext\t\t\t\t\t\t\t\t\t<i class=\"glyphicon glyphicon-chevron-right\"><\/i>\n\t\t\t\t\t\t\t\t<\/button>\n\t\t\t\t\t\t\t<\/div>\n\t\t\t\t\t\t<\/div>\n\t\t\t\t\t<\/div>\n\t\t\t\t<\/div>\n\t\t\t<\/div>\n\t\t\t<script type=\"text\/javascript\">\n\t\t\tjQuery(function() {\n\t\t\t\t\/\/ Set blueimp gallery options\n\t\t\t\tjQuery.extend(blueimp.Gallery.prototype.options, {\n\t\t\t\t\tuseBootstrapModal: false,\n\t\t\t\t\thidePageScrollbars: false\n\t\t\t\t});\n\t\t\t});\n\t\t\t<\/script>\n\t\t\t\n","protected":false},"excerpt":{"rendered":"<p>O CineB estreou mais um filme na \u00faltima quinta-feira, 7\/12. \u201cJo\u00e3o, o Maestro\u201d, de Mauro Lima foi exibido no Centro[&#8230;]<\/p>\n","protected":false},"author":3,"featured_media":10636,"comment_status":"open","ping_status":"open","sticky":false,"template":"","format":"standard","meta":[],"categories":[2,6],"tags":[105,145,204,252,444,701,910,1132],"_links":{"self":[{"href":"https:\/\/projetocineb.com.br\/index.php?rest_route=\/wp\/v2\/posts\/10604"}],"collection":[{"href":"https:\/\/projetocineb.com.br\/index.php?rest_route=\/wp\/v2\/posts"}],"about":[{"href":"https:\/\/projetocineb.com.br\/index.php?rest_route=\/wp\/v2\/types\/post"}],"author":[{"embeddable":true,"href":"https:\/\/projetocineb.com.br\/index.php?rest_route=\/wp\/v2\/users\/3"}],"replies":[{"embeddable":true,"href":"https:\/\/projetocineb.com.br\/index.php?rest_route=%2Fwp%2Fv2%2Fcomments&post=10604"}],"version-history":[{"count":0,"href":"https:\/\/projetocineb.com.br\/index.php?rest_route=\/wp\/v2\/posts\/10604\/revisions"}],"wp:featuredmedia":[{"embeddable":true,"href":"https:\/\/projetocineb.com.br\/index.php?rest_route=\/wp\/v2\/media\/10636"}],"wp:attachment":[{"href":"https:\/\/projetocineb.com.br\/index.php?rest_route=%2Fwp%2Fv2%2Fmedia&parent=10604"}],"wp:term":[{"taxonomy":"category","embeddable":true,"href":"https:\/\/projetocineb.com.br\/index.php?rest_route=%2Fwp%2Fv2%2Fcategories&post=10604"},{"taxonomy":"post_tag","embeddable":true,"href":"https:\/\/projetocineb.com.br\/index.php?rest_route=%2Fwp%2Fv2%2Ftags&post=10604"}],"curies":[{"name":"wp","href":"https:\/\/api.w.org\/{rel}","templated":true}]}}