{"id":10610,"date":"2017-12-09T11:14:55","date_gmt":"2017-12-09T13:14:55","guid":{"rendered":"http:\/\/projetocineb.com.br\/?p=10610"},"modified":"2017-12-09T11:14:55","modified_gmt":"2017-12-09T13:14:55","slug":"dia-15-tem-cine-b-na-ocupacao-povo-sem-medo","status":"publish","type":"post","link":"https:\/\/projetocineb.com.br\/?p=10610","title":{"rendered":"Dia 15\/12 tem Cine B na Ocupa\u00e7\u00e3o Povo Sem Medo, em SBC"},"content":{"rendered":"<p><em>O maior projeto de democratiza\u00e7\u00e3o do cinema brasileiro vai exibir, ao ar livre, no dia 15\/12, 19h, o m\u00e9dia-metragem \u201cApart Horta\u201d, de Cec\u00edlia Engels, na Ocupa\u00e7\u00e3o Povo Sem Medo, em S\u00e3o Bernardo do Campo. A diretora do filme participar\u00e1 de um debate com o p\u00fablico.<\/em><\/p>\n<p><a href=\"http:\/\/projetocineb.com.br\/wp-content\/uploads\/2017\/12\/apartHorta2.jpg\"><img fetchpriority=\"high\" decoding=\"async\" class=\"alignnone size-full wp-image-10612\" src=\"http:\/\/projetocineb.com.br\/wp-content\/uploads\/2017\/12\/apartHorta2.jpg\" alt=\"\" width=\"831\" height=\"466\" \/><\/a><\/p>\n<p>O Cine B, como um projeto de democratiza\u00e7\u00e3o e acesso \u00e0 cultura, apoia o Movimento dos Trabalhadores Sem Teto (MTST) que luta por moradia e qualidade de vida nas cidades. Por isso estar\u00e1 no dia 15 realizando uma exibi\u00e7\u00e3o ao ar livre e gratuita do filme \u201cApart Horta\u201d (2015), de Cec\u00edlia Engels, na Ocupa\u00e7\u00e3o Povo Sem Medo, em S\u00e3o Bernardo do Campo, em comemora\u00e7\u00e3o aos 20 anos de atua\u00e7\u00e3o do Movimento e aos 10 anos de exist\u00eancia do Cine B.<\/p>\n<p>Segundo o coordenador do Cine B, Cid\u00e1lio Vieira Santos, nesses 10 anos de exist\u00eancia atuando nas comunidades de S\u00e3o Paulo, o projeto tem oferecido uma experi\u00eancia \u00fanica \u00e0s pessoas que n\u00e3o t\u00eam acesso ao cinema e \u00e0 cultura. \u201cLevamos toda a estrutura para transformar qualquer espa\u00e7o em uma sala de cinema, com tel\u00e3o, cadeiras, sistema de som e at\u00e9 pipoca de gra\u00e7a com saquinhos estilizados. Os filmes que exibimos s\u00e3o produ\u00e7\u00f5es brasileiras de qualidade que nem sempre chegam \u00e0s salas de cinema ou ao grande p\u00fablico\u201d, explica.<\/p>\n<p>Cid\u00e1lio refor\u00e7a a import\u00e2ncia da iniciativa depois que o show de Caetano Veloso e outros artistas como Criolo, Maria Gadu e P\u00e9ricles, que apoiam o movimento, foi proibido de acontecer por uma decis\u00e3o preconceituosa e elitista da justi\u00e7a brasileira. \u201cEsta popula\u00e7\u00e3o tem direito \u00e0 cultura\u201d, destaca. O show que aconteceria na Ocupa\u00e7\u00e3o foi remarcado para acontecer no domingo, dia 10\/12, no Largo da Batata em S\u00e3o Paulo.<\/p>\n<p>Apart Horta, foi escrito e dirigido por Cec\u00edlia Engels, jovem cineasta paulistana. Conta a hist\u00f3ria da baiana Nazar\u00e9 que vai a S\u00e3o Paulo pela primeira vez para visitar seu irm\u00e3o Natanael, que tem um estilo de vida voltado ao trabalho. Nazar\u00e9 vive uma rela\u00e7\u00e3o saud\u00e1vel com as pessoas, a natureza e a alimenta\u00e7\u00e3o. Aos poucos trazendo seu ax\u00e9 e cultivando alimentos no apartamento, Nazar\u00e9 germina a transforma\u00e7\u00e3o no ambiente da vida de Natanael e do pr\u00e9dio em que ele vive. O filme \u00e9 entrecortado com quatro mini-document\u00e1rios de personagens reais que realizam experi\u00eancias de cultivo de alimentos na cidade de S\u00e3o Paulo. A cineasta participar\u00e1 de um debate ap\u00f3s a exibi\u00e7\u00e3o do filme.<\/p>\n<p>O Cine B \u00e9 um circuito alternativo de exibi\u00e7\u00e3o que, desde 2007, leva cinema brasileiro para v\u00e1rias regi\u00f5es da capital paulista e adjac\u00eancias. O projeto, realizado pelo Sindicato dos Banc\u00e1rios de S\u00e3o Paulo, Osasco e regi\u00e3o e produzido pela Brazucah Produ\u00e7\u00f5es, j\u00e1 contabiliza um p\u00fablico superior a\u00a060 mil\u00a0pessoas em\u00a0mais de 480 sess\u00f5es gratuitas em comunidades e universidades de S\u00e3o Paulo. J\u00e1 foram exibidos na tela do Cine B mais de 116 longas metragens e 73 curtas metragens.<\/p>\n<p><strong>SERVI\u00c7O<\/strong><br \/>\n<strong>CINEMA BRASILEIRO\u00a0NA OCUPA\u00c7\u00c3O POVO SEM MEDO EM SBCAMPO (ao ar livre)<\/strong><br \/>\n<strong>FILME: APART HORTA<\/strong><br \/>\n<strong>DIA:<\/strong>\u00a0\u00a015 de dezembro de 2017 | Sexta-feira | 19h<br \/>\n<strong>ENDERE\u00c7O:<\/strong>\u00a0Rua Jo\u00e3o Augusto de Sousa, 70 \u2013 Planalto, S\u00e3o Bernardo do Campo<br \/>\n<strong>REFER\u00caNCIA:<\/strong> Port\u00e3o 3 da Scania<br \/>\n<strong>CONVITES:<\/strong> com a coordena\u00e7\u00e3o do movimento<br \/>\n<strong>INFORMA\u00c7\u00d5ES:<\/strong>\u00a0producaocineb@brazucah.com.br<\/p>\n","protected":false},"excerpt":{"rendered":"<p>O maior projeto de democratiza\u00e7\u00e3o do cinema brasileiro vai exibir, ao ar livre, no dia 15\/12, 19h, o m\u00e9dia-metragem \u201cApart[&#8230;]<\/p>\n","protected":false},"author":3,"featured_media":10611,"comment_status":"open","ping_status":"open","sticky":false,"template":"","format":"standard","meta":[],"categories":[2,6],"tags":[89,154,198,237,252,831,880,1092,1133],"_links":{"self":[{"href":"https:\/\/projetocineb.com.br\/index.php?rest_route=\/wp\/v2\/posts\/10610"}],"collection":[{"href":"https:\/\/projetocineb.com.br\/index.php?rest_route=\/wp\/v2\/posts"}],"about":[{"href":"https:\/\/projetocineb.com.br\/index.php?rest_route=\/wp\/v2\/types\/post"}],"author":[{"embeddable":true,"href":"https:\/\/projetocineb.com.br\/index.php?rest_route=\/wp\/v2\/users\/3"}],"replies":[{"embeddable":true,"href":"https:\/\/projetocineb.com.br\/index.php?rest_route=%2Fwp%2Fv2%2Fcomments&post=10610"}],"version-history":[{"count":0,"href":"https:\/\/projetocineb.com.br\/index.php?rest_route=\/wp\/v2\/posts\/10610\/revisions"}],"wp:featuredmedia":[{"embeddable":true,"href":"https:\/\/projetocineb.com.br\/index.php?rest_route=\/wp\/v2\/media\/10611"}],"wp:attachment":[{"href":"https:\/\/projetocineb.com.br\/index.php?rest_route=%2Fwp%2Fv2%2Fmedia&parent=10610"}],"wp:term":[{"taxonomy":"category","embeddable":true,"href":"https:\/\/projetocineb.com.br\/index.php?rest_route=%2Fwp%2Fv2%2Fcategories&post=10610"},{"taxonomy":"post_tag","embeddable":true,"href":"https:\/\/projetocineb.com.br\/index.php?rest_route=%2Fwp%2Fv2%2Ftags&post=10610"}],"curies":[{"name":"wp","href":"https:\/\/api.w.org\/{rel}","templated":true}]}}