{"id":10622,"date":"2017-12-11T15:59:40","date_gmt":"2017-12-11T17:59:40","guid":{"rendered":"http:\/\/projetocineb.com.br\/?p=10622"},"modified":"2017-12-11T15:59:40","modified_gmt":"2017-12-11T17:59:40","slug":"cine-b-retorna-ao-jardim-ipe","status":"publish","type":"post","link":"https:\/\/projetocineb.com.br\/?p=10622","title":{"rendered":"Cine B retorna ao Jardim Ip\u00ea"},"content":{"rendered":"<p><em>A Par\u00f3quia Senhor dos Passos e Nossa Senhora das Dores recebeu, no \u00faltimo s\u00e1bado (9\/12), mais uma sess\u00e3o do Cine B, a quarta desde o ano passado. Dessa vez, para exibir \u201cJo\u00e3o, o Maestro\u201d, de Mauro Lima.<\/em><\/p>\n<figure id=\"attachment_10625\" aria-describedby=\"caption-attachment-10625\" style=\"width: 831px\" class=\"wp-caption alignnone\"><a href=\"http:\/\/projetocineb.com.br\/wp-content\/uploads\/2017\/12\/JdIpe_9DEZ2017@baixa-14.jpg\"><img fetchpriority=\"high\" decoding=\"async\" class=\"size-full wp-image-10625\" src=\"http:\/\/projetocineb.com.br\/wp-content\/uploads\/2017\/12\/JdIpe_9DEZ2017@baixa-14.jpg\" alt=\"\" width=\"831\" height=\"552\" \/><\/a><figcaption id=\"caption-attachment-10625\" class=\"wp-caption-text\">P\u00fablico atento \u00e0 hist\u00f3ria do maestro Jo\u00e3o Carlos Marins. Veja todas as fotos no final do post.<\/figcaption><\/figure>\n<p>\u00c9 tradi\u00e7\u00e3o o Cine B voltar para uma comunidade que j\u00e1 recebeu o projeto alguma outra vez. E dessa forma, o projeto vai formando la\u00e7os com lugares e pessoas. E isso vem acontecendo com a comunidade do Jardim Ip\u00ea, na regi\u00e3o de Campo Limpo, Zona Sul de S\u00e3o Paulo, que, em dois anos, cedeu por quatro vezes o sal\u00e3o da Par\u00f3quia Senhor dos Passos e Nossa Senhora da Dores para levar cultura e entretenimento aos moradores da regi\u00e3o.<\/p>\n<p>No \u00faltimo s\u00e1bado, 9\/12, o Cine B exibiu \u201cJo\u00e3o, o Maestro\u201d, de Mauro Lima. A produ\u00e7\u00e3o foi lan\u00e7ada recentemente no circuito comercial, mas rapidamente saiu de cartaz. Antes do longo, foram exibidos tr\u00eas curta-metragens que fazem parte do selo Cine B do Cinema Brasileiro: \u201cO Filho do Vizinho\u201d (2010) de Alex Vidigal, \u201cBMW Vermelha\u201d (2000) de Edu Ramos e Reinaldo Pinheiro; e \u201cHistorietas Assombradas &#8211; Para Crian\u00e7as Malcriadas\u201d (2005) de Vitor Hugo Borges.<\/p>\n<p>O filme de Lima, narra a hist\u00f3ria do maestro Jo\u00e3o Carlos Martins considerado, quando crian\u00e7a, um prod\u00edgio do piano e uma revela\u00e7\u00e3o mundial ao se apresentar pela Am\u00e9rica e Europa. Estabelecido como pianista de sucesso na fase adulta, sofre um acidente que prejudica o movimento da m\u00e3o direita. O pianista tenta mudar de carreira mas retorna \u00e0 vida musical, agora se apresentando em concertos com uma m\u00e3o s\u00f3. No entanto, outro acidente fez com que ele, mais uma vez, tivesse que se reinventar.<\/p>\n<p>\u201cA comunidade est\u00e1 sempre de bra\u00e7os abertos para receber o Cine B\u201d lembrou a coordenadora de eventos da Par\u00f3quia e professora do Movimento de Alfabetiza\u00e7\u00e3o (Mova), Ver\u00f4nica Medeiros Lima na abertura oficial da sess\u00e3o. Para Odair Jos\u00e9 Rocha Nascimento, coordenador da Pastoral de Comunica\u00e7\u00e3o, al\u00e9m do projeto oferecer lazer para as comunidades, \u201ctraz uma experi\u00eancia nova. Levar cultura para a periferia \u00e9 algo inovador. E o Cine B agrega muito para o crescimento intelectual e de atitude das pessoas que podem exigir melhorias para seu bairro\u201d, destaca.<\/p>\n<p>O p\u00fablico acompanhou com muita aten\u00e7\u00e3o o filme. Josefa Edineide \u00e9 f\u00e3 do Cine B. Acompanhou todas as sess\u00f5es que aconteceram na par\u00f3quia. \u201cN\u00e3o perco um. S\u00e3o filmes interessantes. Eu acho um trabalho muito bonito esse de levar o cinema para os lugares\u201d, explicou. J\u00e1 Suzana Alves Rezende aproveitou para passara uma mensagem para todos ao final da exibi\u00e7\u00e3o: \u201co filme \u00e9 uma mensagem para as crian\u00e7as, um exemplo de supera\u00e7\u00e3o\u201d, finaliza. No Jardim Ip\u00ea, o Cine B j\u00e1 exibiu \u201cGonzaga &#8211; De Pai para Filho; Equilibrista; Elis e Jo\u00e3o, O Maestro\u201d.<\/p>\n<p>O Cine B \u00e9 um circuito alternativo de exibi\u00e7\u00e3o que, desde 2007, leva cinema brasileiro para v\u00e1rias regi\u00f5es da cidade. O projeto, realizado pelo Sindicato dos Banc\u00e1rios de S\u00e3o Paulo, Osasco e regi\u00e3o e produzido pela Brazucah Produ\u00e7\u00f5es, j\u00e1 contabiliza um p\u00fablico superior a\u00a060 mil\u00a0pessoas em\u00a0mais de 480 sess\u00f5es gratuitas em comunidades e universidades de S\u00e3o Paulo. J\u00e1 foram exibidos na tela do CINE B mais de 116 longas metragens e 73 curtas metragens.<\/p>\n\t\t\t\n\t\t\t<!-- Blueimp gallery -->\n\t\t\t<div id=\"blueimp-gallery\" class=\"blueimp-gallery blueimp-gallery-controls\">\n\t\t\t\t<div class=\"slides\"><\/div>\n\t\t\t\t<h3 class=\"title\"><\/h3>\n\t\t\t\t<a class=\"prev\">\u2039<\/a>\n\t\t\t\t<a class=\"next\">\u203a<\/a>\n\t\t\t\t<a class=\"close\">\u00d7<\/a>\n\t\t\t\t<a class=\"play-pause\"><\/a>\n\t\t\t\t<ol class=\"indicator\"><\/ol>\n\t\t\t\t<div class=\"modal fade\">\n\t\t\t\t\t<div class=\"modal-dialog\">\n\t\t\t\t\t\t<div class=\"modal-content\">\n\t\t\t\t\t\t\t<div class=\"modal-header\">\n\t\t\t\t\t\t\t\t<button type=\"button\" class=\"close\" aria-hidden=\"true\">&times;<\/button>\n\t\t\t\t\t\t\t\t<h4 class=\"modal-title\"><\/h4>\n\t\t\t\t\t\t\t<\/div>\n\t\t\t\t\t\t\t<div class=\"modal-body next\"><\/div>\n\t\t\t\t\t\t\t<div class=\"modal-footer\">\n\t\t\t\t\t\t\t\t<button type=\"button\" class=\"btn btn-default pull-left prev\">\n\t\t\t\t\t\t\t\t\t<i class=\"glyphicon glyphicon-chevron-left\"><\/i>\n\t\t\t\t\t\t\t\t\tPrevious\t\t\t\t\t\t\t\t<\/button>\n\t\t\t\t\t\t\t\t<button type=\"button\" class=\"btn btn-primary next\">\n\t\t\t\t\t\t\t\t\tNext\t\t\t\t\t\t\t\t\t<i class=\"glyphicon glyphicon-chevron-right\"><\/i>\n\t\t\t\t\t\t\t\t<\/button>\n\t\t\t\t\t\t\t<\/div>\n\t\t\t\t\t\t<\/div>\n\t\t\t\t\t<\/div>\n\t\t\t\t<\/div>\n\t\t\t<\/div>\n\t\t\t<script type=\"text\/javascript\">\n\t\t\tjQuery(function() {\n\t\t\t\t\/\/ Set blueimp gallery options\n\t\t\t\tjQuery.extend(blueimp.Gallery.prototype.options, {\n\t\t\t\t\tuseBootstrapModal: false,\n\t\t\t\t\thidePageScrollbars: false\n\t\t\t\t});\n\t\t\t});\n\t\t\t<\/script>\n\t\t\t\n","protected":false},"excerpt":{"rendered":"<p>A Par\u00f3quia Senhor dos Passos e Nossa Senhora das Dores recebeu, no \u00faltimo s\u00e1bado (9\/12), mais uma sess\u00e3o do Cine[&#8230;]<\/p>\n","protected":false},"author":3,"featured_media":10680,"comment_status":"open","ping_status":"open","sticky":false,"template":"","format":"standard","meta":[],"categories":[2,6],"tags":[144,154,252,606,686,701,808,865,938,1133],"_links":{"self":[{"href":"https:\/\/projetocineb.com.br\/index.php?rest_route=\/wp\/v2\/posts\/10622"}],"collection":[{"href":"https:\/\/projetocineb.com.br\/index.php?rest_route=\/wp\/v2\/posts"}],"about":[{"href":"https:\/\/projetocineb.com.br\/index.php?rest_route=\/wp\/v2\/types\/post"}],"author":[{"embeddable":true,"href":"https:\/\/projetocineb.com.br\/index.php?rest_route=\/wp\/v2\/users\/3"}],"replies":[{"embeddable":true,"href":"https:\/\/projetocineb.com.br\/index.php?rest_route=%2Fwp%2Fv2%2Fcomments&post=10622"}],"version-history":[{"count":0,"href":"https:\/\/projetocineb.com.br\/index.php?rest_route=\/wp\/v2\/posts\/10622\/revisions"}],"wp:featuredmedia":[{"embeddable":true,"href":"https:\/\/projetocineb.com.br\/index.php?rest_route=\/wp\/v2\/media\/10680"}],"wp:attachment":[{"href":"https:\/\/projetocineb.com.br\/index.php?rest_route=%2Fwp%2Fv2%2Fmedia&parent=10622"}],"wp:term":[{"taxonomy":"category","embeddable":true,"href":"https:\/\/projetocineb.com.br\/index.php?rest_route=%2Fwp%2Fv2%2Fcategories&post=10622"},{"taxonomy":"post_tag","embeddable":true,"href":"https:\/\/projetocineb.com.br\/index.php?rest_route=%2Fwp%2Fv2%2Ftags&post=10622"}],"curies":[{"name":"wp","href":"https:\/\/api.w.org\/{rel}","templated":true}]}}