{"id":10662,"date":"2017-12-15T16:30:56","date_gmt":"2017-12-15T18:30:56","guid":{"rendered":"http:\/\/projetocineb.com.br\/?p=10662"},"modified":"2017-12-15T16:30:56","modified_gmt":"2017-12-15T18:30:56","slug":"mulher-negra-e-tema-de-filme-nos-bancarios","status":"publish","type":"post","link":"https:\/\/projetocineb.com.br\/?p=10662","title":{"rendered":"Mulher negra \u00e9 tema de filme nos Banc\u00e1rios"},"content":{"rendered":"<p><em>O CineB exibiu, na \u00faltima quinta-feira, 14\/12, no Audit\u00f3rio Amarelo do Sindicato dos Banc\u00e1rios, o document\u00e1rio \u201cNega Que \u00c9 Nega N\u00e3o Nega Ser Nega N\u00e3o\u201d de F\u00e1bio Nunez e organizou um debate que reuniu o diretor do filme e representantes do movimento sindical.<\/em><\/p>\n<figure id=\"attachment_10665\" aria-describedby=\"caption-attachment-10665\" style=\"width: 831px\" class=\"wp-caption alignnone\"><a href=\"http:\/\/projetocineb.com.br\/wp-content\/uploads\/2017\/12\/DSC_0134.jpg\"><img fetchpriority=\"high\" decoding=\"async\" class=\"size-full wp-image-10665\" src=\"http:\/\/projetocineb.com.br\/wp-content\/uploads\/2017\/12\/DSC_0134.jpg\" alt=\"\" width=\"831\" height=\"552\" \/><\/a><figcaption id=\"caption-attachment-10665\" class=\"wp-caption-text\">Ana Marta, diretora do Sindicato que integra o Coletivo de Combate ao Racismo. Veja todas as fotos no final do post.<\/figcaption><\/figure>\n<p>O CineB encerrou, na \u00faltima quinta-feira, 14\/12, a temporada de exibi\u00e7\u00e3o do document\u00e1rio \u201cNega Que \u00c9 Nega N\u00e3o Nega Ser Nega N\u00e3o\u201d, de F\u00e1bio Nunez. A sess\u00e3o aconteceu na sede do Sindicato dos Banc\u00e1rios de S\u00e3o Paulo, Osasco e regi\u00e3o, no Centro de S\u00e3o Paulo. O Audit\u00f3rio Amarelo recebeu a quinta e \u00faltima sess\u00e3o do filme de Nunez na temporada 2017.<\/p>\n<p>O coordenador do CineB, Cid\u00e1lio Vieira Santos, aproveitou para exibir, na abertura da sess\u00e3o, o novo site do projeto, mais moderno e din\u00e2mico, al\u00e9m de apresentar uma pr\u00e9via dos n\u00fameros do CineB na temporada. \u201cContamos com a presen\u00e7a do diretor, diretora ou roteirista dos filmes em 15 das 45 sess\u00f5es deste ano. Foi um recorde. Tamb\u00e9m realizamos 4 sess\u00f5es especiais e pr\u00e9-estreias durante o ano\u201d, revela.<\/p>\n<p>O document\u00e1rio exibido no Sindicato foi produzido e dirigido pelo m\u00fasico e cineasta F\u00e1bio Nunez e \u00e9 inspirado na m\u00fasica de mesmo nome de Nunez e Jacson Matos. Apresenta a pluralidade e a for\u00e7a do universo negro feminino. Mulheres de todos os segmentos sociais e profissionais, refer\u00eancia para futuras gera\u00e7\u00f5es e grandes exemplos de resist\u00eancia e luta contra os persistentes processos de machismo, racismo e exclus\u00e3o deram seus depoimentos sobre suas trajet\u00f3rias de vida, o que pensam e como v\u00eaem os processos de exclus\u00e3o e racismo no Brasil.<\/p>\n<p>O diretor participou, ao final da exibi\u00e7\u00e3o do filme, de um debate ao lado de Ana Marta, diretora do Sindicato dos Banc\u00e1rios de S\u00e3o Paulo, Osasco e regi\u00e3o e integrante do Coletivo de Combate ao Racismo do Sindicato e de Rosana da Silva, Secret\u00e1ria de Combate ao Racismo da CUT-SP.<br \/>\nNunez explicou que fez o filme a partir das grava\u00e7\u00f5es do videoclipe da m\u00fasica \u201cNega Que \u00e9 Nega N\u00e3o Nega Ser Nega N\u00e3o\u201d, lan\u00e7ada em 2009. \u201cEm 2015, a m\u00fasica recebeu um novo arranjo e a voz da rapper Cris do grupo SNJ. Ent\u00e3o resolvemos fazer um videoclipe e convidamos mulheres negras com hist\u00f3rias lindas, e eu quis fazer o making off do clipping com o depoimento dessas mulheres. Ficou um trabalho t\u00e3o denso, t\u00e3o rico, que acabou virando um document\u00e1rio que terminamos antes do clipe\u201d, explica.<\/p>\n<p>Ana Marta lembrou que foi uma \u00f3tima escolha organizar uma sess\u00e3o do CineB no Sindicato para fazer um debate, \u201cimportant\u00edssimo. N\u00e3o s\u00f3 sobre a mulher negra, mas tamb\u00e9m sobre o combate ao racismo, sobre o combate \u00e0 homofobia\u201d, lembrou. Para J\u00falio C\u00e9sar Santos, tamb\u00e9m diretor do Sindicato dos Banc\u00e1rios e coordenador do Coletivo de Combate ao Racismo da entidade, existem 24% de pessoas negras e pardas trabalhando no setor banc\u00e1rio, mas estudos feitos a partir da conven\u00e7\u00e3o coletiva \u201capontam que os negros n\u00e3o conseguem ascender na hierarquia dos bancos. Os negros muitas vezes possuem escolaridade at\u00e9 superior a das pessoas n\u00e3o negras, mas o processo estrutural de discrimina\u00e7\u00e3o impossibilita os negros e negras de ascenderem\u201d, denuncia.<\/p>\n<p>F\u00e1bio Pereira, tamb\u00e9m integrante do Coletivo de Combate ao Racismo do Sindicato, lembrou que o filme traz uma realidade sobre a discrimina\u00e7\u00e3o da mulher negra trabalhadora. \u201cNos bancos, as mulheres tamb\u00e9m est\u00e3o em servi\u00e7os secund\u00e1rios. Queremos mudar essa realidade para essas mulheres se empoderarem dos melhores cargos tamb\u00e9m\u201d.<\/p>\n<p>O p\u00fablico participou do debate com coment\u00e1rios e muitos elogios ao filme. Para Rosana da Silva, o document\u00e1rio traz uma mensagem bastante forte. \u201cVoc\u00ea v\u00ea negras com seus cabelos soltos, com sua hist\u00f3ria. Quando voc\u00ea leva esse filme na periferia as crian\u00e7as negras, as adolescentes e jovens negras n\u00e3o v\u00e3o querer mais alisar o cabelo. V\u00e3o querer ser iguais a essas negras empoderadas. O filme ajuda a mudar esse processo elitizado fortalecendo o que \u00e9 real, que \u00e9 delas\u201d, conclui.<\/p>\n<p>O CineB \u00e9 um circuito alternativo de exibi\u00e7\u00e3o que, desde 2007, leva cinema brasileiro para v\u00e1rias regi\u00f5es da cidade. O projeto, realizado pelo Sindicato dos Banc\u00e1rios de S\u00e3o Paulo, Osasco e regi\u00e3o e produzido pela Brazucah Produ\u00e7\u00f5es, j\u00e1 contabiliza um p\u00fablico superior a\u00a060 mil\u00a0pessoas em\u00a0mais de 480 sess\u00f5es gratuitas em comunidades e universidades de S\u00e3o Paulo. J\u00e1 foram exibidos na tela do CINEB mais de 116 longas metragens e 73 curtas metragens.<\/p>\n\t\t\t\n\t\t\t<!-- Blueimp gallery -->\n\t\t\t<div id=\"blueimp-gallery\" class=\"blueimp-gallery blueimp-gallery-controls\">\n\t\t\t\t<div class=\"slides\"><\/div>\n\t\t\t\t<h3 class=\"title\"><\/h3>\n\t\t\t\t<a class=\"prev\">\u2039<\/a>\n\t\t\t\t<a class=\"next\">\u203a<\/a>\n\t\t\t\t<a class=\"close\">\u00d7<\/a>\n\t\t\t\t<a class=\"play-pause\"><\/a>\n\t\t\t\t<ol class=\"indicator\"><\/ol>\n\t\t\t\t<div class=\"modal fade\">\n\t\t\t\t\t<div class=\"modal-dialog\">\n\t\t\t\t\t\t<div class=\"modal-content\">\n\t\t\t\t\t\t\t<div class=\"modal-header\">\n\t\t\t\t\t\t\t\t<button type=\"button\" class=\"close\" aria-hidden=\"true\">&times;<\/button>\n\t\t\t\t\t\t\t\t<h4 class=\"modal-title\"><\/h4>\n\t\t\t\t\t\t\t<\/div>\n\t\t\t\t\t\t\t<div class=\"modal-body next\"><\/div>\n\t\t\t\t\t\t\t<div class=\"modal-footer\">\n\t\t\t\t\t\t\t\t<button type=\"button\" class=\"btn btn-default pull-left prev\">\n\t\t\t\t\t\t\t\t\t<i class=\"glyphicon glyphicon-chevron-left\"><\/i>\n\t\t\t\t\t\t\t\t\tPrevious\t\t\t\t\t\t\t\t<\/button>\n\t\t\t\t\t\t\t\t<button type=\"button\" class=\"btn btn-primary next\">\n\t\t\t\t\t\t\t\t\tNext\t\t\t\t\t\t\t\t\t<i class=\"glyphicon glyphicon-chevron-right\"><\/i>\n\t\t\t\t\t\t\t\t<\/button>\n\t\t\t\t\t\t\t<\/div>\n\t\t\t\t\t\t<\/div>\n\t\t\t\t\t<\/div>\n\t\t\t\t<\/div>\n\t\t\t<\/div>\n\t\t\t<script type=\"text\/javascript\">\n\t\t\tjQuery(function() {\n\t\t\t\t\/\/ Set blueimp gallery options\n\t\t\t\tjQuery.extend(blueimp.Gallery.prototype.options, {\n\t\t\t\t\tuseBootstrapModal: false,\n\t\t\t\t\thidePageScrollbars: false\n\t\t\t\t});\n\t\t\t});\n\t\t\t<\/script>\n\t\t\t\n","protected":false},"excerpt":{"rendered":"<p>O CineB exibiu, na \u00faltima quinta-feira, 14\/12, no Audit\u00f3rio Amarelo do Sindicato dos Banc\u00e1rios, o document\u00e1rio \u201cNega Que \u00c9 Nega[&#8230;]<\/p>\n","protected":false},"author":3,"featured_media":10815,"comment_status":"open","ping_status":"open","sticky":false,"template":"","format":"standard","meta":[],"categories":[2,6],"tags":[70,107,237,252,304,361,503,504,714,844,1136],"_links":{"self":[{"href":"https:\/\/projetocineb.com.br\/index.php?rest_route=\/wp\/v2\/posts\/10662"}],"collection":[{"href":"https:\/\/projetocineb.com.br\/index.php?rest_route=\/wp\/v2\/posts"}],"about":[{"href":"https:\/\/projetocineb.com.br\/index.php?rest_route=\/wp\/v2\/types\/post"}],"author":[{"embeddable":true,"href":"https:\/\/projetocineb.com.br\/index.php?rest_route=\/wp\/v2\/users\/3"}],"replies":[{"embeddable":true,"href":"https:\/\/projetocineb.com.br\/index.php?rest_route=%2Fwp%2Fv2%2Fcomments&post=10662"}],"version-history":[{"count":0,"href":"https:\/\/projetocineb.com.br\/index.php?rest_route=\/wp\/v2\/posts\/10662\/revisions"}],"wp:featuredmedia":[{"embeddable":true,"href":"https:\/\/projetocineb.com.br\/index.php?rest_route=\/wp\/v2\/media\/10815"}],"wp:attachment":[{"href":"https:\/\/projetocineb.com.br\/index.php?rest_route=%2Fwp%2Fv2%2Fmedia&parent=10662"}],"wp:term":[{"taxonomy":"category","embeddable":true,"href":"https:\/\/projetocineb.com.br\/index.php?rest_route=%2Fwp%2Fv2%2Fcategories&post=10662"},{"taxonomy":"post_tag","embeddable":true,"href":"https:\/\/projetocineb.com.br\/index.php?rest_route=%2Fwp%2Fv2%2Ftags&post=10662"}],"curies":[{"name":"wp","href":"https:\/\/api.w.org\/{rel}","templated":true}]}}