{"id":10670,"date":"2017-12-17T13:49:05","date_gmt":"2017-12-17T15:49:05","guid":{"rendered":"http:\/\/projetocineb.com.br\/?p=10670"},"modified":"2017-12-17T13:49:05","modified_gmt":"2017-12-17T15:49:05","slug":"sessao-especial-na-ocupacao-povo-sem-medo","status":"publish","type":"post","link":"https:\/\/projetocineb.com.br\/?p=10670","title":{"rendered":"Sess\u00e3o especial na Ocupa\u00e7\u00e3o Povo Sem Medo"},"content":{"rendered":"<p><em>Cerca de 300 pessoas acompanharam, na \u00faltima sexta-feira, 15\/12, a exibi\u00e7\u00e3o ao ar livre do filme \u201cApart Horta\u201d, de Cec\u00edlia Engels na Ocupa\u00e7\u00e3o Povo Sem Medo, em S\u00e3o Bernardo do Campo. Ap\u00f3s a exibi\u00e7\u00e3o, a diretora participou de um bate-papo com o p\u00fablico.<\/em><\/p>\n<figure id=\"attachment_10673\" aria-describedby=\"caption-attachment-10673\" style=\"width: 831px\" class=\"wp-caption alignleft\"><a href=\"http:\/\/projetocineb.com.br\/wp-content\/uploads\/2017\/12\/DSC_0189.jpg\"><img fetchpriority=\"high\" decoding=\"async\" class=\"size-full wp-image-10673\" src=\"http:\/\/projetocineb.com.br\/wp-content\/uploads\/2017\/12\/DSC_0189.jpg\" alt=\"\" width=\"831\" height=\"552\" \/><\/a><figcaption id=\"caption-attachment-10673\" class=\"wp-caption-text\">Sess\u00e3o ao ar livre na Ocupa\u00e7\u00e3o Povo Sem Medo reuniu cerca de 300 pessoas. Veja todas as fotos no final do post.<\/figcaption><\/figure>\n<p>O projeto CineB encerrou a temporada 2017, na \u00faltima sexta-feira, 15\/12, com uma sess\u00e3o especial ao ar livre, na Ocupa\u00e7\u00e3o Povo Sem Medo, organizada pelo Movimento dos Trabalhadores Sem Teto (MTST) em S\u00e3o Bernardo do Campo em frente \u00e0 portaria da multinacional Scania. A sess\u00e3o exibiu o filme \u201cApart Horta\u201d de Cec\u00edlia Engels e contou com um dos maiores p\u00fablicos do ano. O clima na ocupa\u00e7\u00e3o foi de festa e confraterniza\u00e7\u00e3o, beneficiado por uma bel\u00edssima e agrad\u00e1vel noite.<\/p>\n<figure id=\"attachment_10678\" aria-describedby=\"caption-attachment-10678\" style=\"width: 831px\" class=\"wp-caption alignleft\"><a href=\"http:\/\/projetocineb.com.br\/wp-content\/uploads\/2017\/12\/DSC_0035.jpg\"><img decoding=\"async\" class=\"size-full wp-image-10678\" src=\"http:\/\/projetocineb.com.br\/wp-content\/uploads\/2017\/12\/DSC_0035.jpg\" alt=\"\" width=\"831\" height=\"538\" \/><\/a><figcaption id=\"caption-attachment-10678\" class=\"wp-caption-text\">Roseni, do Sindicato dos Banc\u00e1rios, e Cid\u00e1lio, do CineB, sortearam brindes para o p\u00fablico antes do in\u00edcio da sess\u00e3o.<\/figcaption><\/figure>\n<p>A ocupa\u00e7\u00e3o \u00e9 uma luta por moradia dos trabalhadoras e trabalhadores que moram em S\u00e3o Bernardo do Campo. Conta com 8.600 acampados que reivindicam a implanta\u00e7\u00e3o de um projeto de habita\u00e7\u00e3o no terreno de 60 mil metros quadrados localizado no bairro Planalto, pr\u00f3ximo \u00e0 Via Anchieta, que estava abandonado havia 40 anos. Teve in\u00edcio no dia 1\u00ba de setembro e j\u00e1 passou por momentos de tens\u00e3o, com ataques da m\u00eddia, de moradores do entorno da ocupa\u00e7\u00e3o e por decis\u00e3o da justi\u00e7a pela reintegra\u00e7\u00e3o de posse, derrubada pelo Tribunal de Justi\u00e7a de S\u00e3o Paulo. Segundo Cl\u00e1udio Rocha, uma das lideran\u00e7as do movimento, a inten\u00e7\u00e3o de ocupar a \u00e1rea abandonada foi \u201cmostrar o tamanho do d\u00e9ficit habitacional que existe em S\u00e3o Bernardo, e criar uma fun\u00e7\u00e3o social para o terreno ocioso\u201d, explicou.<\/p>\n<figure id=\"attachment_10676\" aria-describedby=\"caption-attachment-10676\" style=\"width: 831px\" class=\"wp-caption alignleft\"><a href=\"http:\/\/projetocineb.com.br\/wp-content\/uploads\/2017\/12\/DSC_0077.jpg\"><img decoding=\"async\" class=\"size-full wp-image-10676\" src=\"http:\/\/projetocineb.com.br\/wp-content\/uploads\/2017\/12\/DSC_0077.jpg\" alt=\"\" width=\"831\" height=\"552\" \/><\/a><figcaption id=\"caption-attachment-10676\" class=\"wp-caption-text\">CineB e categoria banc\u00e1ria se solidarizando com MTST.<\/figcaption><\/figure>\n<p>Iniciativas culturais no local j\u00e1 foram barradas. Em outubro, por exemplo, a justi\u00e7a impediu a realiza\u00e7\u00e3o de um show com Caetano Veloso, Criolo, Maria Gadu e P\u00e9ricles, para comemorar os 20 anos do MTST. O evento foi acontecer somente no \u00faltimo dia 10\/12, no Largo da Batata, em S\u00e3o Paulo. Segundo Andreia Barbosa, que integra a organiza\u00e7\u00e3o estadual do MTST e a organiza\u00e7\u00e3o da Ocupa\u00e7\u00e3o Povo Sem Medo, as pessoas n\u00e3o t\u00eam onde morar, n\u00e3o tem acesso ao emprego e acabam se deparando com a falta de acesso \u00e0 cultura tamb\u00e9m. \u201c\u00c9 tanta preocupa\u00e7\u00e3o para colocar o p\u00e3o de cada dia dentro de casa, que a gente esquece de reservar um tempo para o lazer, para se divertir, para estudar e para ver bons filmes\u201d, reflete.<\/p>\n<figure id=\"attachment_10675\" aria-describedby=\"caption-attachment-10675\" style=\"width: 831px\" class=\"wp-caption alignleft\"><a href=\"http:\/\/projetocineb.com.br\/wp-content\/uploads\/2017\/12\/DSC_0051.jpg\"><img loading=\"lazy\" decoding=\"async\" class=\"size-full wp-image-10675\" src=\"http:\/\/projetocineb.com.br\/wp-content\/uploads\/2017\/12\/DSC_0051.jpg\" alt=\"\" width=\"831\" height=\"552\" \/><\/a><figcaption id=\"caption-attachment-10675\" class=\"wp-caption-text\">Pipoca de gra\u00e7a para o p\u00fablico que acompanhou o filme.<\/figcaption><\/figure>\n<p>Por isso o CineB decidiu oferecer um momento de lazer para os trabalhadores da ocupa\u00e7\u00e3o, segundo o coordenador do projeto, Cid\u00e1lio Vieira Santos. \u201cAproveitamos o encerramento da temporada para nos solidarizar com a luta dos trabalhadores acampados em S\u00e3o Bernardo e oferecer uma momento de cultura e lazer. O filme da Cec\u00edlia [Engels], \u2018Apart Horta\u2019, aborda com muito humor uma tem\u00e1tica interessante que \u00e9 a produ\u00e7\u00e3o caseira do pr\u00f3prio alimento\u201d, informa. Cid\u00e1lio conta que organizar a sess\u00e3o tamb\u00e9m n\u00e3o foi f\u00e1cil. A Guarda Civil Municipal de S\u00e3o Bernardo, que controla o acesso \u00e0 rua que leva ao acampamento dificultou a entrada dos ve\u00edculos com os equipamentos. \u201cA situa\u00e7\u00e3o s\u00f3 foi resolvida com apoio e mobiliza\u00e7\u00e3o dos integrantes da ocupa\u00e7\u00e3o que ajudaram a transportar todo o material de produ\u00e7\u00e3o ao local da exibi\u00e7\u00e3o\u201d, completa.<\/p>\n<figure id=\"attachment_10677\" aria-describedby=\"caption-attachment-10677\" style=\"width: 831px\" class=\"wp-caption alignleft\"><a href=\"http:\/\/projetocineb.com.br\/wp-content\/uploads\/2017\/12\/DSC_0227.jpg\"><img loading=\"lazy\" decoding=\"async\" class=\"size-full wp-image-10677\" src=\"http:\/\/projetocineb.com.br\/wp-content\/uploads\/2017\/12\/DSC_0227.jpg\" alt=\"\" width=\"831\" height=\"552\" \/><\/a><figcaption id=\"caption-attachment-10677\" class=\"wp-caption-text\">A diretora Cec\u00edlia Engels, em bate-papo com o p\u00fablico ao final da sess\u00e3o.<\/figcaption><\/figure>\n<p>Escrito e dirigido pela jovem cineasta paulistana, \u201cApart Horta\u201d conta a hist\u00f3ria da baiana Nazar\u00e9 que vai a S\u00e3o Paulo pela primeira vez para visitar seu irm\u00e3o Natanael, que tem um estilo de vida voltado ao trabalho. Nazar\u00e9 vive uma rela\u00e7\u00e3o saud\u00e1vel com as pessoas, a natureza e a alimenta\u00e7\u00e3o. Aos poucos trazendo seu ax\u00e9 e cultivando alimentos no apartamento, Nazar\u00e9 germina a transforma\u00e7\u00e3o no ambiente da vida de Natanael e do pr\u00e9dio em que ele vive. O filme \u00e9 entrecortado com quatro mini-document\u00e1rios de personagens reais que realizam experi\u00eancias de cultivo de alimentos na cidade de S\u00e3o Paulo.<\/p>\n<p>O p\u00fablico ocupou em pouco tempo as 200 cadeiras que a produ\u00e7\u00e3o do CineB levou e foi necess\u00e1rio providenciar bancos do pr\u00f3prio movimento e muitas pessoas assistiram em p\u00e9 ou sentadas no ch\u00e3o. E se divertiram com as hist\u00f3rias de Natanael e Nazar\u00e9. Ap\u00f3s a exibi\u00e7\u00e3o, Cec\u00edlia Engels respondeu, num descontra\u00eddo bate-papo, muitas quest\u00f5es sobre agricultura urbana e ouviu muitos elogios sobre a sess\u00e3o. Foi o caso de Jana\u00edna Lima Santos, 24 anos, que nasceu na regi\u00e3o de Franca, interior de S\u00e3o Paulo, e mora h\u00e1 5 anos em S\u00e3o Bernardo. M\u00e3e de 3 crian\u00e7as, luta pelo direito a uma moradia digna e nunca tinha ido a um cinema. \u201cAchei muito importante. Falei, vou l\u00e1 ver e foi muito bom, eu n\u00e3o imaginava isso. Dei muita risada\u201d, revela.<\/p>\n<p>Uma das mais empolgadas era Jupira da Costa Santos, 70 anos, moradora de uma prec\u00e1ria casa no bairro dos Vianas, divisa entre Santo Andr\u00e9 e S\u00e3o Bernardo, que luta para poder ter uma vida melhor. \u201cEu assisti um filme assim, itinerante, na inf\u00e2ncia, l\u00e1 em Minas. Devia ter uns 12-13 anos e nunca mais esqueci\u201d, recorda. Ela conta que mexer com plantas faz parte de sua vida desde sempre. \u201cNasci na ro\u00e7a e mesmo quando eu vim para S\u00e3o Paulo, em 1973, nunca parei. At\u00e9 na escola onde eu trabalho eu comecei a plantar\u201d, destaca.<\/p>\n<p>Para Cec\u00edlia, a rela\u00e7\u00e3o das pessoas com a terra \u00e9 muito transformadora, porque ocupar a terra, plantar o seu alimento, \u00e9 muito subversivo. \u201cO sistema quer lhe manter no mecanismo da compra no supermercado. Ent\u00e3o ocupar esse espa\u00e7o e daqui tirar o sustento \u00e9 gerador de transforma\u00e7\u00e3o. Espero que o filme contribua refor\u00e7ando ainda mais essa ideia e inspire para que o povo possa ocupar tamb\u00e9m esse espa\u00e7o para o plantio de alimento\u201d, destaca. Andreia, uma das lideran\u00e7as do movimento explicou que a ocupa\u00e7\u00e3o se preocupa com o meio ambiente e com a quest\u00e3o da produ\u00e7\u00e3o de alimento. \u201cTemos 19 cozinhas coletivas e para cada uma temos uma composteira que vai produzir o adubo para plantar, al\u00e9m de realizar a separa\u00e7\u00e3o para reciclagem\u201d, aponta.<\/p>\n<p>Maria Rosani, que integra da executiva do Sindicato dos Banc\u00e1rios de S\u00e3o Paulo, Osasco e regi\u00e3o, que participou da sess\u00e3o lembra que o CineB foi criado para levar alegria e reflex\u00e3o para as pessoas, chegando nos locais menos favorecidos, onde a cultura n\u00e3o chega. \u201cNosso Sindicato luta pelo todo, por quest\u00f5es de moradia, pelo transporte, pelo bem estar de todos. Nossa luta sempre \u00e9 por melhores condi\u00e7\u00f5es de vida para todos os brasileiros\u201d revela. Ao final da sess\u00e3o Rosani ouviu os pedidos dos moradores da ocupa\u00e7\u00e3o e uma nova sess\u00e3o do CineB ser\u00e1 marcada para acontecer em janeiro de 2018 para atender ainda mais pessoas.<\/p>\n<p>Belmiro Moreira, presidente do Sindicato dos Banc\u00e1rios do ABC, tamb\u00e9m participou da sess\u00e3o. Ele explica que desde o primeiro dia da ocupa\u00e7\u00e3o o sindicato d\u00e1 apoio ao movimento. \u201c\u00c9 uma a\u00e7\u00e3o importante do CineB, trazendo arte para a ocupa\u00e7\u00e3o porque a luta aqui \u00e9 por moradia, por dignidade, mas tamb\u00e9m por poder ter cultura, lazer, entretenimento\u201d, elogia. Luiz Cl\u00e1udio Marcolino, ex-presidente do Sindicato dos Banc\u00e1rios de S\u00e3o Paulo, Osasco e regi\u00e3o e um dos idealizadores do CineB destacou a import\u00e2ncia da escolha do filme para o sucesso da sess\u00e3o. \u201cA gente v\u00ea que muitas das pessoas daqui vieram de outros estados e trabalharam na terra. Ent\u00e3o percebemos essa identifica\u00e7\u00e3o da luta pela moradia com a luta pela terra\u201d, finaliza.<\/p>\n<p>O CineB \u00e9 um circuito alternativo de exibi\u00e7\u00e3o que, desde 2007, leva cinema brasileiro para v\u00e1rias regi\u00f5es da capital paulista e adjac\u00eancias. O projeto, realizado pelo Sindicato dos Banc\u00e1rios de S\u00e3o Paulo, Osasco e regi\u00e3o e produzido pela Brazucah Produ\u00e7\u00f5es, j\u00e1 contabiliza um p\u00fablico superior a\u00a060 mil\u00a0pessoas em\u00a0mais de 480 sess\u00f5es gratuitas em comunidades e universidades de S\u00e3o Paulo. J\u00e1 foram exibidos na tela do CineB mais de 116 longas metragens e 73 curtas metragens.<\/p>\n\t\t\t\n\t\t\t<!-- Blueimp gallery -->\n\t\t\t<div id=\"blueimp-gallery\" class=\"blueimp-gallery blueimp-gallery-controls\">\n\t\t\t\t<div class=\"slides\"><\/div>\n\t\t\t\t<h3 class=\"title\"><\/h3>\n\t\t\t\t<a class=\"prev\">\u2039<\/a>\n\t\t\t\t<a class=\"next\">\u203a<\/a>\n\t\t\t\t<a class=\"close\">\u00d7<\/a>\n\t\t\t\t<a class=\"play-pause\"><\/a>\n\t\t\t\t<ol class=\"indicator\"><\/ol>\n\t\t\t\t<div class=\"modal fade\">\n\t\t\t\t\t<div class=\"modal-dialog\">\n\t\t\t\t\t\t<div class=\"modal-content\">\n\t\t\t\t\t\t\t<div class=\"modal-header\">\n\t\t\t\t\t\t\t\t<button type=\"button\" class=\"close\" aria-hidden=\"true\">&times;<\/button>\n\t\t\t\t\t\t\t\t<h4 class=\"modal-title\"><\/h4>\n\t\t\t\t\t\t\t<\/div>\n\t\t\t\t\t\t\t<div class=\"modal-body next\"><\/div>\n\t\t\t\t\t\t\t<div class=\"modal-footer\">\n\t\t\t\t\t\t\t\t<button type=\"button\" class=\"btn btn-default pull-left prev\">\n\t\t\t\t\t\t\t\t\t<i class=\"glyphicon glyphicon-chevron-left\"><\/i>\n\t\t\t\t\t\t\t\t\tPrevious\t\t\t\t\t\t\t\t<\/button>\n\t\t\t\t\t\t\t\t<button type=\"button\" class=\"btn btn-primary next\">\n\t\t\t\t\t\t\t\t\tNext\t\t\t\t\t\t\t\t\t<i class=\"glyphicon glyphicon-chevron-right\"><\/i>\n\t\t\t\t\t\t\t\t<\/button>\n\t\t\t\t\t\t\t<\/div>\n\t\t\t\t\t\t<\/div>\n\t\t\t\t\t<\/div>\n\t\t\t\t<\/div>\n\t\t\t<\/div>\n\t\t\t<script type=\"text\/javascript\">\n\t\t\tjQuery(function() {\n\t\t\t\t\/\/ Set blueimp gallery options\n\t\t\t\tjQuery.extend(blueimp.Gallery.prototype.options, {\n\t\t\t\t\tuseBootstrapModal: false,\n\t\t\t\t\thidePageScrollbars: false\n\t\t\t\t});\n\t\t\t});\n\t\t\t<\/script>\n\t\t\t\n","protected":false},"excerpt":{"rendered":"<p>Cerca de 300 pessoas acompanharam, na \u00faltima sexta-feira, 15\/12, a exibi\u00e7\u00e3o ao ar livre do filme \u201cApart Horta\u201d, de Cec\u00edlia[&#8230;]<\/p>\n","protected":false},"author":3,"featured_media":10811,"comment_status":"open","ping_status":"open","sticky":false,"template":"","format":"standard","meta":[],"categories":[2,6],"tags":[89,132,154,198,237,252,295,296,760,797,831,880,1092,1133],"_links":{"self":[{"href":"https:\/\/projetocineb.com.br\/index.php?rest_route=\/wp\/v2\/posts\/10670"}],"collection":[{"href":"https:\/\/projetocineb.com.br\/index.php?rest_route=\/wp\/v2\/posts"}],"about":[{"href":"https:\/\/projetocineb.com.br\/index.php?rest_route=\/wp\/v2\/types\/post"}],"author":[{"embeddable":true,"href":"https:\/\/projetocineb.com.br\/index.php?rest_route=\/wp\/v2\/users\/3"}],"replies":[{"embeddable":true,"href":"https:\/\/projetocineb.com.br\/index.php?rest_route=%2Fwp%2Fv2%2Fcomments&post=10670"}],"version-history":[{"count":0,"href":"https:\/\/projetocineb.com.br\/index.php?rest_route=\/wp\/v2\/posts\/10670\/revisions"}],"wp:featuredmedia":[{"embeddable":true,"href":"https:\/\/projetocineb.com.br\/index.php?rest_route=\/wp\/v2\/media\/10811"}],"wp:attachment":[{"href":"https:\/\/projetocineb.com.br\/index.php?rest_route=%2Fwp%2Fv2%2Fmedia&parent=10670"}],"wp:term":[{"taxonomy":"category","embeddable":true,"href":"https:\/\/projetocineb.com.br\/index.php?rest_route=%2Fwp%2Fv2%2Fcategories&post=10670"},{"taxonomy":"post_tag","embeddable":true,"href":"https:\/\/projetocineb.com.br\/index.php?rest_route=%2Fwp%2Fv2%2Ftags&post=10670"}],"curies":[{"name":"wp","href":"https:\/\/api.w.org\/{rel}","templated":true}]}}