{"id":10685,"date":"2017-12-22T15:08:47","date_gmt":"2017-12-22T17:08:47","guid":{"rendered":"http:\/\/projetocineb.com.br\/?p=10685"},"modified":"2017-12-22T15:08:47","modified_gmt":"2017-12-22T17:08:47","slug":"retrospectiva-2017-novidades-inovacoes-e-muito-debate","status":"publish","type":"post","link":"https:\/\/projetocineb.com.br\/?p=10685","title":{"rendered":"Retrospectiva 2017: novidades, inova\u00e7\u00f5es e muito debate"},"content":{"rendered":"<p><em>Debate com diretores, sess\u00f5es especiais, estreia de filme, apresenta\u00e7\u00f5es culturais, doa\u00e7\u00e3o de 524 livros, novo blog e exibi\u00e7\u00e3o por energia solar foram os grandes destaques no ano em que o CineB completou 10 anos de atua\u00e7\u00e3o. Desde mar\u00e7o aconteceram 44 sess\u00f5es que alcan\u00e7aram 5.220 pessoas.<\/em><\/p>\n<figure id=\"attachment_10689\" aria-describedby=\"caption-attachment-10689\" style=\"width: 831px\" class=\"wp-caption alignleft\"><a href=\"http:\/\/projetocineb.com.br\/wp-content\/uploads\/2017\/12\/DSC_0374.jpg\"><img fetchpriority=\"high\" decoding=\"async\" class=\"size-full wp-image-10689\" src=\"http:\/\/projetocineb.com.br\/wp-content\/uploads\/2017\/12\/DSC_0374.jpg\" alt=\"\" width=\"831\" height=\"516\" \/><\/a><figcaption id=\"caption-attachment-10689\" class=\"wp-caption-text\">Tata Amaral\u00a0 na EE Herbert Baldus, Graja\u00fa. Veja mais imagens no final do post.<\/figcaption><\/figure>\n<p>No ano em que o CineB completou 10 anos de exist\u00eancia, o grande destaque da temporada foram os debates com importantes nomes da cinematografia nacional como Beto Brant (Pitanga), David Schurmann (Pequeno Segredo), Tata Amaral (Causando na Rua), Halder Gomes (Shaolin do Sert\u00e3o) e Newton Cannito (Magal e os Formigas). O projeto tamb\u00e9m abriu espa\u00e7o para debates com diretores como F\u00e1bio Nunez (Nega Que \u00c9 Nega N\u00e3o Nega Ser Nega N\u00e3o), Ivan 13P (Sabotage &#8211; O Maestro do Can\u00e3o), Osmar Koxne (Por Amor aos Pobres &#8211; A Voca\u00e7\u00e3o de Santo An\u00edbal) e Riba de Castro (Vila Jata\u00ed &#8211; Antiga Vila do Sapo). Ao todo, foram 20 sess\u00f5es das 44 realizadas em 2017. Houve at\u00e9 debate entre as crian\u00e7as, uma inova\u00e7\u00e3o do CineB. Em duas sess\u00f5es, crian\u00e7as entre 6 e 12 anos analisaram o filme \u201cDetetives do Pr\u00e9dio Azul\u201d o que resultou num animado bate-papo entre p\u00fablico e debatedores.<\/p>\n<figure id=\"attachment_10701\" aria-describedby=\"caption-attachment-10701\" style=\"width: 831px\" class=\"wp-caption alignleft\"><a href=\"http:\/\/projetocineb.com.br\/wp-content\/uploads\/2017\/12\/DSC_0110.jpg\"><img decoding=\"async\" class=\"size-full wp-image-10701\" src=\"http:\/\/projetocineb.com.br\/wp-content\/uploads\/2017\/12\/DSC_0110.jpg\" alt=\"\" width=\"831\" height=\"552\" \/><\/a><figcaption id=\"caption-attachment-10701\" class=\"wp-caption-text\">Em maio, na Regional Paulista, comemora\u00e7\u00e3o aos 10 anos do projeto.<\/figcaption><\/figure>\n<p>Nos dez anos de vida <strong>o projeto j\u00e1 atingiu 61.136 pessoas, sendo 5.220 somente em 2017<\/strong>. Tamb\u00e9m aconteceram tr\u00eas sess\u00f5es especiais, uma na Escola Estadual Herbert Baldus, dia 23 de mar\u00e7o, no Graja\u00fa, Zona Sul de S\u00e3o Paulo, que assistiu a uma pr\u00e9-estreia do document\u00e1rio \u201cPitanga\u201d, com a presen\u00e7a do diretor Beto Brant e o produtor do filme Renato Ciasca. A segunda sess\u00e3o especial do ano aconteceu na Regional Paulista do Sindicato dos Banc\u00e1rios de S\u00e3o Paulo, Osasco e regi\u00e3o em 25 de maio, com a pr\u00e9-estreia do filme \u201cPor tr\u00e1s do C\u00e9u\u201d de Caio S\u00f3h. Na sess\u00e3o, os presentes comemoraram os dez anos do projeto, com direito a bolo, velinhas e parab\u00e9ns.<\/p>\n<figure id=\"attachment_10690\" aria-describedby=\"caption-attachment-10690\" style=\"width: 831px\" class=\"wp-caption alignleft\"><a href=\"http:\/\/projetocineb.com.br\/wp-content\/uploads\/2017\/12\/DSC_0039.jpg\"><img decoding=\"async\" class=\"size-full wp-image-10690\" src=\"http:\/\/projetocineb.com.br\/wp-content\/uploads\/2017\/12\/DSC_0039.jpg\" alt=\"\" width=\"831\" height=\"552\" \/><\/a><figcaption id=\"caption-attachment-10690\" class=\"wp-caption-text\">Sess\u00e3o em julho, no Procedu, em S\u00e3o Miguel Paulista, uma das maiores do ano.<\/figcaption><\/figure>\n<p>Outra sess\u00e3o especial aconteceu no Galp\u00e3o do Russ\u00e3o, na Vila Jata\u00ed, Zona Oeste, com o lan\u00e7amento do filme \u201cVila Jata\u00ed, Antiga Vila do Sapo\u201d, de Riba de Castro. O diretor esteve na sess\u00e3o e participou de um debate com o p\u00fablico. Para o coordenador do CineB, Cid\u00e1lio Vieira Santos, o projeto conquistou o reconhecimento do p\u00fablico e dos produtores de cinema nesses dez anos. \u201cTodos que conversamos querem exibir seus filmes, participar de debates. Isso \u00e9 bom para o p\u00fablico, que tem a oportunidade de conhecer as ideias de quem fez o filme, mas tamb\u00e9m \u00e9 bom para o diretor, que conhece um pouco mais como se comporta o p\u00fablico que vai assistir seus filmes. Tivemos a sorte de exibir produ\u00e7\u00f5es muito interessantes, que estimularam o debate\u201d, analisa.<\/p>\n<figure id=\"attachment_10691\" aria-describedby=\"caption-attachment-10691\" style=\"width: 831px\" class=\"wp-caption alignleft\"><a href=\"http:\/\/projetocineb.com.br\/wp-content\/uploads\/2017\/12\/DSC_0171.jpg\"><img loading=\"lazy\" decoding=\"async\" class=\"size-full wp-image-10691\" src=\"http:\/\/projetocineb.com.br\/wp-content\/uploads\/2017\/12\/DSC_0171.jpg\" alt=\"\" width=\"831\" height=\"552\" \/><\/a><figcaption id=\"caption-attachment-10691\" class=\"wp-caption-text\">Newton Cannito, diretor de &#8220;Magal e os Formigas&#8221;: hist\u00f3ria da fam\u00edlia.<\/figcaption><\/figure>\n<p>Muitos diretores e atores n\u00e3o tiveram a possibilidade de comparecer \u00e0s sess\u00f5es em 2017, mas enviaram seus depoimentos por v\u00eddeo para serem exibidos nas sess\u00f5es, como o diretor do filme \u201cTapete Vermelho\u201d, Luis Alberto Pereira. O filme foi o primeiro a ser exibido pelo CineB, em 2007 e foi exibido em duas sess\u00f5es este ano. Tamb\u00e9m os atores Willian Mello, protagonista do filme \u201cPor Amor aos Pobre &#8211; A Voca\u00e7\u00e3o de Santo An\u00edbal\u201d; o cantor e o comediante Tirilupa, que atuaram no filme \u201cShaolin do Sert\u00e3o\u201d tamb\u00e9m deixaram suas sauda\u00e7\u00f5es para o p\u00fablico do CineB.<\/p>\n<figure id=\"attachment_10702\" aria-describedby=\"caption-attachment-10702\" style=\"width: 831px\" class=\"wp-caption alignleft\"><a href=\"http:\/\/projetocineb.com.br\/wp-content\/uploads\/2017\/12\/DSC_0205.jpg\"><img loading=\"lazy\" decoding=\"async\" class=\"size-full wp-image-10702\" src=\"http:\/\/projetocineb.com.br\/wp-content\/uploads\/2017\/12\/DSC_0205.jpg\" alt=\"\" width=\"831\" height=\"552\" \/><\/a><figcaption id=\"caption-attachment-10702\" class=\"wp-caption-text\">Fabio Nunez, diretor de &#8220;Nega Que \u00c9 Nega N\u00e3o Nega Ser Nega N\u00e3o&#8221;: debate em cinco sess\u00f5es.<\/figcaption><\/figure>\n<p>Durante toda a temporada,<strong> foram exibidos 18 longa e m\u00e9dia metragens<\/strong> e <strong>4 curta-metragens novos<\/strong>, al\u00e9m de exibi\u00e7\u00f5es dos curtas que integram os quatro Selos CineB do Cinema Brasileiro. Veja ao final do post todos os filmes exibidos em 2017.<\/p>\n<p><strong>INOVA\u00c7\u00c3O<\/strong><br \/>\nUm dos destaques do ano foi a realiza\u00e7\u00e3o de uma sess\u00e3o especial no estacionamento do Santu\u00e1rio Nossa Senhora da Paz, em Itaquera, com utiliza\u00e7\u00e3o exclusiva de energia solar, captada atrav\u00e9s de placas solares que ficam sobre um ve\u00edculo adaptado para esse fim. O CineB Solar foi a primeira experi\u00eancia do projeto em utilizar uma tecnologia desenvolvida pela Brazucah Produ\u00e7\u00f5es, respons\u00e1vel pelo CineB em parceria com o Sindicato dos Banc\u00e1rios de S\u00e3o Paulo, Osasco e regi\u00e3o, com objetivo de integrar o trabalho cultural de democratiza\u00e7\u00e3o do cinema brasileiro com consci\u00eancia ambiental e sustentabilidade.<\/p>\n<figure id=\"attachment_10694\" aria-describedby=\"caption-attachment-10694\" style=\"width: 831px\" class=\"wp-caption alignleft\"><a href=\"http:\/\/projetocineb.com.br\/wp-content\/uploads\/2017\/12\/DSC_0116.jpg\"><img loading=\"lazy\" decoding=\"async\" class=\"size-full wp-image-10694\" src=\"http:\/\/projetocineb.com.br\/wp-content\/uploads\/2017\/12\/DSC_0116.jpg\" alt=\"\" width=\"831\" height=\"552\" \/><\/a><figcaption id=\"caption-attachment-10694\" class=\"wp-caption-text\">Um ve\u00edculo que capta energia solar para exibir filmes: inova\u00e7\u00e3o nos 10 anos de CineB.<\/figcaption><\/figure>\n<p>O CineB tamb\u00e9m reformulou o blog, que acompanha e registra todas as sess\u00f5es do projeto. Com um novo visual, ficou mais f\u00e1cil navegar por entre as publica\u00e7\u00f5es e encontrar as fotos de todas as sess\u00f5es, que agora est\u00e3o junto com as mat\u00e9rias. Com isso, a participa\u00e7\u00e3o, compartilhamento e repercuss\u00e3o das sess\u00f5es aumentou na internet. Outra novidade foi a nova vinheta sobre o CineB, que \u00e9 exibida na abertura de todas as sess\u00f5es, explicando o que \u00e9 o projeto (veja o v\u00eddeo aqui). Ela tamb\u00e9m est\u00e1 dispon\u00edvel na home do novo site.<\/p>\n<p><strong>PARCERIAS<\/strong><br \/>\nOutra novidade em 2017 foram os sorteios de livros em todas as sess\u00f5es do CineB. Durante a temporada <strong>foram distribu\u00eddos 524 livros doados pela ONG Eh Aqui<\/strong>, parceira do projeto que funciona como uma facilitadora na doa\u00e7\u00e3o de livros, visando democratizar o acesso \u00e0 cultura. Foi uma a\u00e7\u00e3o extremamente importante que demonstra que as pessoas gostam de ler, pois em todas as sess\u00f5es o p\u00fablico, de todas as idades, demonstrou interesse em ganhar livros. E por mais um ano, o CineB manteve parceria com o Le Monde Diplomatique Brasil e distribuiu o jornal nas sess\u00f5es. O jornal \u00e9 conhecido por fazer uma importante reflex\u00e3o da realidade do pa\u00eds e do mundo.<\/p>\n<figure id=\"attachment_10695\" aria-describedby=\"caption-attachment-10695\" style=\"width: 831px\" class=\"wp-caption alignleft\"><a href=\"http:\/\/projetocineb.com.br\/wp-content\/uploads\/2017\/12\/DSC_0046.jpg\"><img loading=\"lazy\" decoding=\"async\" class=\"size-full wp-image-10695\" src=\"http:\/\/projetocineb.com.br\/wp-content\/uploads\/2017\/12\/DSC_0046.jpg\" alt=\"\" width=\"831\" height=\"552\" \/><\/a><figcaption id=\"caption-attachment-10695\" class=\"wp-caption-text\">Em 2017 foram sorteados 524 livros, numa parceria com a ONG Eh Aqui!<\/figcaption><\/figure>\n<p><strong>APOIO \u00c0S LUTAS<\/strong><br \/>\nO projeto encerrou a temporada, dia 15\/12, com uma sess\u00e3o especial na Ocupa\u00e7\u00e3o Povo Sem Medo, em S\u00e3o Bernardo do Campo, quando reuniu cerca de 300 pessoas que se divertiram com a exibi\u00e7\u00e3o de \u201cApart Horta\u201d, de Cec\u00edlia Engels. Para Maria Rosani, Diretora de Finan\u00e7as do Sindicato dos Banc\u00e1rios, foi um exemplo do importante papel que o CineB tem em levar cultura a lazer a pessoas que nunca tiveram a oportunidade de ir ao um cinema. Uma segunda sess\u00e3o na ocupa\u00e7\u00e3o \u201clugar que j\u00e1 se tornou hist\u00f3rico pela luta e resist\u00eancias\u201d, segundo Rosani, ficou marcada para acontecer entre janeiro e fevereiro de 2018.<\/p>\n<figure id=\"attachment_10696\" aria-describedby=\"caption-attachment-10696\" style=\"width: 831px\" class=\"wp-caption alignleft\"><a href=\"http:\/\/projetocineb.com.br\/wp-content\/uploads\/2017\/12\/DSC_0033-1.jpg\"><img loading=\"lazy\" decoding=\"async\" class=\"size-full wp-image-10696\" src=\"http:\/\/projetocineb.com.br\/wp-content\/uploads\/2017\/12\/DSC_0033-1.jpg\" alt=\"\" width=\"831\" height=\"552\" \/><\/a><figcaption id=\"caption-attachment-10696\" class=\"wp-caption-text\">CineB na Ocupa\u00e7\u00e3o Povo Sem Medo, organizado pelo MTST, em S\u00e3o Bernardo.<\/figcaption><\/figure>\n<p><strong>CONHE\u00c7A TODOS OS FILMES EXIBIDOS NA TEMPORADA<\/strong><br \/>\n<strong>Longa e m\u00e9dia metragens<\/strong><br \/>\n&#8220;Redemoinho&#8221;, de Jos\u00e9 Luiz Villamarim<br \/>\n&#8220;Pitanga&#8221;, de Beto Brant e Camila Pitanga<br \/>\n&#8220;Pequeno Segredo&#8221;, de David Sch\u00fcrmann<br \/>\n&#8220;Por Tr\u00e1s do C\u00e9u&#8221;, de Caio S\u00f3h<br \/>\n&#8220;Elis&#8221;, de Hugo Prata<br \/>\n&#8220;Jonas e o Circo Sem Lona&#8221;, de Paula Gomes<br \/>\n&#8220;Cidade Cinza&#8221;, de Marcelo Mesquita e Guilherme Valengo<br \/>\n&#8220;Nega Que \u00c9 Nega N\u00e3o Nega Ser Nega N\u00e3o&#8221;, de F\u00e1bio Nunez<br \/>\n&#8220;Shaolin do Sert\u00e3o&#8221;, de Halder Gomes<br \/>\n&#8220;Dom\u00e9stica&#8221;, de Gabriel Mascaro<br \/>\n&#8220;Magal e os Formigas&#8221;, de Newton Cannito<br \/>\n&#8220;Vila Jata\u00ed &#8211; Antiga Vila do Sapo&#8221;, de Riba Castro<br \/>\n&#8220;Sabotage &#8211; O Maestro do Can\u00e3o&#8221;, de Ivan P13<br \/>\n&#8220;Tapete Vermelho&#8221;, de Luiz Alberto Pereira<br \/>\n&#8220;Causando na Rua&#8221;, de Tata Amaral<br \/>\n&#8220;Por Amor aos Pobres &#8211; A Voca\u00e7\u00e3o de Santo An\u00edbal&#8221;, de Osmar Koxne<br \/>\n&#8220;Detetives do Pr\u00e9dio Azul&#8221;, de Andr\u00e9 Pellenz<br \/>\n&#8220;Jo\u00e3o, o Maestro&#8221;, de Mauro Lima<\/p>\n<p><strong>Curtas-metragens<\/strong><br \/>\n&#8220;Eu N\u00e3o Digo Adeus, Digo At\u00e9 Logo&#8221;, de Giuliana Monteiro<br \/>\n&#8220;Cores e Botas&#8221;, de Juliana Vicente<br \/>\n&#8220;Animais&#8221;, de Guilherme Alvernaz<br \/>\n&#8220;Depois Que Eu Te Vi&#8221;, de Vinicius Saramago<\/p>\n\t\t\t\n\t\t\t<!-- Blueimp gallery -->\n\t\t\t<div id=\"blueimp-gallery\" class=\"blueimp-gallery blueimp-gallery-controls\">\n\t\t\t\t<div class=\"slides\"><\/div>\n\t\t\t\t<h3 class=\"title\"><\/h3>\n\t\t\t\t<a class=\"prev\">\u2039<\/a>\n\t\t\t\t<a class=\"next\">\u203a<\/a>\n\t\t\t\t<a class=\"close\">\u00d7<\/a>\n\t\t\t\t<a class=\"play-pause\"><\/a>\n\t\t\t\t<ol class=\"indicator\"><\/ol>\n\t\t\t\t<div class=\"modal fade\">\n\t\t\t\t\t<div class=\"modal-dialog\">\n\t\t\t\t\t\t<div class=\"modal-content\">\n\t\t\t\t\t\t\t<div class=\"modal-header\">\n\t\t\t\t\t\t\t\t<button type=\"button\" class=\"close\" aria-hidden=\"true\">&times;<\/button>\n\t\t\t\t\t\t\t\t<h4 class=\"modal-title\"><\/h4>\n\t\t\t\t\t\t\t<\/div>\n\t\t\t\t\t\t\t<div class=\"modal-body next\"><\/div>\n\t\t\t\t\t\t\t<div class=\"modal-footer\">\n\t\t\t\t\t\t\t\t<button type=\"button\" class=\"btn btn-default pull-left prev\">\n\t\t\t\t\t\t\t\t\t<i class=\"glyphicon glyphicon-chevron-left\"><\/i>\n\t\t\t\t\t\t\t\t\tPrevious\t\t\t\t\t\t\t\t<\/button>\n\t\t\t\t\t\t\t\t<button type=\"button\" class=\"btn btn-primary next\">\n\t\t\t\t\t\t\t\t\tNext\t\t\t\t\t\t\t\t\t<i class=\"glyphicon glyphicon-chevron-right\"><\/i>\n\t\t\t\t\t\t\t\t<\/button>\n\t\t\t\t\t\t\t<\/div>\n\t\t\t\t\t\t<\/div>\n\t\t\t\t\t<\/div>\n\t\t\t\t<\/div>\n\t\t\t<\/div>\n\t\t\t<script type=\"text\/javascript\">\n\t\t\tjQuery(function() {\n\t\t\t\t\/\/ Set blueimp gallery options\n\t\t\t\tjQuery.extend(blueimp.Gallery.prototype.options, {\n\t\t\t\t\tuseBootstrapModal: false,\n\t\t\t\t\thidePageScrollbars: false\n\t\t\t\t});\n\t\t\t});\n\t\t\t<\/script>\n\t\t\t\n","protected":false},"excerpt":{"rendered":"<p>Debate com diretores, sess\u00f5es especiais, estreia de filme, apresenta\u00e7\u00f5es culturais, doa\u00e7\u00e3o de 524 livros, novo blog e exibi\u00e7\u00e3o por energia[&#8230;]<\/p>\n","protected":false},"author":3,"featured_media":10686,"comment_status":"open","ping_status":"open","sticky":false,"template":"","format":"standard","meta":[],"categories":[2,6],"tags":[154,237,252,1056,1133],"_links":{"self":[{"href":"https:\/\/projetocineb.com.br\/index.php?rest_route=\/wp\/v2\/posts\/10685"}],"collection":[{"href":"https:\/\/projetocineb.com.br\/index.php?rest_route=\/wp\/v2\/posts"}],"about":[{"href":"https:\/\/projetocineb.com.br\/index.php?rest_route=\/wp\/v2\/types\/post"}],"author":[{"embeddable":true,"href":"https:\/\/projetocineb.com.br\/index.php?rest_route=\/wp\/v2\/users\/3"}],"replies":[{"embeddable":true,"href":"https:\/\/projetocineb.com.br\/index.php?rest_route=%2Fwp%2Fv2%2Fcomments&post=10685"}],"version-history":[{"count":0,"href":"https:\/\/projetocineb.com.br\/index.php?rest_route=\/wp\/v2\/posts\/10685\/revisions"}],"wp:featuredmedia":[{"embeddable":true,"href":"https:\/\/projetocineb.com.br\/index.php?rest_route=\/wp\/v2\/media\/10686"}],"wp:attachment":[{"href":"https:\/\/projetocineb.com.br\/index.php?rest_route=%2Fwp%2Fv2%2Fmedia&parent=10685"}],"wp:term":[{"taxonomy":"category","embeddable":true,"href":"https:\/\/projetocineb.com.br\/index.php?rest_route=%2Fwp%2Fv2%2Fcategories&post=10685"},{"taxonomy":"post_tag","embeddable":true,"href":"https:\/\/projetocineb.com.br\/index.php?rest_route=%2Fwp%2Fv2%2Ftags&post=10685"}],"curies":[{"name":"wp","href":"https:\/\/api.w.org\/{rel}","templated":true}]}}