{"id":10716,"date":"2018-04-02T13:03:24","date_gmt":"2018-04-02T16:03:24","guid":{"rendered":"http:\/\/projetocineb.com.br\/?p=10716"},"modified":"2018-04-02T13:03:24","modified_gmt":"2018-04-02T16:03:24","slug":"cineb-utilizara-a-energia-solar-para-exibir-filmes","status":"publish","type":"post","link":"https:\/\/projetocineb.com.br\/?p=10716","title":{"rendered":"Document\u00e1rio sobre Dom Paulo Arns reflete o combate \u00e0 ditadura"},"content":{"rendered":"<p><em>Num momento em que vivemos os mais intensos ataques aos direitos humanos e ao Estado Democr\u00e1tico de Direito desde o fim da ditadura, o CineB inicia a nova temporada exibindo um document\u00e1rio sobre Dom Paulo Evaristo Arns.<\/em><\/p>\n<figure id=\"attachment_10732\" aria-describedby=\"caption-attachment-10732\" style=\"width: 1226px\" class=\"wp-caption alignleft\"><a href=\"http:\/\/projetocineb.com.br\/wp-content\/uploads\/2018\/04\/paulo-arns-tancredo-neves-foto-sidney-corrallo-ae_bx.jpg\"><img fetchpriority=\"high\" decoding=\"async\" class=\"size-full wp-image-10732\" src=\"http:\/\/projetocineb.com.br\/wp-content\/uploads\/2018\/04\/paulo-arns-tancredo-neves-foto-sidney-corrallo-ae_bx.jpg\" alt=\"\" width=\"1226\" height=\"801\" \/><\/a><figcaption id=\"caption-attachment-10732\" class=\"wp-caption-text\">Dom Paulo Evaristo Arns com Tancredo Neves. Foto Sidney Corrallo\/AE<\/figcaption><\/figure>\n<p>O ano de 2018 come\u00e7ou marcado com um intenso ataque \u00e0 luta pelos direitos humanos e o Estado Democr\u00e1tico. A repercuss\u00e3o do assassinato da vereadora Marielle Freire e os tiros contra a caravana do ex-presidente Lula, no Paran\u00e1, sinalizaram que a viol\u00eancia e o fascismo est\u00e3o amea\u00e7ando cada vez mais a fr\u00e1gil democracia brasileira, que vem sendo atacada desde o impeachment de da ex-presidenta Dilma, em 2016.<\/p>\n<p>A sociedade brasileira j\u00e1 n\u00e3o lembra mais o quanto esse clima favoreceu o golpe civil militar de 1964 que jogou o Pa\u00eds num per\u00edodo de trevas que durou 21 anos. Por isso, na abertura da temporada 2018, o CineB ir\u00e1 exibir o document\u00e1rio \u201cCoragem &#8211; As muitas Vidas do Cardeal Dom Paulo Evaristo Arns\u201d, considerado o mais importante cardeal brasileiro do s\u00e9culo 20. Ele defendeu os direitos humanos e enfrentou como poucos o regime militar. Co-organizou um dos mais importantes documentos sobre a ditadura, ainda no per\u00edodo militar: o projeto Brasil, Nunca Mais, que virou um livro com den\u00fancia de milhares de torturas, desaparecimentos e assassinatos. Dom Paulo tamb\u00e9m organizou os pobres da cidade de S\u00e3o Paulo para que pudessem reivindicar os seus direitos fundamentais.<\/p>\n<p>O filme, dirigido por Ricardo Carvalho, e rec\u00e9m-lan\u00e7ado nos circuito comercial ser\u00e1 exibido no 19\/4, quinta-fera, 19h, no Audit\u00f3rio Amarelo do Sindicato dos Banc\u00e1rios de S\u00e3o Paulo, com entrada franca. E ser\u00e1 exibido em outras sess\u00f5es na cidade de S\u00e3o Paulo, como no Jardim Ip\u00ea, na Zona Sul da capital. Para o coordenador do CineB, Cid\u00e1lio Vieira Santos, o projeto cumpre um papel fundamental ao trazer para o debate com a comunidade um filme sobre Dom Paulo Evaristo. \u201cPrecisamos olhar para o passado para procurar entender o que estamos vivendo hoje. Dom Paulo era um religioso preocupado com os direitos fundamentais do ser humano, independente de sua f\u00e9, dor ou ideologia. Um homem preocupado em fazer o bem\u201d, analisa.<\/p>\n<p>O CineB \u00e9 um circuito alternativo de exibi\u00e7\u00e3o que, desde 2007, leva cinema brasileiro para v\u00e1rias regi\u00f5es da cidade. O projeto, j\u00e1 contabiliza um p\u00fablico superior a\u00a060 mil\u00a0pessoas em\u00a0mais de 480 sess\u00f5es gratuitas em comunidades, escolas e universidades de S\u00e3o Paulo. J\u00e1 foram exibidos na tela do CINEB mais de 116 longas metragens e 73 curtas metragens.<\/p>\n<p><strong>SERVI\u00c7O<\/strong><br \/>\n<strong>CINEMA BRASILEIRO NO SINDICATO DOS BANC\u00c1RIOS DE S\u00c3O PAULO<\/strong><br \/>\n<strong>FILME:<\/strong> Coragem &#8211; As Muitas Vidas do Cardeal Paulo Evaristo Arns<br \/>\n<strong>DIA:<\/strong>\u00a019 de abril | quinta-feira | 19h<br \/>\n<strong>LOCAL:<\/strong>\u00a0Audit\u00f3rio Amarelo &#8211; Sindicato dos Banc\u00e1rios de SP<br \/>\n<strong>ENDERE\u00c7O:<\/strong>\u00a0Rua S\u00e3o Bento,413 &#8211; Centro &#8211; S\u00e3o Paulo<br \/>\n<strong>CONVITES:<\/strong>\u00a0producaocineb@brazucah.com.br<\/p>\n<p><strong>CINEMA BRASILEIRO NO JARDIM IP\u00ca<\/strong><br \/>\n<strong>FILME:<\/strong> Coragem &#8211; As Muitas Vidas do Cardeal Paulo Evaristo Arns<br \/>\n<strong>DIA:<\/strong>\u00a028 de abril | s\u00e1bado | 19h<br \/>\n<strong>LOCAL:<\/strong>\u00a0Paroquia Senhor dos Passos e Nossa Senhora das Dores<br \/>\n<strong>ENDERE\u00c7O:<\/strong>\u00a0Rua Jos\u00e9 M\u00e1ximo Pinheiro de Lima, 410 &#8211; Jardim Ip\u00ea &#8211; S\u00e3o Paulo<br \/>\n<strong>CONVITES:<\/strong>\u00a0na secretaria da igreja ou com Odair e Ver\u00f4nica<\/p>\n","protected":false},"excerpt":{"rendered":"<p>Num momento em que vivemos os mais intensos ataques aos direitos humanos e ao Estado Democr\u00e1tico de Direito desde o[&#8230;]<\/p>\n","protected":false},"author":3,"featured_media":10816,"comment_status":"open","ping_status":"open","sticky":false,"template":"","format":"standard","meta":[],"categories":[2,6],"tags":[252,255,287,329,1060,1132,1159],"_links":{"self":[{"href":"https:\/\/projetocineb.com.br\/index.php?rest_route=\/wp\/v2\/posts\/10716"}],"collection":[{"href":"https:\/\/projetocineb.com.br\/index.php?rest_route=\/wp\/v2\/posts"}],"about":[{"href":"https:\/\/projetocineb.com.br\/index.php?rest_route=\/wp\/v2\/types\/post"}],"author":[{"embeddable":true,"href":"https:\/\/projetocineb.com.br\/index.php?rest_route=\/wp\/v2\/users\/3"}],"replies":[{"embeddable":true,"href":"https:\/\/projetocineb.com.br\/index.php?rest_route=%2Fwp%2Fv2%2Fcomments&post=10716"}],"version-history":[{"count":0,"href":"https:\/\/projetocineb.com.br\/index.php?rest_route=\/wp\/v2\/posts\/10716\/revisions"}],"wp:featuredmedia":[{"embeddable":true,"href":"https:\/\/projetocineb.com.br\/index.php?rest_route=\/wp\/v2\/media\/10816"}],"wp:attachment":[{"href":"https:\/\/projetocineb.com.br\/index.php?rest_route=%2Fwp%2Fv2%2Fmedia&parent=10716"}],"wp:term":[{"taxonomy":"category","embeddable":true,"href":"https:\/\/projetocineb.com.br\/index.php?rest_route=%2Fwp%2Fv2%2Fcategories&post=10716"},{"taxonomy":"post_tag","embeddable":true,"href":"https:\/\/projetocineb.com.br\/index.php?rest_route=%2Fwp%2Fv2%2Ftags&post=10716"}],"curies":[{"name":"wp","href":"https:\/\/api.w.org\/{rel}","templated":true}]}}