{"id":10739,"date":"2018-04-18T22:10:18","date_gmt":"2018-04-19T01:10:18","guid":{"rendered":"http:\/\/projetocineb.com.br\/?p=10739"},"modified":"2018-04-18T22:10:18","modified_gmt":"2018-04-19T01:10:18","slug":"sessoes-do-cineb-exibirao-filmes-com-energia-solar","status":"publish","type":"post","link":"https:\/\/projetocineb.com.br\/?p=10739","title":{"rendered":"CINEB agora ter\u00e1 energia solar"},"content":{"rendered":"<p><em>Um furg\u00e3o equipado com sistema de capta\u00e7\u00e3o de energia solar vai gerar a energia para exibir os filmes da temporada 2018. Primeira sess\u00e3o acontece no pr\u00f3ximo dia 26\/4, 19h, na ONG Juntos, na Zona Leste da capital.<\/em><\/p>\n<figure id=\"attachment_10741\" aria-describedby=\"caption-attachment-10741\" style=\"width: 831px\" class=\"wp-caption alignleft\"><a href=\"http:\/\/projetocineb.com.br\/wp-content\/uploads\/2018\/04\/DSC_0026.jpg\"><img fetchpriority=\"high\" decoding=\"async\" class=\"size-full wp-image-10741\" src=\"http:\/\/projetocineb.com.br\/wp-content\/uploads\/2018\/04\/DSC_0026.jpg\" alt=\"\" width=\"831\" height=\"552\" \/><\/a><figcaption id=\"caption-attachment-10741\" class=\"wp-caption-text\">CineB Solar une o trabalho sociocultural com a\u00e7\u00f5es de sustentabilidade e educa\u00e7\u00e3o ambiental.<\/figcaption><\/figure>\n<p>O CineB retoma sua temporada de filmes a partir deste m\u00eas com uma novidade: as sess\u00f5es ser\u00e3o exibidas utilizando-se de energia solar captada atrav\u00e9s de um ve\u00edculo equipado com placas solares, baterias e conversor. O equipamento transforma a energia do sol em energia el\u00e9trica para alimentar o sistema de proje\u00e7\u00e3o e o som dos filmes. Com essa mudan\u00e7a o projeto agora passar\u00e1 a se chamar CineB Solar. A proposta com o CineB Solar \u00e9 integrar o trabalho social realizado pelo CineB h\u00e1 mais de 10 anos nas comunidades de S\u00e3o Paulo, Osasco e Regi\u00e3o, com um trabalho de consci\u00eancia ambiental e sustentabilidade.<\/p>\n<figure id=\"attachment_10743\" aria-describedby=\"caption-attachment-10743\" style=\"width: 831px\" class=\"wp-caption aligncenter\"><a href=\"http:\/\/projetocineb.com.br\/wp-content\/uploads\/2018\/04\/DSC_0040.jpg\"><img decoding=\"async\" class=\"size-full wp-image-10743\" src=\"http:\/\/projetocineb.com.br\/wp-content\/uploads\/2018\/04\/DSC_0040.jpg\" alt=\"\" width=\"831\" height=\"552\" \/><\/a><figcaption id=\"caption-attachment-10743\" class=\"wp-caption-text\">Pain\u00e9is fotovoltaicos transformam a energia do sol em tens\u00e3o el\u00e9trica que alimenta projetores e caixas de som.<\/figcaption><\/figure>\n<p>O filme que far\u00e1 o lan\u00e7amento do novo equipamento na temporada ser\u00e1 \u201cJo\u00e3o, o Maestro\u201d, dirigido por Mauro Lima, que conta a hist\u00f3ria do pianista e maestro Jo\u00e3o Carlos Martins, que estreou no circuito comercial no final do ano passado. A sess\u00e3o acontece no pr\u00f3ximo dia 26\/4, quinta-feira, 19h, na ONG Juntos, localizada no Jardim Bras\u00edlia, Zona Leste de S\u00e3o Paulo, com entrada franca.<br \/>\nO\u00a0ve\u00edculo adaptado para captar a energia solar para exibir filmes \u00e9 um projeto desenvolvido pela Brazucah Produ\u00e7\u00f5es, parceira do Sindicato dos Banc\u00e1rios de S\u00e3o Paulo, Osasco e regi\u00e3o na produ\u00e7\u00e3o do CineB.\u00a0O Cinesolar, como o projeto \u00e9 conhecido, \u00e9 o primeiro cinema itinerante do Brasil movido a energia limpa e renov\u00e1vel. O projeto exibe filmes e promove arte e sustentabilidade atrav\u00e9s de oficinas art\u00edsticas e l\u00fadicas. O ve\u00edculo circula por comunidades de todas as regi\u00f5es do pa\u00eds levando cinema brasileiro e educa\u00e7\u00e3o ambiental. Saiba mais em\u00a0<a href=\"http:\/\/www.cinesolar.com.br\">cinesolar.com.br.<\/a><\/p>\n<figure id=\"attachment_10742\" aria-describedby=\"caption-attachment-10742\" style=\"width: 831px\" class=\"wp-caption aligncenter\"><a href=\"http:\/\/projetocineb.com.br\/wp-content\/uploads\/2018\/04\/DSC_0028.jpg\"><img decoding=\"async\" class=\"size-full wp-image-10742\" src=\"http:\/\/projetocineb.com.br\/wp-content\/uploads\/2018\/04\/DSC_0028.jpg\" alt=\"\" width=\"831\" height=\"552\" \/><\/a><figcaption id=\"caption-attachment-10742\" class=\"wp-caption-text\">O ve\u00edculo conta com uma esta\u00e7\u00e3o de educa\u00e7\u00e3o ambiental em seu interior, onde \u00e9 poss\u00edvel conhecer o processo que transforma a energia solar em energia el\u00e9trica.<\/figcaption><\/figure>\n<p>Segundo o coordenador do CineB Solar, Cid\u00e1lio Vieira Santos, o ve\u00edculo utilizado no projeto mant\u00e9m as mesmas caracter\u00edsticas daqueles utilizados pelo Cinesolar. \u201cO ve\u00edculo recebeu uma pintura especial, valorizando a fauna e as hist\u00f3rias da cultura brasileira. Por dentro, \u00e9 uma esta\u00e7\u00e3o de ci\u00eancias, com equipamentos que ajudam a explicar como se transforma energia solar em energia el\u00e9trica\u201d, explica.\u00a0J\u00e1 est\u00e3o programadas exibi\u00e7\u00f5es para o m\u00eas de abril, maio e junho. Veja a programa\u00e7\u00e3o completa do CineB Solar <a href=\"http:\/\/projetocineb.com.br\/?page_id=464\">aqui<\/a>.<br \/>\nO CineB Solar \u00e9 um circuito alternativo de exibi\u00e7\u00e3o que, desde 2007, leva cinema brasileiro para v\u00e1rias regi\u00f5es da cidade. O projeto, j\u00e1 contabiliza um p\u00fablico superior a\u00a060 mil\u00a0pessoas em\u00a0mais de 480 sess\u00f5es gratuitas em comunidades, escolas e universidades de S\u00e3o Paulo. J\u00e1 foram exibidos na tela do CINEB mais de 116 longas metragens e 73 curtas metragens.<\/p>\n<p><strong>SERVI\u00c7O<\/strong><br \/>\n<strong>CINEMA BRASILEIRO NO JARDIM BRASILIA<\/strong><br \/>\n<strong>FILME:<\/strong>\u00a0Jo\u00e3o, o Maestro<br \/>\n<strong>DIA:<\/strong>\u00a026 de abril | Quinta-feira | 19h<br \/>\n<strong>LOCAL:<\/strong>\u00a0ONG Juntos<br \/>\n<strong>ENDERE\u00c7O:<\/strong>\u00a0Rua Canfora,90\u00a0&#8211; Jardim\u00a0Bras\u00edlia &#8211; S\u00e3o Paulo<br \/>\n<strong>CONVITES:<\/strong>\u00a0Na ONG, com Douglas (11 95865-3572) ou Sr. Humberto. Tel.\u00a02746-1117<br \/>\n<strong>ENTRADA:<\/strong> Franca<\/p>\n","protected":false},"excerpt":{"rendered":"<p>Um furg\u00e3o equipado com sistema de capta\u00e7\u00e3o de energia solar vai gerar a energia para exibir os filmes da temporada[&#8230;]<\/p>\n","protected":false},"author":3,"featured_media":10817,"comment_status":"open","ping_status":"open","sticky":false,"template":"","format":"standard","meta":[],"categories":[2,6],"tags":[84,154,237,252,465,701,1132],"_links":{"self":[{"href":"https:\/\/projetocineb.com.br\/index.php?rest_route=\/wp\/v2\/posts\/10739"}],"collection":[{"href":"https:\/\/projetocineb.com.br\/index.php?rest_route=\/wp\/v2\/posts"}],"about":[{"href":"https:\/\/projetocineb.com.br\/index.php?rest_route=\/wp\/v2\/types\/post"}],"author":[{"embeddable":true,"href":"https:\/\/projetocineb.com.br\/index.php?rest_route=\/wp\/v2\/users\/3"}],"replies":[{"embeddable":true,"href":"https:\/\/projetocineb.com.br\/index.php?rest_route=%2Fwp%2Fv2%2Fcomments&post=10739"}],"version-history":[{"count":0,"href":"https:\/\/projetocineb.com.br\/index.php?rest_route=\/wp\/v2\/posts\/10739\/revisions"}],"wp:featuredmedia":[{"embeddable":true,"href":"https:\/\/projetocineb.com.br\/index.php?rest_route=\/wp\/v2\/media\/10817"}],"wp:attachment":[{"href":"https:\/\/projetocineb.com.br\/index.php?rest_route=%2Fwp%2Fv2%2Fmedia&parent=10739"}],"wp:term":[{"taxonomy":"category","embeddable":true,"href":"https:\/\/projetocineb.com.br\/index.php?rest_route=%2Fwp%2Fv2%2Fcategories&post=10739"},{"taxonomy":"post_tag","embeddable":true,"href":"https:\/\/projetocineb.com.br\/index.php?rest_route=%2Fwp%2Fv2%2Ftags&post=10739"}],"curies":[{"name":"wp","href":"https:\/\/api.w.org\/{rel}","templated":true}]}}