{"id":10750,"date":"2018-04-22T11:39:57","date_gmt":"2018-04-22T14:39:57","guid":{"rendered":"http:\/\/projetocineb.com.br\/?p=10750"},"modified":"2018-04-22T11:39:57","modified_gmt":"2018-04-22T14:39:57","slug":"bancarios-exibem-historia-de-dom-paulo-evaristo-arns","status":"publish","type":"post","link":"https:\/\/projetocineb.com.br\/?p=10750","title":{"rendered":"Banc\u00e1rios exibem hist\u00f3ria de Dom Paulo Evaristo Arns"},"content":{"rendered":"<p><em>O Audit\u00f3rio Amarelo do Sindicato dos Banc\u00e1rio de S\u00e3o Paulo lotou, na \u00faltima quinta-feira (19\/4), para o in\u00edcio da temporada 2018 do CineB exibindo o document\u00e1rio \u201cCoragem &#8211; As muitas vidas do Cardeal Dom Paulo Evaristo Arns\u201d. Representantes das comunidades e alunos da Faculdade de S\u00e3o Paulo acompanharam a sess\u00e3o e participaram de um debate.<\/em><\/p>\n<figure id=\"attachment_10752\" aria-describedby=\"caption-attachment-10752\" style=\"width: 831px\" class=\"wp-caption alignleft\"><a href=\"http:\/\/projetocineb.com.br\/wp-content\/uploads\/2018\/04\/DSC_0018.jpg\"><img fetchpriority=\"high\" decoding=\"async\" class=\"size-full wp-image-10752\" src=\"http:\/\/projetocineb.com.br\/wp-content\/uploads\/2018\/04\/DSC_0018.jpg\" alt=\"\" width=\"831\" height=\"552\" \/><\/a><figcaption id=\"caption-attachment-10752\" class=\"wp-caption-text\">Audit\u00f3rio Amarelo lotado para exibi\u00e7\u00e3o de Coragem &#8211; As Muitas Vidas de Dom Paulo Evaristo Arns.<\/figcaption><\/figure>\n<p>O CineB come\u00e7ou sua nova temporada com um document\u00e1rio muito especial: \u201cCoragem &#8211; As muitas vidas do Cardeal Dom Paulo Evaristo Arns\u201d, de Ricardo Carvalho. O filme retrata a hist\u00f3ria de um dos mais importantes cardeais brasileiros do s\u00e9culo 20. Dom Paulo foi um intransigente defensor dos direitos humanos e enfrentou como poucos o regime militar. Co-organizou um dos mais importantes documentos sobre a ditadura, ainda no per\u00edodo militar: o projeto Brasil, Nunca Mais, que virou um livro que denunciou milhares de torturas, desaparecimentos e assassinatos. O cardeal Arns tamb\u00e9m organizou os pobres da cidade de S\u00e3o Paulo para que pudessem reivindicar os seus direitos fundamentais como educa\u00e7\u00e3o, sa\u00fade, habita\u00e7\u00e3o e emprego por meio da organiza\u00e7\u00e3o das Comunidades Eclesiais de Base (CEBs).<\/p>\n<figure id=\"attachment_10753\" aria-describedby=\"caption-attachment-10753\" style=\"width: 831px\" class=\"wp-caption alignleft\"><a href=\"http:\/\/projetocineb.com.br\/wp-content\/uploads\/2018\/04\/DSC_0031.jpg\"><img decoding=\"async\" class=\"size-full wp-image-10753\" src=\"http:\/\/projetocineb.com.br\/wp-content\/uploads\/2018\/04\/DSC_0031.jpg\" alt=\"\" width=\"831\" height=\"552\" \/><\/a><figcaption id=\"caption-attachment-10753\" class=\"wp-caption-text\">Marcelo Gon\u00e7alves, diretor de Cultura do Sindicato, lembrou que Dom Paulo foi destaque da Revista dos Banc\u00e1rios em duas ocasi\u00f5es.<\/figcaption><\/figure>\n<p>A sess\u00e3o aconteceu no Audit\u00f3rio Amarelo do Sindicato dos Banc\u00e1rios de S\u00e3o Paulo, Osasco e Regi\u00e3o, que fica na regi\u00e3o central da cidade e contou com a presen\u00e7a de alunos da Faculdade de S\u00e3o Paulo, que fica pr\u00f3ximo ao Sindicato. Foi a primeira vez que boa parte dos alunos entraram no Sindicato, que fica no pr\u00e9dio Martinelli, um dos s\u00edmbolos arquitet\u00f4nicos da cidade de S\u00e3o Paulo. Lideran\u00e7as de bairro como Humberto Canevessi, diretor da ONG Juntos, Bia Moreno, da Associa\u00e7\u00e3o Amigos da Vila Rica, Madalena Figueiredo, do Jardim Fontalis e M\u00e1rio Balbino, do Grajau, tamb\u00e9m participaram da sess\u00e3o.<\/p>\n<p>Na abertura, a professora Tha\u00eds Rabello comentou o quanto \u00e9 positivo para os alunos acompanharem um filme sobre Dom Paulo. \u201cAmplia os horizontes para entender o que est\u00e1 acontecendo, o que aconteceu com o nosso pa\u00eds, para eles possam, inclusive, se posicionarem na quest\u00e3o pol\u00edtica\u201d, comentou.<\/p>\n<figure id=\"attachment_10754\" aria-describedby=\"caption-attachment-10754\" style=\"width: 831px\" class=\"wp-caption alignleft\"><a href=\"http:\/\/projetocineb.com.br\/wp-content\/uploads\/2018\/04\/DSC_0053.jpg\"><img decoding=\"async\" class=\"size-full wp-image-10754\" src=\"http:\/\/projetocineb.com.br\/wp-content\/uploads\/2018\/04\/DSC_0053.jpg\" alt=\"\" width=\"831\" height=\"518\" \/><\/a><figcaption id=\"caption-attachment-10754\" class=\"wp-caption-text\">Ap\u00f3s a exibi\u00e7\u00e3o, debate com o diretor de Cultura do Sindicato, Marcelo Gon\u00e7alves, a diretora da Brazucah Produ\u00e7\u00f5es, Cynthia Alario, o coordenador do CineB, Cid\u00e1lio Vieira Santos e a professora da Faculdade de S\u00e3o Paulo, Tha\u00eds Rabello.<\/figcaption><\/figure>\n<p>O Diretor de Cultura do Sindicato, Marcelo Gon\u00e7alves, lembrou a grande import\u00e2ncia de Dom Paulo para a luta dos trabalhadores. \u201cFoi e \u00e9 um ser humano inspirador. Esteve ao lado dos trabalhadores e dos mais pobres na cidade de S\u00e3o Paulo, combateu a ditadura, defendeu as liberdades democr\u00e1ticas, a democracia do nosso pa\u00eds. \u00c9 um exemplo de ser humano\u201d. Na abertura oficial, Gon\u00e7alves destacou que o golpe que o pa\u00eds vive tem como objetivo atacar os direitos dos trabalhadores, os direitos sociais e o Estado Democr\u00e1tico, e lembrou que a m\u00eddia hegem\u00f4nica \u00e9 uma das institui\u00e7\u00f5es que bancam esses ataques. \u201cPor isso precisamos buscar informa\u00e7\u00f5es em ve\u00edculo da confian\u00e7a dos trabalhadores como a TVT (<a href=\"http:\/\/www.tvt.org.br\/\">TV dos Trabalhadores, canal 44<\/a>) e a R\u00e1dio Brasil Atual (<a href=\"http:\/\/www.redebrasilatual.com.br\/\">FM 98,9<\/a>)\u201d, conclui.<\/p>\n<figure id=\"attachment_10755\" aria-describedby=\"caption-attachment-10755\" style=\"width: 831px\" class=\"wp-caption alignleft\"><a href=\"http:\/\/projetocineb.com.br\/wp-content\/uploads\/2018\/04\/DSC_0077.jpg\"><img loading=\"lazy\" decoding=\"async\" class=\"size-full wp-image-10755\" src=\"http:\/\/projetocineb.com.br\/wp-content\/uploads\/2018\/04\/DSC_0077.jpg\" alt=\"\" width=\"831\" height=\"552\" \/><\/a><figcaption id=\"caption-attachment-10755\" class=\"wp-caption-text\">Foram sorteados diversos brindes como camisetas, DVD, livros e ingressos de teatro.<\/figcaption><\/figure>\n<p>A sess\u00e3o estava lotada e foi necess\u00e1rio colocar cadeiras extras para o p\u00fablico que ao final da sess\u00e3o participou de um debate com Cid\u00e1lio Vieira Santos, coordenador do CineB, Cynthia Alario, diretora da Brazucah Produ\u00e7\u00f5es, Gon\u00e7alves e a professora Ta\u00eds. Keila de Novaes, estudante do 1\u00ba semestre de pedagogia gostou do que viu: \u201cn\u00e3o conhecia Dom Paulo. Estava estudando a ditadura militar esses dias, e em nenhum momento me deparei com esse assunto, nem sabia. Achei bem interessante porque mostrou um outro lado da hist\u00f3ria\u201d, refletiu.<\/p>\n<p>J\u00e1 Ulisses Frutuoso, gar\u00e7om, tamb\u00e9m presente na sess\u00e3o, considera que o povo precisa conhecer mais a hist\u00f3ria. \u201cO poderoso n\u00e3o quer que o pobre participe da pol\u00edtica. Por isso precisamos fazer mais pol\u00edtica nas comunidades, e para mim o CineB consegue fazer as pessoas pensarem atrav\u00e9s do cinema, \u201c conclui. Gon\u00e7alves sorteou dois brindes em comemora\u00e7\u00e3o aos 95 anos de funda\u00e7\u00e3o do Sindicato, al\u00e9m de camisetas do projeto. Neste ano acontecer\u00e3o mais 4 sess\u00f5es especiais no Audit\u00f3rio Amarelo.<\/p>\n<p>O CineB \u00e9 um circuito alternativo de exibi\u00e7\u00e3o que, desde 2007, leva cinema brasileiro para v\u00e1rias regi\u00f5es da cidade. O projeto, que agora passa a se chamar CineB Solar quando estiver nas comunidades, j\u00e1 contabiliza um p\u00fablico superior a\u00a060 mil\u00a0pessoas em\u00a0mais de 480 sess\u00f5es gratuitas em comunidades, escolas e universidades de S\u00e3o Paulo. J\u00e1 foram exibidos na tela do CINEB mais de 116 longas metragens e 73 curtas metragens.<\/p>\n\t\t\t\n\t\t\t<!-- Blueimp gallery -->\n\t\t\t<div id=\"blueimp-gallery\" class=\"blueimp-gallery blueimp-gallery-controls\">\n\t\t\t\t<div class=\"slides\"><\/div>\n\t\t\t\t<h3 class=\"title\"><\/h3>\n\t\t\t\t<a class=\"prev\">\u2039<\/a>\n\t\t\t\t<a class=\"next\">\u203a<\/a>\n\t\t\t\t<a class=\"close\">\u00d7<\/a>\n\t\t\t\t<a class=\"play-pause\"><\/a>\n\t\t\t\t<ol class=\"indicator\"><\/ol>\n\t\t\t\t<div class=\"modal fade\">\n\t\t\t\t\t<div class=\"modal-dialog\">\n\t\t\t\t\t\t<div class=\"modal-content\">\n\t\t\t\t\t\t\t<div class=\"modal-header\">\n\t\t\t\t\t\t\t\t<button type=\"button\" class=\"close\" aria-hidden=\"true\">&times;<\/button>\n\t\t\t\t\t\t\t\t<h4 class=\"modal-title\"><\/h4>\n\t\t\t\t\t\t\t<\/div>\n\t\t\t\t\t\t\t<div class=\"modal-body next\"><\/div>\n\t\t\t\t\t\t\t<div class=\"modal-footer\">\n\t\t\t\t\t\t\t\t<button type=\"button\" class=\"btn btn-default pull-left prev\">\n\t\t\t\t\t\t\t\t\t<i class=\"glyphicon glyphicon-chevron-left\"><\/i>\n\t\t\t\t\t\t\t\t\tPrevious\t\t\t\t\t\t\t\t<\/button>\n\t\t\t\t\t\t\t\t<button type=\"button\" class=\"btn btn-primary next\">\n\t\t\t\t\t\t\t\t\tNext\t\t\t\t\t\t\t\t\t<i class=\"glyphicon glyphicon-chevron-right\"><\/i>\n\t\t\t\t\t\t\t\t<\/button>\n\t\t\t\t\t\t\t<\/div>\n\t\t\t\t\t\t<\/div>\n\t\t\t\t\t<\/div>\n\t\t\t\t<\/div>\n\t\t\t<\/div>\n\t\t\t<script type=\"text\/javascript\">\n\t\t\tjQuery(function() {\n\t\t\t\t\/\/ Set blueimp gallery options\n\t\t\t\tjQuery.extend(blueimp.Gallery.prototype.options, {\n\t\t\t\t\tuseBootstrapModal: false,\n\t\t\t\t\thidePageScrollbars: false\n\t\t\t\t});\n\t\t\t});\n\t\t\t<\/script>\n\t\t\t\n","protected":false},"excerpt":{"rendered":"<p>O Audit\u00f3rio Amarelo do Sindicato dos Banc\u00e1rio de S\u00e3o Paulo lotou, na \u00faltima quinta-feira (19\/4), para o in\u00edcio da temporada[&#8230;]<\/p>\n","protected":false},"author":3,"featured_media":10813,"comment_status":"open","ping_status":"open","sticky":false,"template":"","format":"standard","meta":[],"categories":[2,6],"tags":[154,234,252,331,511,781,1060,1132],"_links":{"self":[{"href":"https:\/\/projetocineb.com.br\/index.php?rest_route=\/wp\/v2\/posts\/10750"}],"collection":[{"href":"https:\/\/projetocineb.com.br\/index.php?rest_route=\/wp\/v2\/posts"}],"about":[{"href":"https:\/\/projetocineb.com.br\/index.php?rest_route=\/wp\/v2\/types\/post"}],"author":[{"embeddable":true,"href":"https:\/\/projetocineb.com.br\/index.php?rest_route=\/wp\/v2\/users\/3"}],"replies":[{"embeddable":true,"href":"https:\/\/projetocineb.com.br\/index.php?rest_route=%2Fwp%2Fv2%2Fcomments&post=10750"}],"version-history":[{"count":0,"href":"https:\/\/projetocineb.com.br\/index.php?rest_route=\/wp\/v2\/posts\/10750\/revisions"}],"wp:featuredmedia":[{"embeddable":true,"href":"https:\/\/projetocineb.com.br\/index.php?rest_route=\/wp\/v2\/media\/10813"}],"wp:attachment":[{"href":"https:\/\/projetocineb.com.br\/index.php?rest_route=%2Fwp%2Fv2%2Fmedia&parent=10750"}],"wp:term":[{"taxonomy":"category","embeddable":true,"href":"https:\/\/projetocineb.com.br\/index.php?rest_route=%2Fwp%2Fv2%2Fcategories&post=10750"},{"taxonomy":"post_tag","embeddable":true,"href":"https:\/\/projetocineb.com.br\/index.php?rest_route=%2Fwp%2Fv2%2Ftags&post=10750"}],"curies":[{"name":"wp","href":"https:\/\/api.w.org\/{rel}","templated":true}]}}