{"id":10768,"date":"2018-05-01T19:06:47","date_gmt":"2018-05-01T22:06:47","guid":{"rendered":"http:\/\/projetocineb.com.br\/?p=10768"},"modified":"2018-05-01T19:06:47","modified_gmt":"2018-05-01T22:06:47","slug":"decima-sessao-do-cineb-na-ong-juntos-primeira-do-cineb-solar","status":"publish","type":"post","link":"https:\/\/projetocineb.com.br\/?p=10768","title":{"rendered":"D\u00e9cima sess\u00e3o do CineB na ONG Juntos, primeira do CineB Solar"},"content":{"rendered":"<p><em>O CineB Solar fez sua estreia na \u00faltima quinta-feira, 26\/4, na ONG Juntos, localizada na Zona Leste da capital. Espa\u00e7o recebeu o projeto pela d\u00e9cima vez.<\/em><\/p>\n<p><a href=\"http:\/\/projetocineb.com.br\/wp-content\/uploads\/2018\/05\/DSC_0092.jpg\"><img fetchpriority=\"high\" decoding=\"async\" class=\"alignleft size-full wp-image-10806\" src=\"http:\/\/projetocineb.com.br\/wp-content\/uploads\/2018\/05\/DSC_0092.jpg\" alt=\"\" width=\"831\" height=\"552\" \/><\/a><\/p>\n<p>A \u00faltima quinta-feira, 26 de abril, foi a primeira vez que o ve\u00edculo do CineB Solar rodou pelos bairros de S\u00e3o Paulo para dar in\u00edcio \u00e0 11\u00aa temporada do projeto. Saiu da Lapa, na Zona Oeste de S\u00e3o Paulo e se dirigiu at\u00e9 a Zona Leste, na ONG Juntos &#8211; Jardins Unidos Num Trabalho de Obras Sociais -, para exibir o cinema brasileiro de uma forma diferente: com energia solar captada pelo carro atrav\u00e9s de pain\u00e9is fotovoltaicos, que transformam a energia do sol em energia el\u00e9trica.<\/p>\n<p>O\u00a0ve\u00edculo adaptado para captar a energia solar para exibir filmes \u00e9 um projeto desenvolvido pela Brazucah Produ\u00e7\u00f5es, parceira do Sindicato dos Banc\u00e1rios de S\u00e3o Paulo, Osasco e regi\u00e3o na produ\u00e7\u00e3o do CineB h\u00e1 11 anos.\u00a0O Cinesolar, como o projeto \u00e9 conhecido, \u00e9 o primeiro cinema itinerante do Brasil movido a energia limpa e renov\u00e1vel e circula pelo Brasil desde 2010.<\/p>\n<p>A ONG Juntos \u00e9 uma parceira de longa data do CineB. Este foi o s\u00e9timo ano seguido que a entidade recebe o projeto e a d\u00e9cima sess\u00e3o. O diretor administrativo Humberto Canavesi elogiou nova fase do projeto que agora une a valoriza\u00e7\u00e3o da produ\u00e7\u00e3o cultural brasileira com a tecnologia ambiental: \u201cnos sentimos privilegiados por estrear o CineB Solar, trazendo essa oportunidade para o nosso pessoal, nossos jovens, nossos idosos, assistirem mais uma vez um filme brasileiro\u201d, comenta.<\/p>\n<p>Antes do in\u00edcio da sess\u00e3o, os m\u00fasicos Wilson Junior (flauta) e Julio Serafini (guitarra), que formam uma banda cover de rock\u2019n roll cl\u00e1ssico, tocaram \u201cEu sei que vou te amar\u201d, de Roberto Carlos, para o p\u00fablico presente.<\/p>\n<p>Ap\u00f3s a exibi\u00e7\u00e3o do filme \u201cApartHorta\u201d,de Cec\u00edlia Engels, muitos dos presentes aproveitaram para opinar sobre o cultivo de alimentos em casa. Severina Correa da Silva, funcion\u00e1ria da ONG Juntos e m\u00e3e de um dos m\u00fasicos, conta que cultiva alimentos e plantas em vasos desde que passou a vivem em um apartamento, h\u00e1 19 anos. \u201cL\u00e1 em casa tem coentro, cebola, pimenta, piment\u00e3o, muitas flores e plantas ornamentais\u201d comenta. Ela conta que a primeira planta que passou a cultivar h\u00e1 19 anos, um l\u00edrio da paz, enfeita at\u00e9 hoje sua casa. Durvalina Sacciotto Viegas, uma das usu\u00e1rias do espa\u00e7o que mais acompanharam as sess\u00f5es do CineB, voltou no tempo e lembrou que quando era crian\u00e7a e tinha 10 anos, \u201ccuidava da horta da fam\u00edlia e vendia verduras na rua, para os vizinhos\u201d, recorda.<\/p>\n<p>J\u00e1 o jovem Victor Hugo da Silva, 14 anos, aluno do curso de inform\u00e1tica na ONG, nunca tinha ouvido falar do CineB e estava pela primeira vez numa sess\u00e3o. \u201cS\u00e3o filmes brasileiros que mostram um pouco da cultura do Brasil. Achei bastante interessante a ideia [do CineB Solar], \u00e9 revolucion\u00e1rio ter um ve\u00edculo que capta energia solar para passar os filmes\u201d, conclui.<br \/>\nO CineB Solar \u00e9 um circuito alternativo de exibi\u00e7\u00e3o que, desde 2007, leva cinema brasileiro para v\u00e1rias regi\u00f5es da cidade. O projeto, j\u00e1 contabiliza um p\u00fablico superior a\u00a060 mil\u00a0pessoas em\u00a0mais de 480 sess\u00f5es gratuitas em comunidades, escolas e universidades de S\u00e3o Paulo. J\u00e1 foram exibidos na tela do CINEB mais de 116 longas metragens e 73 curtas metragens.<\/p>\n\t\t\t\n\t\t\t<!-- Blueimp gallery -->\n\t\t\t<div id=\"blueimp-gallery\" class=\"blueimp-gallery blueimp-gallery-controls\">\n\t\t\t\t<div class=\"slides\"><\/div>\n\t\t\t\t<h3 class=\"title\"><\/h3>\n\t\t\t\t<a class=\"prev\">\u2039<\/a>\n\t\t\t\t<a class=\"next\">\u203a<\/a>\n\t\t\t\t<a class=\"close\">\u00d7<\/a>\n\t\t\t\t<a class=\"play-pause\"><\/a>\n\t\t\t\t<ol class=\"indicator\"><\/ol>\n\t\t\t\t<div class=\"modal fade\">\n\t\t\t\t\t<div class=\"modal-dialog\">\n\t\t\t\t\t\t<div class=\"modal-content\">\n\t\t\t\t\t\t\t<div class=\"modal-header\">\n\t\t\t\t\t\t\t\t<button type=\"button\" class=\"close\" aria-hidden=\"true\">&times;<\/button>\n\t\t\t\t\t\t\t\t<h4 class=\"modal-title\"><\/h4>\n\t\t\t\t\t\t\t<\/div>\n\t\t\t\t\t\t\t<div class=\"modal-body next\"><\/div>\n\t\t\t\t\t\t\t<div class=\"modal-footer\">\n\t\t\t\t\t\t\t\t<button type=\"button\" class=\"btn btn-default pull-left prev\">\n\t\t\t\t\t\t\t\t\t<i class=\"glyphicon glyphicon-chevron-left\"><\/i>\n\t\t\t\t\t\t\t\t\tPrevious\t\t\t\t\t\t\t\t<\/button>\n\t\t\t\t\t\t\t\t<button type=\"button\" class=\"btn btn-primary next\">\n\t\t\t\t\t\t\t\t\tNext\t\t\t\t\t\t\t\t\t<i class=\"glyphicon glyphicon-chevron-right\"><\/i>\n\t\t\t\t\t\t\t\t<\/button>\n\t\t\t\t\t\t\t<\/div>\n\t\t\t\t\t\t<\/div>\n\t\t\t\t\t<\/div>\n\t\t\t\t<\/div>\n\t\t\t<\/div>\n\t\t\t<script type=\"text\/javascript\">\n\t\t\tjQuery(function() {\n\t\t\t\t\/\/ Set blueimp gallery options\n\t\t\t\tjQuery.extend(blueimp.Gallery.prototype.options, {\n\t\t\t\t\tuseBootstrapModal: false,\n\t\t\t\t\thidePageScrollbars: false\n\t\t\t\t});\n\t\t\t});\n\t\t\t<\/script>\n\t\t\t\n","protected":false},"excerpt":{"rendered":"<p>O CineB Solar fez sua estreia na \u00faltima quinta-feira, 26\/4, na ONG Juntos, localizada na Zona Leste da capital. Espa\u00e7o[&#8230;]<\/p>\n","protected":false},"author":3,"featured_media":10808,"comment_status":"open","ping_status":"open","sticky":false,"template":"","format":"standard","meta":[],"categories":[2,6],"tags":[89,154,198,237,255,614,887,1132],"_links":{"self":[{"href":"https:\/\/projetocineb.com.br\/index.php?rest_route=\/wp\/v2\/posts\/10768"}],"collection":[{"href":"https:\/\/projetocineb.com.br\/index.php?rest_route=\/wp\/v2\/posts"}],"about":[{"href":"https:\/\/projetocineb.com.br\/index.php?rest_route=\/wp\/v2\/types\/post"}],"author":[{"embeddable":true,"href":"https:\/\/projetocineb.com.br\/index.php?rest_route=\/wp\/v2\/users\/3"}],"replies":[{"embeddable":true,"href":"https:\/\/projetocineb.com.br\/index.php?rest_route=%2Fwp%2Fv2%2Fcomments&post=10768"}],"version-history":[{"count":0,"href":"https:\/\/projetocineb.com.br\/index.php?rest_route=\/wp\/v2\/posts\/10768\/revisions"}],"wp:featuredmedia":[{"embeddable":true,"href":"https:\/\/projetocineb.com.br\/index.php?rest_route=\/wp\/v2\/media\/10808"}],"wp:attachment":[{"href":"https:\/\/projetocineb.com.br\/index.php?rest_route=%2Fwp%2Fv2%2Fmedia&parent=10768"}],"wp:term":[{"taxonomy":"category","embeddable":true,"href":"https:\/\/projetocineb.com.br\/index.php?rest_route=%2Fwp%2Fv2%2Fcategories&post=10768"},{"taxonomy":"post_tag","embeddable":true,"href":"https:\/\/projetocineb.com.br\/index.php?rest_route=%2Fwp%2Fv2%2Ftags&post=10768"}],"curies":[{"name":"wp","href":"https:\/\/api.w.org\/{rel}","templated":true}]}}