{"id":10771,"date":"2018-05-03T14:13:44","date_gmt":"2018-05-03T17:13:44","guid":{"rendered":"http:\/\/projetocineb.com.br\/?p=10771"},"modified":"2018-05-03T14:13:44","modified_gmt":"2018-05-03T17:13:44","slug":"moradia-e-tema-de-debate-no-cineb-universidade","status":"publish","type":"post","link":"https:\/\/projetocineb.com.br\/?p=10771","title":{"rendered":"Moradia \u00e9 tema de debate no CineB Universidade"},"content":{"rendered":"<p><em>\u201cEra o Hotel Cambridge\u201d, filme de Eliana Caff\u00e9, que aborda a quest\u00e3o da moradia na cidade de S\u00e3o Paulo, ter\u00e1 duas sess\u00f5es acompanhadas de debate durante o m\u00eas de maio.<\/em><\/p>\n<figure id=\"attachment_10772\" aria-describedby=\"caption-attachment-10772\" style=\"width: 600px\" class=\"wp-caption alignleft\"><a href=\"http:\/\/projetocineb.com.br\/wp-content\/uploads\/2018\/05\/ERA-O-HOTEL-CAMBRIDGE-plano-critico-600x400.jpg\"><img fetchpriority=\"high\" decoding=\"async\" class=\"size-full wp-image-10772\" src=\"http:\/\/projetocineb.com.br\/wp-content\/uploads\/2018\/05\/ERA-O-HOTEL-CAMBRIDGE-plano-critico-600x400.jpg\" alt=\"\" width=\"600\" height=\"400\" \/><\/a><figcaption id=\"caption-attachment-10772\" class=\"wp-caption-text\">Hist\u00f3rias que se repetem na cidade de S\u00e3o Paulo.<\/figcaption><\/figure>\n<p>O inc\u00eandio que destruiu, no dia 1\u00ba, o edif\u00edcio Wilton Paes de Almeida, ocupado pelo movimento de moradia no Largo do Paissand\u00fa, Centro de S\u00e3o Paulo, chamou a aten\u00e7\u00e3o do mundo para um dos maiores dramas da sociedade brasileira que \u00e9 o direito \u00e0 moradia.<\/p>\n<p>Em S\u00e3o Paulo, milhares de pessoas s\u00e3o obrigadas a viver em ocupa\u00e7\u00f5es prec\u00e1rias porque n\u00e3o h\u00e1, por parte do poder p\u00fablico, qualquer iniciativa que consiga resolver com dignidade e rapidez o imenso d\u00e9ficit habitacional que atinge a cidade. Isso porque a especula\u00e7\u00e3o imobili\u00e1ria, o mercado financeiro e a concentra\u00e7\u00e3o de renda impedem que trabalhadores e trabalhadoras tenham acesso a uma casa de baixo custo para morar com seus filhos.<\/p>\n<p>A realidade dessa popula\u00e7\u00e3o \u00e9 abordada no premiado \u201cEra o Hotel Cambridge\u201d, longa-metragem da cineasta Eliana Caff\u00e9, que aborda a quest\u00e3o das ocupa\u00e7\u00f5es nos pr\u00e9dios do Centro de S\u00e3o Paulo. Refugiados rec\u00e9m-chegados ao Brasil dividem com um grupo de sem-tetos um velho edif\u00edcio abandonado. Al\u00e9m da tens\u00e3o di\u00e1ria que a amea\u00e7a de despejo causa, os novos moradores do pr\u00e9dio ter\u00e3o que lidar com seus dramas pessoais e aprender a conviver com pessoas que, apesar de diferentes, enfrentam juntos a vida nas ruas.<\/p>\n<p>O filme ser\u00e1 exibido em duas sess\u00f5es do CineB Universidades. No dia 16\/05, na Unisantana, localizada na Zona Norte de S\u00e3o Paulo, para alunos dos cursos de Hist\u00f3ria, Cominica\u00e7\u00e3o (Jornalismo, Marketing, e Tecnologos), Arquitetura e Urbanismo, M\u00fasica, Pedagogia, Geografia e Educa\u00e7\u00e3o F\u00edsica. No dia 24\/05, \u00e9 a vez da FIAM\/FAAM, campus Morumbi, na Zona Sul, exibir o filme para alunos de comunica\u00e7\u00e3o.\u00a0As exibi\u00e7\u00f5es ser\u00e3o seguidas de debate com a atriz Carmem Silva, que tamb\u00e9m \u00e9 uma das lideran\u00e7as do movimento de moradia na cidade de S\u00e3o Paulo.<\/p>\n<p>O CineB \u00e9 um circuito alternativo de exibi\u00e7\u00e3o que, desde 2007, leva cinema brasileiro para v\u00e1rias regi\u00f5es da cidade. O projeto, j\u00e1 contabiliza um p\u00fablico superior a\u00a060 mil\u00a0pessoas em\u00a0mais de 480 sess\u00f5es gratuitas em comunidades, escolas e universidades de S\u00e3o Paulo. J\u00e1 foram exibidos na tela do CINEB mais de 116 longas metragens e 73 curtas metragens.<\/p>\n<p><strong>SERVI\u00c7O<\/strong><br \/>\n<strong>CINEMA BRASILEIRO NA UNISANTANA<\/strong><br \/>\n<strong>FILME:<\/strong>\u00a0Era o Hotel Cambridge<br \/>\n<strong>DIA:<\/strong>\u00a016 de maio de 2018 | Quarta-feira | 19h<br \/>\n<strong>LOCAL:<\/strong>\u00a0Audit\u00f3rio I \u2013 Bloco 1 \u2013 Unisantana<br \/>\n<strong>ENDERE\u00c7O:<\/strong>\u00a0Rua Volunt\u00e1rios da P\u00e1tria, 257\/421 \u2013 Santana \u2013 S\u00e3o Paulo<\/p>\n<p><strong>CINEMA BRASILEIRO NA FIAM\/FAAM<\/strong><br \/>\n<strong>FILME:\u00a0<\/strong>Era o Hotel Cambridge<br \/>\n<strong>DIA:\u00a0<\/strong>24 de maio de 2018 | Quinta-feira| 9h<br \/>\n<strong>LOCAL:<\/strong> FIAM\/FAAM Campus Morumbi<br \/>\n<strong>ENDERE\u00c7O:\u00a0<\/strong>Avenida Morumbi, 501 \u2013 S\u00e3o Paulo<\/p>\n","protected":false},"excerpt":{"rendered":"<p>\u201cEra o Hotel Cambridge\u201d, filme de Eliana Caff\u00e9, que aborda a quest\u00e3o da moradia na cidade de S\u00e3o Paulo, ter\u00e1[&#8230;]<\/p>\n","protected":false},"author":3,"featured_media":10955,"comment_status":"open","ping_status":"open","sticky":false,"template":"","format":"standard","meta":[],"categories":[2,6],"tags":[257,443,451,540,1197],"_links":{"self":[{"href":"https:\/\/projetocineb.com.br\/index.php?rest_route=\/wp\/v2\/posts\/10771"}],"collection":[{"href":"https:\/\/projetocineb.com.br\/index.php?rest_route=\/wp\/v2\/posts"}],"about":[{"href":"https:\/\/projetocineb.com.br\/index.php?rest_route=\/wp\/v2\/types\/post"}],"author":[{"embeddable":true,"href":"https:\/\/projetocineb.com.br\/index.php?rest_route=\/wp\/v2\/users\/3"}],"replies":[{"embeddable":true,"href":"https:\/\/projetocineb.com.br\/index.php?rest_route=%2Fwp%2Fv2%2Fcomments&post=10771"}],"version-history":[{"count":0,"href":"https:\/\/projetocineb.com.br\/index.php?rest_route=\/wp\/v2\/posts\/10771\/revisions"}],"wp:featuredmedia":[{"embeddable":true,"href":"https:\/\/projetocineb.com.br\/index.php?rest_route=\/wp\/v2\/media\/10955"}],"wp:attachment":[{"href":"https:\/\/projetocineb.com.br\/index.php?rest_route=%2Fwp%2Fv2%2Fmedia&parent=10771"}],"wp:term":[{"taxonomy":"category","embeddable":true,"href":"https:\/\/projetocineb.com.br\/index.php?rest_route=%2Fwp%2Fv2%2Fcategories&post=10771"},{"taxonomy":"post_tag","embeddable":true,"href":"https:\/\/projetocineb.com.br\/index.php?rest_route=%2Fwp%2Fv2%2Ftags&post=10771"}],"curies":[{"name":"wp","href":"https:\/\/api.w.org\/{rel}","templated":true}]}}