{"id":10781,"date":"2018-05-05T20:06:32","date_gmt":"2018-05-05T23:06:32","guid":{"rendered":"http:\/\/projetocineb.com.br\/?p=10781"},"modified":"2018-05-05T20:06:32","modified_gmt":"2018-05-05T23:06:32","slug":"cineb-solar-exibe-coragem-ao-ar-livre-no-jardim-ipe","status":"publish","type":"post","link":"https:\/\/projetocineb.com.br\/?p=10781","title":{"rendered":"\u201cCoragem\u201d ao ar livre no Jardim Ip\u00ea"},"content":{"rendered":"<p><em>O p\u00e1tio da Par\u00f3quia Senhor dos Passos e Nossa Senhora das Dores, no Jardim Ip\u00ea, Zona Sul da capital, recebeu pela primeira vez o CineB Solar, no \u00faltimo s\u00e1bado, 28\/4, para exibir <\/em>\u201cCoragem &#8211; As muitas vidas do Cardeal Dom Paulo Evaristo Arns\u201d<em>, de Ricardo de Carvalho.<\/em><\/p>\n<figure id=\"attachment_10783\" aria-describedby=\"caption-attachment-10783\" style=\"width: 824px\" class=\"wp-caption alignleft\"><a href=\"http:\/\/projetocineb.com.br\/wp-content\/uploads\/2018\/05\/DSC_0091.jpg\"><img fetchpriority=\"high\" decoding=\"async\" class=\"size-full wp-image-10783\" src=\"http:\/\/projetocineb.com.br\/wp-content\/uploads\/2018\/05\/DSC_0091.jpg\" alt=\"\" width=\"824\" height=\"552\" \/><\/a><figcaption id=\"caption-attachment-10783\" class=\"wp-caption-text\">Van do CineB Solar em frente \u00e0 Par\u00f3quia Senhor dos Passos, no Jardim Ip\u00ea.<\/figcaption><\/figure>\n<p>Foi a quarta vez que o CineB esteve na Par\u00f3quia Senhor dos Passos e Nossa Senhora das Dores, no Jardim Ip\u00ea, regi\u00e3o de Cap\u00e3o Redondo, Zona Sul de S\u00e3o Paulo, mas foi a primeira vez que uma sess\u00e3o aconteceu ao ar livre, no p\u00e1tio da Par\u00f3quia, bem em frente \u00e0 avenida que corta o bairro.<br \/>\nO p\u00e1tio foi o lugar ideal para possibilitar que o p\u00fablico tamb\u00e9m conhecesse como funciona o CineB Solar, que conta com um sistema de capta\u00e7\u00e3o de energia do Sol numa van adaptada com pain\u00e9is fotovoltaicos e baterias que carregam a energia que vai ser utiliza durante toda a exibi\u00e7\u00e3o do filme. O CineB Solar \u00e9 a grande novidade do projeto este ano. O\u00a0ve\u00edculo adaptado para captar a energia solar para exibir filmes \u00e9 um projeto desenvolvido pela Brazucah Produ\u00e7\u00f5es, parceira do Sindicato dos Banc\u00e1rios de S\u00e3o Paulo, Osasco e regi\u00e3o na produ\u00e7\u00e3o do CineB h\u00e1 11 anos.\u00a0O Cinesolar, como o projeto \u00e9 conhecido, \u00e9 o primeiro cinema itinerante do Brasil movido a energia limpa e renov\u00e1vel e circula pelo Brasil desde 2010.<\/p>\n<p>A noite enluarada trouxe um charme a mais para a exibi\u00e7\u00e3o do document\u00e1rio \u201cCoragem &#8211; As muitas vidas do Cardeal Do Paulo Evaristo Arns\u201d, de Ricardo de Carvalho. O filme retrata a hist\u00f3ria de um dos mais importantes cardeais brasileiros do s\u00e9culo 20. Dom Paulo foi um intransigente defensor dos direitos humanos e enfrentou como poucos o regime militar (1964-1985). Co-organizou um dos mais importantes documentos sobre a ditadura, ainda no per\u00edodo militar: o projeto <em>Brasil, Nunca Mais<\/em>, que virou um livro que denunciou milhares de torturas, desaparecimentos e assassinatos. O cardeal Arns tamb\u00e9m organizou os pobres da cidade de S\u00e3o Paulo para que pudessem reivindicar os seus direitos fundamentais como educa\u00e7\u00e3o, sa\u00fade, habita\u00e7\u00e3o e emprego por meio da organiza\u00e7\u00e3o das Comunidades Eclesiais de Base (CEBs).<\/p>\n<p>O p\u00e1roco Jos\u00e9 Bonif\u00e1cio lembrou o importante papel que o cardeal teve para a igreja em S\u00e3o Paulo. \u201cDom Paulo Evaristo \u00e9 um brilho para a Igreja de S\u00e3o Paulo e do Brasil, e n\u00f3s bendizemos a Deus porque ele esteve um dia conosco, na luta dos mais necessitados\u201d, completa.<\/p>\n<p>Para Ver\u00f4nica Barros Medeiros Lima, professora do Movimento de Alfabetiza\u00e7\u00e3o (MOVA) na igreja e respons\u00e1vel pelo eventos da par\u00f3quia \u00e9 uma alegria receber o CineB, agora Solar. \u201cA comunidade tem correspondido muito bem os nossos chamados de participa\u00e7\u00e3o\u201d. Ela conta que foi uma surpresa o pedido do coordenador do CineB, Cid\u00e1lio Vieira Santos, para organizar a sess\u00e3o no p\u00e1tio mas que a \u201ccomunidade fica muito grata com tudo o que CineB faz\u201d, comenta.<\/p>\n<p>Jovens que participam do crisma da Par\u00f3quia S\u00e3o Pio X, na regi\u00e3o do Pirajussara, marcaram presen\u00e7a na sess\u00e3o e participaram das palestras sobre como funciona o sistema que transforma a energia do sol em energia el\u00e9trica para funcionar tel\u00e3o, som e ilumina\u00e7\u00e3o da sess\u00e3o. Thiago Ribeiro, que faz crisma e \u00e9 orientador no curso do catecismo da par\u00f3quia achou a iniciativa de muito valor. \u201c\u00c9 um convite \u00e0 conscientiza\u00e7\u00e3o. A tecnologia n\u00e3o est\u00e1 s\u00f3 no celular, a natureza oferece uma grande possibilidade de desenvolvimento tecnol\u00f3gico tamb\u00e9m\u201d, destaca.<\/p>\n<p>Marti Almeida Lima, que trabalha como encarregada, estava pela primeira vez no CineB Solar ao lado da filha e gostou da iniciativa. Ela conta que foi apenas uma vez no cinema em sua vida, h\u00e1 muito tempo. \u201cO cinema ao ar livre \u00e9 muito melhor\u201d, destaca. J\u00e1 Marco Antonio Soares, tradutor, elogiou a qualidade do document\u00e1rio e lembrou que o Brasil sofre com a falta de cultura. \u201cN\u00e3o h\u00e1 est\u00edmulo para as crian\u00e7as terem mais cultura, para o povo saber um pouco mais\u201d, completa.<\/p>\n<p>Muitas crian\u00e7as participaram da sess\u00e3o e acompanharam as palestras sobre como funciona a energia solar. Felipe Barros, de 9 anos, e Maria Fernanda, 10 anos, entraram na esta\u00e7\u00e3o de ci\u00eancias que a van do CineB Solar possui e sa\u00edram dizendo que \u00e9 muito legal ter energia solar no Brasil. Andreia Rodrigues, jornalista da Diocese de Campo Limpo acompanhou a sess\u00e3o e entrevistou o coordenador do CineB Solar Cid\u00e1lio Vieira Santos.<\/p>\n<p>O CineB Solar \u00e9 um circuito alternativo de exibi\u00e7\u00e3o que, desde 2007, leva cinema brasileiro para v\u00e1rias regi\u00f5es da cidade. O projeto, que agora passa a se chamar CineB Solar quando estiver nas comunidades, j\u00e1 contabiliza um p\u00fablico superior a\u00a060 mil\u00a0pessoas em\u00a0mais de 480 sess\u00f5es gratuitas em comunidades, escolas e universidades de S\u00e3o Paulo. J\u00e1 foram exibidos na tela do CineB mais de 116 longas metragens e 73 curtas metragens.<\/p>\n\t\t\t\n\t\t\t<!-- Blueimp gallery -->\n\t\t\t<div id=\"blueimp-gallery\" class=\"blueimp-gallery blueimp-gallery-controls\">\n\t\t\t\t<div class=\"slides\"><\/div>\n\t\t\t\t<h3 class=\"title\"><\/h3>\n\t\t\t\t<a class=\"prev\">\u2039<\/a>\n\t\t\t\t<a class=\"next\">\u203a<\/a>\n\t\t\t\t<a class=\"close\">\u00d7<\/a>\n\t\t\t\t<a class=\"play-pause\"><\/a>\n\t\t\t\t<ol class=\"indicator\"><\/ol>\n\t\t\t\t<div class=\"modal fade\">\n\t\t\t\t\t<div class=\"modal-dialog\">\n\t\t\t\t\t\t<div class=\"modal-content\">\n\t\t\t\t\t\t\t<div class=\"modal-header\">\n\t\t\t\t\t\t\t\t<button type=\"button\" class=\"close\" aria-hidden=\"true\">&times;<\/button>\n\t\t\t\t\t\t\t\t<h4 class=\"modal-title\"><\/h4>\n\t\t\t\t\t\t\t<\/div>\n\t\t\t\t\t\t\t<div class=\"modal-body next\"><\/div>\n\t\t\t\t\t\t\t<div class=\"modal-footer\">\n\t\t\t\t\t\t\t\t<button type=\"button\" class=\"btn btn-default pull-left prev\">\n\t\t\t\t\t\t\t\t\t<i class=\"glyphicon glyphicon-chevron-left\"><\/i>\n\t\t\t\t\t\t\t\t\tPrevious\t\t\t\t\t\t\t\t<\/button>\n\t\t\t\t\t\t\t\t<button type=\"button\" class=\"btn btn-primary next\">\n\t\t\t\t\t\t\t\t\tNext\t\t\t\t\t\t\t\t\t<i class=\"glyphicon glyphicon-chevron-right\"><\/i>\n\t\t\t\t\t\t\t\t<\/button>\n\t\t\t\t\t\t\t<\/div>\n\t\t\t\t\t\t<\/div>\n\t\t\t\t\t<\/div>\n\t\t\t\t<\/div>\n\t\t\t<\/div>\n\t\t\t<script type=\"text\/javascript\">\n\t\t\tjQuery(function() {\n\t\t\t\t\/\/ Set blueimp gallery options\n\t\t\t\tjQuery.extend(blueimp.Gallery.prototype.options, {\n\t\t\t\t\tuseBootstrapModal: false,\n\t\t\t\t\thidePageScrollbars: false\n\t\t\t\t});\n\t\t\t});\n\t\t\t<\/script>\n\t\t\t\n","protected":false},"excerpt":{"rendered":"<p>O p\u00e1tio da Par\u00f3quia Senhor dos Passos e Nossa Senhora das Dores, no Jardim Ip\u00ea, Zona Sul da capital, recebeu[&#8230;]<\/p>\n","protected":false},"author":3,"featured_media":10954,"comment_status":"open","ping_status":"open","sticky":false,"template":"","format":"standard","meta":[],"categories":[2,6],"tags":[237,255,331,396,686,911,938,1061],"_links":{"self":[{"href":"https:\/\/projetocineb.com.br\/index.php?rest_route=\/wp\/v2\/posts\/10781"}],"collection":[{"href":"https:\/\/projetocineb.com.br\/index.php?rest_route=\/wp\/v2\/posts"}],"about":[{"href":"https:\/\/projetocineb.com.br\/index.php?rest_route=\/wp\/v2\/types\/post"}],"author":[{"embeddable":true,"href":"https:\/\/projetocineb.com.br\/index.php?rest_route=\/wp\/v2\/users\/3"}],"replies":[{"embeddable":true,"href":"https:\/\/projetocineb.com.br\/index.php?rest_route=%2Fwp%2Fv2%2Fcomments&post=10781"}],"version-history":[{"count":0,"href":"https:\/\/projetocineb.com.br\/index.php?rest_route=\/wp\/v2\/posts\/10781\/revisions"}],"wp:featuredmedia":[{"embeddable":true,"href":"https:\/\/projetocineb.com.br\/index.php?rest_route=\/wp\/v2\/media\/10954"}],"wp:attachment":[{"href":"https:\/\/projetocineb.com.br\/index.php?rest_route=%2Fwp%2Fv2%2Fmedia&parent=10781"}],"wp:term":[{"taxonomy":"category","embeddable":true,"href":"https:\/\/projetocineb.com.br\/index.php?rest_route=%2Fwp%2Fv2%2Fcategories&post=10781"},{"taxonomy":"post_tag","embeddable":true,"href":"https:\/\/projetocineb.com.br\/index.php?rest_route=%2Fwp%2Fv2%2Ftags&post=10781"}],"curies":[{"name":"wp","href":"https:\/\/api.w.org\/{rel}","templated":true}]}}