{"id":10792,"date":"2018-05-21T16:19:04","date_gmt":"2018-05-21T19:19:04","guid":{"rendered":"http:\/\/projetocineb.com.br\/?p=10792"},"modified":"2018-05-21T16:19:04","modified_gmt":"2018-05-21T19:19:04","slug":"carmen-silva-participa-de-debate-na-unisantanna","status":"publish","type":"post","link":"https:\/\/projetocineb.com.br\/?p=10792","title":{"rendered":"Carmen Silva participa de debate na UniSant\u2019Anna"},"content":{"rendered":"<p><em>A l\u00edder do MSTC &#8211; Movimento dos Sem Teto do Centro, Carmen Silva, participou de debate organizado pelo CineB ap\u00f3s exibi\u00e7\u00e3o do filme \u201cEra o Hotel Cambrigde\u201d, no Audit\u00f3rio da UniSant\u2019Anna, na Zona Norte de S\u00e3o Paulo no dia 16\/5.<\/em><\/p>\n<figure id=\"attachment_10796\" aria-describedby=\"caption-attachment-10796\" style=\"width: 831px\" class=\"wp-caption alignnone\"><a href=\"http:\/\/projetocineb.com.br\/wp-content\/uploads\/2018\/05\/DSC_0013.jpg\"><img fetchpriority=\"high\" decoding=\"async\" class=\"size-full wp-image-10796\" src=\"http:\/\/projetocineb.com.br\/wp-content\/uploads\/2018\/05\/DSC_0013.jpg\" alt=\"\" width=\"831\" height=\"552\" \/><\/a><figcaption id=\"caption-attachment-10796\" class=\"wp-caption-text\">Professores posam para foto no Audit\u00f3rio da UniSant&#8217;Anna.<\/figcaption><\/figure>\n<p>O Centro Universit\u00e1rio Sant\u2019Anna, localizado pr\u00f3ximo ao Metro Tiet\u00ea, na Zona Norte de S\u00e3o Paulo, recebeu pela terceira vez, no dia 16\/5, uma sess\u00e3o do CineB. O filme \u201cEra o Hotel Cambridge\u201d, dirigido pela cineasta Eliane Caff\u00e9, foi exibido para alunos de licenciatura dos cursos de Hist\u00f3ria, Geografia, Letras, Pedagogia e M\u00fasica al\u00e9m dos cursos de Engenharia, Arquitetura e Urbanismo e Comunica\u00e7\u00e3o, que lotaram o audit\u00f3rio da universidade.<\/p>\n<p>O longa-metragem aborda a quest\u00e3o das ocupa\u00e7\u00f5es nos pr\u00e9dios do Centro de S\u00e3o Paulo. Refugiados rec\u00e9m-chegados ao Brasil dividem com um grupo de sem-tetos um velho edif\u00edcio abandonado no centro de S\u00e3o Paulo. Al\u00e9m da tens\u00e3o di\u00e1ria que a amea\u00e7a de despejo causa, os novos moradores do pr\u00e9dio ter\u00e3o que lidar com seus dramas pessoais e aprender a conviver com pessoas que, apesar de diferentes, enfrentam juntos a vida nas ruas. O filme mescla atores profissionais como Jos\u00e9 Dumont e Suely Franco com moradores e lideran\u00e7as da ocupa\u00e7\u00e3o como Carmen Silva, Isam Ahamadi Issa e Guylain Mukendi. \u201cEra o Hotel Cambridge\u201d foi premiado em diversos festivais de cinema do mundo como o Festival de San Sebati\u00e1n (Espanha) e Festival de Cinema e Direitos Humanos (Sui\u00e7a) al\u00e9m da 40\u00aa Mostra Internacional de Cinema de S\u00e3o Paulo.<\/p>\n<figure id=\"attachment_10797\" aria-describedby=\"caption-attachment-10797\" style=\"width: 831px\" class=\"wp-caption alignnone\"><a href=\"http:\/\/projetocineb.com.br\/wp-content\/uploads\/2018\/05\/DSC_0047.jpg\"><img decoding=\"async\" class=\"size-full wp-image-10797\" src=\"http:\/\/projetocineb.com.br\/wp-content\/uploads\/2018\/05\/DSC_0047.jpg\" alt=\"\" width=\"831\" height=\"552\" \/><\/a><figcaption id=\"caption-attachment-10797\" class=\"wp-caption-text\">A diretora Eliane Caff\u00e9 manda seu recado atrav\u00e9s de um v\u00eddeo gravado exclusivamente para o CineB.<\/figcaption><\/figure>\n<p>Para Eduardo Nunes, professor da UniSant\u2019Anna e coordenador do curso de Hist\u00f3ria da universidade, o Cine B traz diretores, atores e pessoas envolvidas nos contextos dos filmes. \u201cPara os alunos \u00e9 uma oportunidade para debater o Brasil, para ter essa intera\u00e7\u00e3o com a produ\u00e7\u00e3o dos filmes que sempre t\u00eam uma abordagem reflexiva, cr\u00edtica sobre a sociedade brasileira\u201d, avalia. Nunes lembrou da atualidade do filme ap\u00f3s o inc\u00eandio que destruiu um pr\u00e9dio no Centro de S\u00e3o Paulo e vitimou quase uma dezena de moradores que lutavam por uma moradia digna. \u201cA escolha do filme para ser exibido na universidade foi antes da ocorr\u00eancia dessa fatalidade. Um dos assuntos que est\u00e1 em voga agora \u00e9 a criminaliza\u00e7\u00e3o de movimentos, de lideran\u00e7as, sem tratar necessariamente do verdadeiro problema que \u00e9 a aus\u00eancia de moradia, das pol\u00edticas de exclus\u00e3o das popula\u00e7\u00f5es mais humildes, trabalhadoras, do centro da cidade. Esses im\u00f3veis est\u00e3o vazios h\u00e1 muito tempo, ent\u00e3o as ocupa\u00e7\u00f5es buscam selecionar im\u00f3veis que est\u00e3o ociosos, n\u00e3o est\u00e3o cumprindo sua fun\u00e7\u00e3o social\u201d, analisa.<\/p>\n<p>A diretora do filme, Eliane Caff\u00e9 n\u00e3o pode comparecer ao debate porque est\u00e1 em processo de grava\u00e7\u00e3o de um novo filme. Mas a cineasta gravou uma mensagem que foi exibida antes do in\u00edcio da sess\u00e3o. Carmen Silva, l\u00edder do MSTC &#8211; Movimento dos Sem Teto do Centro, filiado \u00e0 Frente de Luta Pela Moradia (FLM) que foi uma das atrizes do filme participou de um debate com os alunos ao final da exibi\u00e7\u00e3o. Ela contou sua trajet\u00f3ria de vida e de luta &#8211; foi a lideran\u00e7a que organizou a ocupa\u00e7\u00e3o no antigo hotel da avenida 9 de Julho, abandonado desde os anos 1980 e que passa, atualmente, por um processo de reforma para virar moradia. \u201cFoi uma vit\u00f3ria daqueles que lutam por moradia\u201d.<\/p>\n<figure id=\"attachment_10798\" aria-describedby=\"caption-attachment-10798\" style=\"width: 831px\" class=\"wp-caption alignnone\"><a href=\"http:\/\/projetocineb.com.br\/wp-content\/uploads\/2018\/05\/DSC_0042.jpg\"><img decoding=\"async\" class=\"size-full wp-image-10798\" src=\"http:\/\/projetocineb.com.br\/wp-content\/uploads\/2018\/05\/DSC_0042.jpg\" alt=\"\" width=\"831\" height=\"552\" \/><\/a><figcaption id=\"caption-attachment-10798\" class=\"wp-caption-text\">Eduardo Nunes, coordenador do curso de Hist\u00f3ria do centro universit\u00e1rio e Cid\u00e1lio Vieira Santos, coordenador do CineB, na abertura oficial da sess\u00e3o.<\/figcaption><\/figure>\n<p>Carmen lembrou que existem mais de 700 mil im\u00f3veis desocupados na cidade de S\u00e3o Paulo e cerca de 600 mil pessoas sem moradia \u201cTem mais casa sem gente do que gente sem casa\u201d. Respondeu perguntas dos estudantes a respeito das pr\u00e1ticas dos movimentos de ocupa\u00e7\u00e3o como a cobran\u00e7a de mensalidades dos associados. \u201cN\u00e3o respondo por pr\u00e1ticas de outros movimentos, mas l\u00e1 no Cambridge todos pagam uma taxa mensal porque constitu\u00edmos uma associa\u00e7\u00e3o que precisa de contador, advogado, pagamos impostos. \u00c9 como em um condom\u00ednio, em que todos pagam para fazer melhorias na ocupa\u00e7\u00e3o. Mas tudo \u00e9 controlado coletivamente\u201d, explica.<\/p>\n<figure id=\"attachment_10799\" aria-describedby=\"caption-attachment-10799\" style=\"width: 831px\" class=\"wp-caption alignnone\"><a href=\"http:\/\/projetocineb.com.br\/wp-content\/uploads\/2018\/05\/DSC_0101.jpg\"><img loading=\"lazy\" decoding=\"async\" class=\"size-full wp-image-10799\" src=\"http:\/\/projetocineb.com.br\/wp-content\/uploads\/2018\/05\/DSC_0101.jpg\" alt=\"\" width=\"831\" height=\"552\" \/><\/a><figcaption id=\"caption-attachment-10799\" class=\"wp-caption-text\">Carmen Silva, atriz e lideran\u00e7a do movimento de moradia do centro, no debate com os alunos.<\/figcaption><\/figure>\n<p>Carmen elogiou a iniciativa do CineB de levar o cinema brasileiro para as escolas, as periferias. \u201cEu costumo dizer que a cultura \u00e9 a \u00fanica que une todas as classes sociais e esse projeto do CineB \u00e9 uma prova de que n\u00e3o h\u00e1 fronteiras para os movimentos populares, que v\u00e3o a locais que o pr\u00f3prio governo n\u00e3o se atenta para as necessidades\u201d, destaca.<\/p>\n<p>Alunos e professores elogiaram a iniciativa. Felipe Almeida dos Santos, professor de geografia, comentou que o projeto aproxima uma tem\u00e1tica fundamental que \u00e9 a da arte e das express\u00f5es tanto art\u00edsticas quanto pol\u00edtica do espa\u00e7o universit\u00e1rio. \u201c\u00c9 um espa\u00e7o de forma\u00e7\u00e3o cultural, entretenimento e debates pol\u00edticos sobre a realidade\u201d. Alisson Melo Galindo, aluno de engenharia aeron\u00e1utica, conta que conhece Carmen pessoalmente. \u201cSou amigo da filha dela, a Preta, e acabou que eu virei amigo da Carmen tamb\u00e9m. Foi a primeira vez que eu vi uma sess\u00e3o do CineB e gostei da ideia. Eu j\u00e1 tinha assistido o filme no cinema, e quando eu vi que teria uma exibi\u00e7\u00e3o aqui achei interessante, porque mostra a hist\u00f3ria do que aconteceu no pr\u00e9dio e as pessoas precisam conhecer o que acontece no pa\u00eds\u201d, completa.<\/p>\n<p>O CineB \u00e9 um circuito alternativo de exibi\u00e7\u00e3o que, desde 2007, leva cinema brasileiro para v\u00e1rias regi\u00f5es da cidade. O projeto, j\u00e1 contabiliza um p\u00fablico superior a\u00a060 mil\u00a0pessoas em\u00a0mais de 480 sess\u00f5es gratuitas em comunidades, escolas e universidades de S\u00e3o Paulo. J\u00e1 foram exibidos na tela do CINEB mais de 116 longas metragens e 73 curtas metragens.<\/p>\n\t\t\t\n\t\t\t<!-- Blueimp gallery -->\n\t\t\t<div id=\"blueimp-gallery\" class=\"blueimp-gallery blueimp-gallery-controls\">\n\t\t\t\t<div class=\"slides\"><\/div>\n\t\t\t\t<h3 class=\"title\"><\/h3>\n\t\t\t\t<a class=\"prev\">\u2039<\/a>\n\t\t\t\t<a class=\"next\">\u203a<\/a>\n\t\t\t\t<a class=\"close\">\u00d7<\/a>\n\t\t\t\t<a class=\"play-pause\"><\/a>\n\t\t\t\t<ol class=\"indicator\"><\/ol>\n\t\t\t\t<div class=\"modal fade\">\n\t\t\t\t\t<div class=\"modal-dialog\">\n\t\t\t\t\t\t<div class=\"modal-content\">\n\t\t\t\t\t\t\t<div class=\"modal-header\">\n\t\t\t\t\t\t\t\t<button type=\"button\" class=\"close\" aria-hidden=\"true\">&times;<\/button>\n\t\t\t\t\t\t\t\t<h4 class=\"modal-title\"><\/h4>\n\t\t\t\t\t\t\t<\/div>\n\t\t\t\t\t\t\t<div class=\"modal-body next\"><\/div>\n\t\t\t\t\t\t\t<div class=\"modal-footer\">\n\t\t\t\t\t\t\t\t<button type=\"button\" class=\"btn btn-default pull-left prev\">\n\t\t\t\t\t\t\t\t\t<i class=\"glyphicon glyphicon-chevron-left\"><\/i>\n\t\t\t\t\t\t\t\t\tPrevious\t\t\t\t\t\t\t\t<\/button>\n\t\t\t\t\t\t\t\t<button type=\"button\" class=\"btn btn-primary next\">\n\t\t\t\t\t\t\t\t\tNext\t\t\t\t\t\t\t\t\t<i class=\"glyphicon glyphicon-chevron-right\"><\/i>\n\t\t\t\t\t\t\t\t<\/button>\n\t\t\t\t\t\t\t<\/div>\n\t\t\t\t\t\t<\/div>\n\t\t\t\t\t<\/div>\n\t\t\t\t<\/div>\n\t\t\t<\/div>\n\t\t\t<script type=\"text\/javascript\">\n\t\t\tjQuery(function() {\n\t\t\t\t\/\/ Set blueimp gallery options\n\t\t\t\tjQuery.extend(blueimp.Gallery.prototype.options, {\n\t\t\t\t\tuseBootstrapModal: false,\n\t\t\t\t\thidePageScrollbars: false\n\t\t\t\t});\n\t\t\t});\n\t\t\t<\/script>\n\t\t\t\n","protected":false},"excerpt":{"rendered":"<p>A l\u00edder do MSTC &#8211; Movimento dos Sem Teto do Centro, Carmen Silva, participou de debate organizado pelo CineB ap\u00f3s[&#8230;]<\/p>\n","protected":false},"author":3,"featured_media":10891,"comment_status":"open","ping_status":"open","sticky":false,"template":"","format":"standard","meta":[],"categories":[2,6],"tags":[182,237,252,447,471,830,1132],"_links":{"self":[{"href":"https:\/\/projetocineb.com.br\/index.php?rest_route=\/wp\/v2\/posts\/10792"}],"collection":[{"href":"https:\/\/projetocineb.com.br\/index.php?rest_route=\/wp\/v2\/posts"}],"about":[{"href":"https:\/\/projetocineb.com.br\/index.php?rest_route=\/wp\/v2\/types\/post"}],"author":[{"embeddable":true,"href":"https:\/\/projetocineb.com.br\/index.php?rest_route=\/wp\/v2\/users\/3"}],"replies":[{"embeddable":true,"href":"https:\/\/projetocineb.com.br\/index.php?rest_route=%2Fwp%2Fv2%2Fcomments&post=10792"}],"version-history":[{"count":0,"href":"https:\/\/projetocineb.com.br\/index.php?rest_route=\/wp\/v2\/posts\/10792\/revisions"}],"wp:featuredmedia":[{"embeddable":true,"href":"https:\/\/projetocineb.com.br\/index.php?rest_route=\/wp\/v2\/media\/10891"}],"wp:attachment":[{"href":"https:\/\/projetocineb.com.br\/index.php?rest_route=%2Fwp%2Fv2%2Fmedia&parent=10792"}],"wp:term":[{"taxonomy":"category","embeddable":true,"href":"https:\/\/projetocineb.com.br\/index.php?rest_route=%2Fwp%2Fv2%2Fcategories&post=10792"},{"taxonomy":"post_tag","embeddable":true,"href":"https:\/\/projetocineb.com.br\/index.php?rest_route=%2Fwp%2Fv2%2Ftags&post=10792"}],"curies":[{"name":"wp","href":"https:\/\/api.w.org\/{rel}","templated":true}]}}