{"id":1082,"date":"2010-07-28T22:07:40","date_gmt":"2010-07-29T01:07:40","guid":{"rendered":"http:\/\/projetocineb.com.br\/?p=1082"},"modified":"2010-07-28T22:07:40","modified_gmt":"2010-07-29T01:07:40","slug":"1082","status":"publish","type":"post","link":"https:\/\/projetocineb.com.br\/?p=1082","title":{"rendered":"PROMO\u00c7\u00c3O UMA NOITE EM 67"},"content":{"rendered":"<p><span style=\"color: #ff6600;\">Que tal ir de gra\u00e7a no cinema assistir ao \u00faltimo lan\u00e7amento nacional,<\/span><em><span style=\"color: #ff6600;\">Uma noite em 67<\/span><\/em>, dirigido por Renato Terra e Ricardo Calil, que estr\u00e9ia dia 30\/07\/2010 nos cinemas?<\/p>\n<figure id=\"attachment_1069\" aria-describedby=\"caption-attachment-1069\" style=\"width: 384px\" class=\"wp-caption aligncenter\"><a href=\"http:\/\/projetocineb.com.br\/wp-content\/uploads\/2010\/07\/GILBERTO_GIL67_23504a.jpg\"><img fetchpriority=\"high\" decoding=\"async\" class=\"size-full wp-image-1069  \" title=\"Gilberto Gil canta em um dos momentos do grande festival\" src=\"http:\/\/projetocineb.com.br\/wp-content\/uploads\/2010\/07\/GILBERTO_GIL67_23504a.jpg\" alt=\"Gilberto Gil canta em um dos momentos do grande festival\" width=\"384\" height=\"250\" \/><\/a><figcaption id=\"caption-attachment-1069\" class=\"wp-caption-text\">Gilberto Gil canta em um dos momentos do grande festival<\/figcaption><\/figure>\n<p><span style=\"color: #ff6600;\">O document\u00e1rio revive o festival\u00a0que revolucionou a m\u00fasica brasileira<\/span>, com artistas como Roberto Carlos,\u00a0Chico Buarque, Gilberto Gil, S\u00e9rgio Ricardo e outros grande nomes.<\/p>\n<p><span style=\"color: #ff6600;\">Para ganhar seu ingresso, basta fazer o primeiro coment\u00e1rio na reportagem\u00a0que colocaremos aqui sobre a exibi\u00e7\u00e3o do Cine B em Vila Leopoldina.<\/span><\/p>\n<p>Depois que fez o coment\u00e1rio, <span style=\"color: #ff6600;\">\u00e9 s\u00f3 esperar que vamos entrar em contato contigo pra enviar seu ingressos a\u00ed pra sua casa.<\/span><br \/>\n<object classid=\"clsid:d27cdb6e-ae6d-11cf-96b8-444553540000\" width=\"425\" height=\"344\" codebase=\"http:\/\/download.macromedia.com\/pub\/shockwave\/cabs\/flash\/swflash.cab#version=6,0,40,0\"><param name=\"allowFullScreen\" value=\"true\" \/><param name=\"allowscriptaccess\" value=\"always\" \/><param name=\"src\" value=\"http:\/\/www.youtube.com\/v\/ijH977Ef5tM&amp;hl=pt_BR&amp;fs=1?color1=0x402061&amp;color2=0x9461ca\" \/><param name=\"allowfullscreen\" value=\"true\" \/><embed type=\"application\/x-shockwave-flash\" width=\"425\" height=\"344\" src=\"http:\/\/www.youtube.com\/v\/ijH977Ef5tM&amp;hl=pt_BR&amp;fs=1?color1=0x402061&amp;color2=0x9461ca\" allowscriptaccess=\"always\" allowfullscreen=\"true\"><\/embed><\/object><\/p>\n<p>Fique de olho aqui no blog e <span style=\"color: #ff6600;\">n\u00e3o perca seus ingressos!<\/span><\/p>\n","protected":false},"excerpt":{"rendered":"<p>Que tal ir de gra\u00e7a no cinema assistir ao \u00faltimo lan\u00e7amento nacional,Uma noite em 67, dirigido por Renato Terra e[&#8230;]<\/p>\n","protected":false},"author":2,"featured_media":0,"comment_status":"open","ping_status":"open","sticky":false,"template":"","format":"standard","meta":[],"categories":[8],"tags":[154,263,489,634,1012,1132,1187],"_links":{"self":[{"href":"https:\/\/projetocineb.com.br\/index.php?rest_route=\/wp\/v2\/posts\/1082"}],"collection":[{"href":"https:\/\/projetocineb.com.br\/index.php?rest_route=\/wp\/v2\/posts"}],"about":[{"href":"https:\/\/projetocineb.com.br\/index.php?rest_route=\/wp\/v2\/types\/post"}],"author":[{"embeddable":true,"href":"https:\/\/projetocineb.com.br\/index.php?rest_route=\/wp\/v2\/users\/2"}],"replies":[{"embeddable":true,"href":"https:\/\/projetocineb.com.br\/index.php?rest_route=%2Fwp%2Fv2%2Fcomments&post=1082"}],"version-history":[{"count":0,"href":"https:\/\/projetocineb.com.br\/index.php?rest_route=\/wp\/v2\/posts\/1082\/revisions"}],"wp:attachment":[{"href":"https:\/\/projetocineb.com.br\/index.php?rest_route=%2Fwp%2Fv2%2Fmedia&parent=1082"}],"wp:term":[{"taxonomy":"category","embeddable":true,"href":"https:\/\/projetocineb.com.br\/index.php?rest_route=%2Fwp%2Fv2%2Fcategories&post=1082"},{"taxonomy":"post_tag","embeddable":true,"href":"https:\/\/projetocineb.com.br\/index.php?rest_route=%2Fwp%2Fv2%2Ftags&post=1082"}],"curies":[{"name":"wp","href":"https:\/\/api.w.org\/{rel}","templated":true}]}}