{"id":10820,"date":"2018-05-23T15:30:08","date_gmt":"2018-05-23T18:30:08","guid":{"rendered":"http:\/\/projetocineb.com.br\/?p=10820"},"modified":"2018-05-23T15:30:08","modified_gmt":"2018-05-23T18:30:08","slug":"documentario-sobre-dom-paulo-evaristo-arns-e-destaque-no-cineb-solar","status":"publish","type":"post","link":"https:\/\/projetocineb.com.br\/?p=10820","title":{"rendered":"Document\u00e1rio sobre Dom Paulo no CineB Solar"},"content":{"rendered":"<p><em>\u2018Coragem\u2019 ter\u00e1 tr\u00eas sess\u00f5es na zona leste de S\u00e3o Paulo em maio e junho; garanta j\u00e1 o seu lugar!<\/em><\/p>\n<p><a href=\"http:\/\/projetocineb.com.br\/wp-content\/uploads\/2018\/05\/fotos_douglas_mansur-novo_moviemento__26_.jpg\"><img fetchpriority=\"high\" decoding=\"async\" class=\"alignleft size-full wp-image-10821\" src=\"http:\/\/projetocineb.com.br\/wp-content\/uploads\/2018\/05\/fotos_douglas_mansur-novo_moviemento__26_.jpg\" alt=\"\" width=\"667\" height=\"421\" \/><\/a><\/p>\n<p>O CineB Solar, uma parceria sustent\u00e1vel entre o Sindicato dos Banc\u00e1rios de S\u00e3o Paulo, Osasco e Regi\u00e3o e a Brazucah Produ\u00e7\u00f5es que utiliza energia solar nas proje\u00e7\u00f5es, exibe novamente o document\u00e1rio &#8220;Coragem \u2013 As Muitas Vidas do Cardeal Dom Paulo Evaristo Arns&#8221;, do diretor Ricardo Carvalho. O filme homenageia a mem\u00f3ria e a luta de uma das vozes mais ativas a favor dos pobres e contra o regime ditatorial que sequestrou, torturou e matou centenas de brasileiros.<\/p>\n<p>Para o coordenador do CineB, Cid\u00e1lio Vieira Santos, o projeto cumpre um papel fundamental ao trazer para o debate com a comunidade um filme sobre Dom Paulo Evaristo Arns.<br \/>\n\u201cO esquecimento \u00e9 o melhor amigo da barb\u00e1rie. Precisamos olhar para o passado para procurar entender o que estamos vivendo hoje. Dom Paulo era um religioso preocupado com os direitos fundamentais do ser humano, independentemente de sua f\u00e9, cor ou ideologia. Um homem preocupado em fazer o bem\u201d, ressalta.<\/p>\n<p>As pr\u00f3ximas sess\u00f5es de &#8220;Coragem \u2013 As Muitas Vidas do Cardeal Dom Paulo Evaristo Arns&#8221; ser\u00e3o realizadas nos dias 25 e 29 de maio e 14 de junho, na zona leste de S\u00e3o Paulo.<br \/>\nPara assistir ao document\u00e1rio sobre a vida do cardeal Arns \u00e9 necess\u00e1rio retirar antes os convites nos locais de exibi\u00e7\u00e3o ou fazer reserva por meio do produ\u00e7\u00e3ocineb@brazucah.com.br, enviando nome, telefone e bairro. Garanta j\u00e1 o seu lugar! As vagas s\u00e3o limitadas!<br \/>\nDatas e hor\u00e1rios das pr\u00f3ximas exibi\u00e7\u00f5es:<br \/>\n25 de maio (sexta-feira), \u00e0s 19h &#8211; Associa\u00e7\u00e3o dos Moradores da Vila Rica (Rua Jo\u00e3o Batista Lima, 47, pr\u00f3ximo \u00e0 Avenida Inconfid\u00eancia Mineira);<br \/>\n29 de maio (ter\u00e7a-feira), \u00e0s 20h \u2013 Santu\u00e1rio Nossa Senhora da Paz (Avenida Maria Luiza Americano, 1.561, Jardim Nossa Senhora do Carmo), com posterior debate com o diretor Ricardo Carvalho;<br \/>\n14 de junho (quinta-feira), \u00e0s 19h \u2013 Par\u00f3quia Cristo Ressuscitado (Avenida Campanella, 814, Cidade A.E. Carvalho).<\/p>\n<p><strong>O projeto<\/strong><br \/>\nO CineB \u00e9 uma parceria entre o Sindicato e a Brazucah Produ\u00e7\u00f5es, que promove o acesso ao cinema nacional para a popula\u00e7\u00e3o de bairros perif\u00e9ricos da Grande S\u00e3o Paulo.<br \/>\nDesde 2007, o projeto j\u00e1 chegou a um p\u00fablico superior a 60 mil espectadores em mais de 480 sess\u00f5es gratuitas realizadas em comunidades e universidades de S\u00e3o Paulo. A iniciativa busca democratizar o acesso ao cinema nacional e divulgar os filmes produzidos no Brasil.<br \/>\nJ\u00e1 foram exibidos na tela do CineB mais de 116 longas metragens e 73 curtas metragens, al\u00e9m da realiza\u00e7\u00e3o de pr\u00e9-estreias exclusivas.<br \/>\nDesde abril, com o nome CineB Solar, o projeto, al\u00e9m da exibi\u00e7\u00e3o dos filmes, promove antes das sess\u00f5es palestras dentro do carro do projeto. O objetivo \u00e9 mostrar como funciona o sistema que transforma a energia do sol em energia el\u00e9trica para funcionar tel\u00e3o, som e ilumina\u00e7\u00e3o da sess\u00e3o.<\/p>\n<p>(Mat\u00e9ria originalmente publicada no <a href=\"http:\/\/spbancarios.com.br\/05\/2018\/documentario-sobre-dom-paulo-evaristo-arns-e-destaque-no-cineb-solar\">site dos banc\u00e1rios<\/a>)<\/p>\n","protected":false},"excerpt":{"rendered":"<p>\u2018Coragem\u2019 ter\u00e1 tr\u00eas sess\u00f5es na zona leste de S\u00e3o Paulo em maio e junho; garanta j\u00e1 o seu lugar! O[&#8230;]<\/p>\n","protected":false},"author":3,"featured_media":10890,"comment_status":"open","ping_status":"open","sticky":false,"template":"","format":"standard","meta":[],"categories":[2,6],"tags":[154,237,255,331,1132],"_links":{"self":[{"href":"https:\/\/projetocineb.com.br\/index.php?rest_route=\/wp\/v2\/posts\/10820"}],"collection":[{"href":"https:\/\/projetocineb.com.br\/index.php?rest_route=\/wp\/v2\/posts"}],"about":[{"href":"https:\/\/projetocineb.com.br\/index.php?rest_route=\/wp\/v2\/types\/post"}],"author":[{"embeddable":true,"href":"https:\/\/projetocineb.com.br\/index.php?rest_route=\/wp\/v2\/users\/3"}],"replies":[{"embeddable":true,"href":"https:\/\/projetocineb.com.br\/index.php?rest_route=%2Fwp%2Fv2%2Fcomments&post=10820"}],"version-history":[{"count":0,"href":"https:\/\/projetocineb.com.br\/index.php?rest_route=\/wp\/v2\/posts\/10820\/revisions"}],"wp:featuredmedia":[{"embeddable":true,"href":"https:\/\/projetocineb.com.br\/index.php?rest_route=\/wp\/v2\/media\/10890"}],"wp:attachment":[{"href":"https:\/\/projetocineb.com.br\/index.php?rest_route=%2Fwp%2Fv2%2Fmedia&parent=10820"}],"wp:term":[{"taxonomy":"category","embeddable":true,"href":"https:\/\/projetocineb.com.br\/index.php?rest_route=%2Fwp%2Fv2%2Fcategories&post=10820"},{"taxonomy":"post_tag","embeddable":true,"href":"https:\/\/projetocineb.com.br\/index.php?rest_route=%2Fwp%2Fv2%2Ftags&post=10820"}],"curies":[{"name":"wp","href":"https:\/\/api.w.org\/{rel}","templated":true}]}}