{"id":10835,"date":"2018-05-29T15:29:14","date_gmt":"2018-05-29T18:29:14","guid":{"rendered":"http:\/\/projetocineb.com.br\/?p=10835"},"modified":"2018-05-29T15:29:14","modified_gmt":"2018-05-29T18:29:14","slug":"cinema-com-energia-solar-chega-a-vila-rica","status":"publish","type":"post","link":"https:\/\/projetocineb.com.br\/?p=10835","title":{"rendered":"Cinema com energia solar chega \u00e0 Vila Rica"},"content":{"rendered":"<p><em>CineB Solar fez sua estreia na Vila Rica, zona Leste da capital, no dia 25\/5\/2018. Em cartaz, o document\u00e1rio \u201cCoragem &#8211; As muitas vidas do Cardeal Do Paulo Evaristo Arns\u201d, de Ricardo de Carvalho.<\/em><\/p>\n<figure id=\"attachment_10837\" aria-describedby=\"caption-attachment-10837\" style=\"width: 786px\" class=\"wp-caption alignleft\"><a href=\"http:\/\/projetocineb.com.br\/wp-content\/uploads\/2018\/05\/DSC_0040.jpg\"><img fetchpriority=\"high\" decoding=\"async\" class=\"size-full wp-image-10837\" src=\"http:\/\/projetocineb.com.br\/wp-content\/uploads\/2018\/05\/DSC_0040.jpg\" alt=\"\" width=\"786\" height=\"522\" \/><\/a><figcaption id=\"caption-attachment-10837\" class=\"wp-caption-text\">Professores e alunos do grupo de capoeira da Associa\u00e7\u00e3o.<\/figcaption><\/figure>\n<p>Novidade na temporada 2018, o CineB Solar fez sua primeira exibi\u00e7\u00e3o na Associa\u00e7\u00e3o dos Moradores da Vila Rica, na \u00faltima sexta-feira, 25\/5\/2018. O espa\u00e7o localizado na regi\u00e3o do Aricanduva, Zona Leste de S\u00e3o Paulo \u00e9 um dos mais longevos parceiros do CineB, e desde 2007 abre suas portas para exibir filmes brasileiros. Foi a 15\u00aa vez que o p\u00fablico da Vila Rica recebeu o projeto e a primeira vez que viu o CineB Solar funcionar &#8211; o CineB Solar utiliza um sistema de capta\u00e7\u00e3o de energia do Sol numa van adaptada com paineis fotovoltaicos e baterias que carregam a energia que vai ser utiliza durante toda a exibi\u00e7\u00e3o do filme. No interior da van, foi montada uma esta\u00e7\u00e3o de ci\u00eancias para<\/p>\n<p>O CineB Solar \u00e9 a novidade do projeto este ano. O\u00a0ve\u00edculo adaptado para captar a energia solar para exibir filmes \u00e9 um projeto desenvolvido pela Brazucah Produ\u00e7\u00f5es, parceira do Sindicato dos Banc\u00e1rios de S\u00e3o Paulo, Osasco e regi\u00e3o na produ\u00e7\u00e3o do CineB h\u00e1 11 anos.\u00a0O Cinesolar, como o projeto \u00e9 conhecido, \u00e9 o primeiro cinema itinerante do Brasil movido a energia limpa e renov\u00e1vel e circula pelo Brasil desde 2010.<\/p>\n<figure id=\"attachment_10845\" aria-describedby=\"caption-attachment-10845\" style=\"width: 786px\" class=\"wp-caption alignleft\"><a href=\"http:\/\/projetocineb.com.br\/wp-content\/uploads\/2018\/05\/DSC_0046.jpg\"><img decoding=\"async\" class=\"size-full wp-image-10845\" src=\"http:\/\/projetocineb.com.br\/wp-content\/uploads\/2018\/05\/DSC_0046.jpg\" alt=\"\" width=\"786\" height=\"522\" \/><\/a><figcaption id=\"caption-attachment-10845\" class=\"wp-caption-text\">Crian\u00e7a acompanha explica\u00e7\u00e3o sobre energia solar na esta\u00e7\u00e3o cient\u00edfica da van.<\/figcaption><\/figure>\n<p>Em cartaz, o document\u00e1rio \u201cCoragem &#8211; As muitas vidas do Cardeal Dom Paulo Evaristo Arns\u201d, de Ricardo de Carvalho. O filme retrata a hist\u00f3ria de um dos mais importantes cardeais brasileiros do s\u00e9culo 20. Dom Paulo foi um intransigente defensor dos direitos humanos e enfrentou como poucos o regime militar. Co-organizou um dos mais importantes documentos sobre a ditadura, ainda no per\u00edodo militar: o projeto Brasil, Nunca Mais, que virou um livro que denunciou milhares de torturas, desaparecimentos e assassinatos. O cardeal Arns tamb\u00e9m organizou os pobres da cidade de S\u00e3o Paulo para que pudessem reivindicar os seus direitos fundamentais como educa\u00e7\u00e3o, sa\u00fade, habita\u00e7\u00e3o e emprego por meio da organiza\u00e7\u00e3o das Comunidades Eclesiais de Base (CEBs).<\/p>\n<p><span style=\"font-size: 1.0625rem;\">O padre Eduardo Binna, p\u00e1roco da Par\u00f3quia Santa Cruz, na Vila Rica, participou pela primeira vez de uma sess\u00e3o do CineB e aprovou o projeto: \u201cenergia sustent\u00e1vel, este \u00e9 o caminho. Temos que investir por a\u00ed, acredito que \u00e9 o futuro porque o Brasil tem muito sol\u201d, comentou. O padre Binna lembrou que conheceu Dom Paulo em 1989. \u201cEu vim do Paran\u00e1 e fiquei aqui em S\u00e3o Paulo por causa dele. A pessoas dele era para mim um modelo de ser crist\u00e3o no mundo. H\u00e1 24 anos, no dia 21 de maio de 1994, fui ordenado padre por ele\u201d, completa.<\/span><\/p>\n<p>Tiago Rodrigo da Silva, professor de capoeira na Associa\u00e7\u00e3o, tamb\u00e9m estava pela primeira vez numa sess\u00e3o do CineB Solar ao lado de alunos e parceiros do grupo S\u00edmbolo da Liberdade. Ele contou que o projeto, que une esporte e cultura popular com samba de roda, maculel\u00ea e dan\u00e7a afro acontece h\u00e1 tr\u00eas meses na associa\u00e7\u00e3o e funciona todas as segundas e quartas-feiras, das 19h30 \u00e0s 21h30.<br \/>\nA presidenta da entidade, Bia Moreno, estava feliz por poder trazer o document\u00e1rio sobre a vida do arcebispo para a comunidade. \u201cEu j\u00e1 tinha visto, e achei importante que a comunidade conhecesse a hist\u00f3ria de dom Paulo\u201d, comentou, na abertura oficial da sess\u00e3o, ao lado do coordenador do CineB Solar, Cid\u00e1lio Vieira Santos e do padre Binna Bia homenageou os diretores Bigode e Sr. Gentil, j\u00e1 falecidos, que eram f\u00e3s de dom Paulo.<\/p>\n<p>Ap\u00f3s a exibi\u00e7\u00e3o do filme, Cid\u00e1lio abriu o microfone para que o p\u00fablico pudesse se manifestar. Maria Cristina Corral estava extasiada com o que viu: \u201ceu frequento a par\u00f3quia Santa Cruz desde o final da d\u00e9cada de 1980, e eu convivi com muitas pessoas que aparecem no filme. Valdemar Rossi, na \u00e9poca da pastoral oper\u00e1ria, o padre Fernando Altmeyer, que era aqui do setor. Ent\u00e3o eu me vi dentro do filme, me vi com aquelas pessoas daquela \u00e9poca\u201d, relata.<\/p>\n<p>O CineB Solar \u00e9 um circuito alternativo de exibi\u00e7\u00e3o que, desde 2007, leva cinema brasileiro para v\u00e1rias regi\u00f5es da cidade. O projeto, que agora passa a se chamar CineB Solar quando estiver nas comunidades, j\u00e1 contabiliza um p\u00fablico superior a\u00a060 mil\u00a0pessoas em\u00a0mais de 480 sess\u00f5es gratuitas em comunidades, escolas e universidades de S\u00e3o Paulo. J\u00e1 foram exibidos na tela do CineB mais de 116 longas metragens e 73 curtas metragens.<\/p>\n\t\t\t\n\t\t\t<!-- Blueimp gallery -->\n\t\t\t<div id=\"blueimp-gallery\" class=\"blueimp-gallery blueimp-gallery-controls\">\n\t\t\t\t<div class=\"slides\"><\/div>\n\t\t\t\t<h3 class=\"title\"><\/h3>\n\t\t\t\t<a class=\"prev\">\u2039<\/a>\n\t\t\t\t<a class=\"next\">\u203a<\/a>\n\t\t\t\t<a class=\"close\">\u00d7<\/a>\n\t\t\t\t<a class=\"play-pause\"><\/a>\n\t\t\t\t<ol class=\"indicator\"><\/ol>\n\t\t\t\t<div class=\"modal fade\">\n\t\t\t\t\t<div class=\"modal-dialog\">\n\t\t\t\t\t\t<div class=\"modal-content\">\n\t\t\t\t\t\t\t<div class=\"modal-header\">\n\t\t\t\t\t\t\t\t<button type=\"button\" class=\"close\" aria-hidden=\"true\">&times;<\/button>\n\t\t\t\t\t\t\t\t<h4 class=\"modal-title\"><\/h4>\n\t\t\t\t\t\t\t<\/div>\n\t\t\t\t\t\t\t<div class=\"modal-body next\"><\/div>\n\t\t\t\t\t\t\t<div class=\"modal-footer\">\n\t\t\t\t\t\t\t\t<button type=\"button\" class=\"btn btn-default pull-left prev\">\n\t\t\t\t\t\t\t\t\t<i class=\"glyphicon glyphicon-chevron-left\"><\/i>\n\t\t\t\t\t\t\t\t\tPrevious\t\t\t\t\t\t\t\t<\/button>\n\t\t\t\t\t\t\t\t<button type=\"button\" class=\"btn btn-primary next\">\n\t\t\t\t\t\t\t\t\tNext\t\t\t\t\t\t\t\t\t<i class=\"glyphicon glyphicon-chevron-right\"><\/i>\n\t\t\t\t\t\t\t\t<\/button>\n\t\t\t\t\t\t\t<\/div>\n\t\t\t\t\t\t<\/div>\n\t\t\t\t\t<\/div>\n\t\t\t\t<\/div>\n\t\t\t<\/div>\n\t\t\t<script type=\"text\/javascript\">\n\t\t\tjQuery(function() {\n\t\t\t\t\/\/ Set blueimp gallery options\n\t\t\t\tjQuery.extend(blueimp.Gallery.prototype.options, {\n\t\t\t\t\tuseBootstrapModal: false,\n\t\t\t\t\thidePageScrollbars: false\n\t\t\t\t});\n\t\t\t});\n\t\t\t<\/script>\n\t\t\t\n","protected":false},"excerpt":{"rendered":"<p>CineB Solar fez sua estreia na Vila Rica, zona Leste da capital, no dia 25\/5\/2018. Em cartaz, o document\u00e1rio \u201cCoragem[&#8230;]<\/p>\n","protected":false},"author":3,"featured_media":10888,"comment_status":"open","ping_status":"open","sticky":false,"template":"","format":"standard","meta":[],"categories":[2,6],"tags":[137,154,255,330,906,1061,1132,1229],"_links":{"self":[{"href":"https:\/\/projetocineb.com.br\/index.php?rest_route=\/wp\/v2\/posts\/10835"}],"collection":[{"href":"https:\/\/projetocineb.com.br\/index.php?rest_route=\/wp\/v2\/posts"}],"about":[{"href":"https:\/\/projetocineb.com.br\/index.php?rest_route=\/wp\/v2\/types\/post"}],"author":[{"embeddable":true,"href":"https:\/\/projetocineb.com.br\/index.php?rest_route=\/wp\/v2\/users\/3"}],"replies":[{"embeddable":true,"href":"https:\/\/projetocineb.com.br\/index.php?rest_route=%2Fwp%2Fv2%2Fcomments&post=10835"}],"version-history":[{"count":0,"href":"https:\/\/projetocineb.com.br\/index.php?rest_route=\/wp\/v2\/posts\/10835\/revisions"}],"wp:featuredmedia":[{"embeddable":true,"href":"https:\/\/projetocineb.com.br\/index.php?rest_route=\/wp\/v2\/media\/10888"}],"wp:attachment":[{"href":"https:\/\/projetocineb.com.br\/index.php?rest_route=%2Fwp%2Fv2%2Fmedia&parent=10835"}],"wp:term":[{"taxonomy":"category","embeddable":true,"href":"https:\/\/projetocineb.com.br\/index.php?rest_route=%2Fwp%2Fv2%2Fcategories&post=10835"},{"taxonomy":"post_tag","embeddable":true,"href":"https:\/\/projetocineb.com.br\/index.php?rest_route=%2Fwp%2Fv2%2Ftags&post=10835"}],"curies":[{"name":"wp","href":"https:\/\/api.w.org\/{rel}","templated":true}]}}