{"id":10850,"date":"2018-06-04T15:13:50","date_gmt":"2018-06-04T18:13:50","guid":{"rendered":"http:\/\/projetocineb.com.br\/?p=10850"},"modified":"2018-06-04T15:13:50","modified_gmt":"2018-06-04T18:13:50","slug":"cineb-solar-no-santuario-n-sra-da-paz","status":"publish","type":"post","link":"https:\/\/projetocineb.com.br\/?p=10850","title":{"rendered":"CineB Solar no Santu\u00e1rio N. Sra. da Paz"},"content":{"rendered":"<p><em>CineB Solar retornou ao Santu\u00e1rio Nossa Senhora da Paz\u00a0 em 29\/5\/2018, para exibir, ao ar livre, o document\u00e1rio \u201cCoragem &#8211; As muitas vidas de Dom Paulo Evaristo Arns\u201d.<\/em><\/p>\n<figure id=\"attachment_10856\" aria-describedby=\"caption-attachment-10856\" style=\"width: 1800px\" class=\"wp-caption alignleft\"><a href=\"http:\/\/projetocineb.com.br\/wp-content\/uploads\/2018\/06\/IMG_2758_@baixa.jpg\"><img fetchpriority=\"high\" decoding=\"async\" class=\"size-full wp-image-10856\" src=\"http:\/\/projetocineb.com.br\/wp-content\/uploads\/2018\/06\/IMG_2758_@baixa.jpg\" alt=\"\" width=\"1800\" height=\"1200\" \/><\/a><figcaption id=\"caption-attachment-10856\" class=\"wp-caption-text\">A Lua cheia fez parte do cen\u00e1rio montado no estacionamento do Santu\u00e1rio.<\/figcaption><\/figure>\n<p>O CineB Solar esteve na \u00faltima ter\u00e7a-feira, 29\/5\/2018, no estacionamento do Santu\u00e1rio Nossa Senhora da Paz, Jardim do Carmo, Zona Leste de S\u00e3o Paulo, para apresentar mais uma sess\u00e3o ao ar livre. Foi a segunda vez que a van do CineSolar exibiu, no estacionamento, uma sess\u00e3o inteira com energia solar. O Santu\u00e1rio foi o primeiro local a receber o CineB Solar, em dezembro do ano passado. E como aquela vez, foi sucesso total.<\/p>\n<p>Mesmo com os v\u00e1rios postos de gasolina pr\u00f3ximos ao Santu\u00e1rio com enormes filas de consumidores a espera da chegada dos combust\u00edveis, ap\u00f3s o encerramento das paralisa\u00e7\u00f5es dos caminhoneiros, aos poucos o p\u00fablico foi chegando para acompanhar o document\u00e1rio \u201cCoragem &#8211; As muitas vidas do Cardeal Dom Paulo Evaristo Arns\u201d e em pouco tempo as cadeiras que ocuparam o estacionamento estavam lotadas.<\/p>\n<figure id=\"attachment_10857\" aria-describedby=\"caption-attachment-10857\" style=\"width: 1800px\" class=\"wp-caption alignleft\"><a href=\"http:\/\/projetocineb.com.br\/wp-content\/uploads\/2018\/06\/IMG_2539_@baixa.jpg\"><img decoding=\"async\" class=\"size-full wp-image-10857\" src=\"http:\/\/projetocineb.com.br\/wp-content\/uploads\/2018\/06\/IMG_2539_@baixa.jpg\" alt=\"\" width=\"1800\" height=\"1200\" \/><\/a><figcaption id=\"caption-attachment-10857\" class=\"wp-caption-text\">Na van, o p\u00fablico pode conhecer como funciona o CineB Solar.<\/figcaption><\/figure>\n<p>O filme, de Ricardo de Carvalho retrata a hist\u00f3ria de um dos mais importantes cardeais brasileiros do s\u00e9culo 20. Dom Paulo foi um intransigente defensor dos direitos humanos e enfrentou como poucos o regime militar. Co-organizou um dos mais importantes documentos sobre a ditadura, ainda no per\u00edodo militar: o projeto Brasil, Nunca Mais, que virou um livro que denunciou milhares de torturas, desaparecimentos e assassinatos. O cardeal Arns tamb\u00e9m organizou os pobres da cidade de S\u00e3o Paulo para que pudessem reivindicar os seus direitos fundamentais como educa\u00e7\u00e3o, sa\u00fade, habita\u00e7\u00e3o e emprego por meio da organiza\u00e7\u00e3o das Comunidades Eclesiais de Base (CEBs). Antes do in\u00edcio da sess\u00e3o o projeto exibiu uma declara\u00e7\u00e3o de Luiz Cl\u00e1udio Marcolino, o idealizador do projeto, criado em 2007, quando era presidente do Sindicato dos Banc\u00e1rios de S\u00e3o Paulo, Osasco e Regi\u00e3o.<\/p>\n<p>O p\u00e1roco Dimas Martins de Carvalho lembrou o quanto o projeto faz diferen\u00e7a para a sua comunidade: \u201ca dificuldade do povo de ter acessibilidade a arte \u00e9 cada vez maior, [&#8230;] ent\u00e3o \u00e9 uma alegria quando vem o cinema, porque \u00e9 praticamente como se estivesse num museu, ou seja, est\u00e1 diante da arte plena\u201d comentou. Para ele, o document\u00e1rio sobre Dom Paulo \u00e9 uma viagem no tempo, pois ele teve papel fundamental na cria\u00e7\u00e3o do santu\u00e1rio em 1986. \u201cDom Paulo esteve aqui onde estamos realizando a sess\u00e3o, participando da cria\u00e7\u00e3o dessa par\u00f3quia. Ele esteve muitas outras vezes aqui tamb\u00e9m. Em 1983, 1985, 1987 e 1989. Ele era o bispo da periferia. Muitos que est\u00e3o aqui na sess\u00e3o, que est\u00e3o de cabe\u00e7a branca, a maioria o conheceu pessoalmente, porque ele era de sentar e de conviver\u201d, recorda.<\/p>\n<figure id=\"attachment_10858\" aria-describedby=\"caption-attachment-10858\" style=\"width: 1800px\" class=\"wp-caption alignleft\"><a href=\"http:\/\/projetocineb.com.br\/wp-content\/uploads\/2018\/06\/IMG_2710_@baixa.jpg\"><img decoding=\"async\" class=\"size-full wp-image-10858\" src=\"http:\/\/projetocineb.com.br\/wp-content\/uploads\/2018\/06\/IMG_2710_@baixa.jpg\" alt=\"\" width=\"1800\" height=\"1200\" \/><\/a><figcaption id=\"caption-attachment-10858\" class=\"wp-caption-text\">Padre Dimas de Carvalho e o coordenador do CineB Solar, Cid\u00e1lio Vieira Santos na abertura oficial da sess\u00e3o.<\/figcaption><\/figure>\n<p>Maria L\u00facia Rocha, professora, \u00e9 uma das que conheceu Dom Paulo. Ela e as irm\u00e3s Ana Z\u00e9lia Rocha, Antonia Rocha e Rita de C\u00e1ssia Rocha estavam pela primeira vez em uma sess\u00e3o do CineB Solar e aprovaram o projeto. Maria L\u00facia conta que ficou sabendo das sess\u00f5es do CineB em dezembro do ano passado, mas n\u00e3o pode comparecer \u201cporque justamente no dia da sess\u00e3o eu fui mostrar para a TV Record o estado de abandono do CEU Parque do Carmo, que est\u00e1 com obras paradas desde o in\u00edcio do governo [do ex-prefeito Jo\u00e3o] D\u00f3ria. Mas hoje vim eu e minhas irm\u00e3s\u201d, comemora.<\/p>\n<p>Antes do in\u00edcio da sess\u00e3o, o p\u00fablico pode conhecer como funciona o CineB Solar, que conta com um sistema de capta\u00e7\u00e3o de energia do Sol numa van adaptada com pain\u00e9is fotovoltaicos e baterias que carregam a energia que vai ser utiliza durante toda a exibi\u00e7\u00e3o do filme. O carro conta com uma esta\u00e7\u00e3o de ci\u00eancias dentro do ve\u00edculo. A van adaptada para captar a energia solar para exibir filmes \u00e9 um projeto desenvolvido pela Brazucah Produ\u00e7\u00f5es, parceira do Sindicato dos Banc\u00e1rios de S\u00e3o Paulo, Osasco e regi\u00e3o na produ\u00e7\u00e3o do CineB h\u00e1 11 anos.\u00a0O Cinesolar, como o projeto \u00e9 conhecido, \u00e9 o primeiro cinema itinerante do Brasil movido a energia limpa e renov\u00e1vel e circula pelo Brasil desde 2010.<\/p>\n<figure id=\"attachment_10859\" aria-describedby=\"caption-attachment-10859\" style=\"width: 1800px\" class=\"wp-caption alignleft\"><a href=\"http:\/\/projetocineb.com.br\/wp-content\/uploads\/2018\/06\/IMG_3053_@baixa.jpg\"><img loading=\"lazy\" decoding=\"async\" class=\"size-full wp-image-10859\" src=\"http:\/\/projetocineb.com.br\/wp-content\/uploads\/2018\/06\/IMG_3053_@baixa.jpg\" alt=\"\" width=\"1800\" height=\"1243\" \/><\/a><figcaption id=\"caption-attachment-10859\" class=\"wp-caption-text\">At\u00e9 a pr\u00f3xima sess\u00e3o!<\/figcaption><\/figure>\n<p>Mariana Galdino Oliveira, 19 anos, estagi\u00e1ria de marketing, j\u00e1 conhecia o projeto desde ano passado e aproveitou para conhecer como funciona a van: \u201ca gente n\u00e3o tem essas coisas aqui, n\u00e3o tem investimento, ent\u00e3o, sendo de gra\u00e7a e todo mundo podendo ver, \u00e9 legal\u201d, completa. Para a dona de casa Ivonete Francisco dos Santos Ara\u00fajo, volunt\u00e1ria da par\u00f3quia h\u00e1 v\u00e1rios anos, o filme foi muito bom. Ele tinha uma \u201csabedoria espiritual, que todos n\u00f3s temos que ter. Dom Paulo deixou como heran\u00e7a a todos n\u00f3s que somos cat\u00f3licos, brasileiros, que temos que lutar pela democracia, pelos nosso direitos\u201d, completa.<\/p>\n<p>Mesmo sem a presen\u00e7a do diretor Ricardo de Carvalho, que cancelou sua participa\u00e7\u00e3o no debate por motivos de agenda pessoal, o p\u00fablico foi embora elogiando o CineB Solar e pedindo o retorno do projeto.\u00a0Foi um dia para comemorar, segundo o coordenador do CineB Solar, Cid\u00e1lio Vieira Santos: \u201cum dia faltando gasolina e com um \u2018baita\u2019 frio tivemos casa cheia, com o p\u00fablico ao ar livre acompanhando o filme at\u00e9 o final. Sinal que &#8216;Coragem&#8217; \u00e9 realmente bom\u201d, finalizou.<\/p>\n<p>O CineB Solar \u00e9 um circuito alternativo de exibi\u00e7\u00e3o que, desde 2007, leva cinema brasileiro para v\u00e1rias regi\u00f5es da cidade. O projeto, que agora passa a se chamar CineB Solar quando estiver nas comunidades, j\u00e1 contabiliza um p\u00fablico superior a\u00a060 mil\u00a0pessoas em\u00a0mais de 480 sess\u00f5es gratuitas em comunidades, escolas e universidades de S\u00e3o Paulo. J\u00e1 foram exibidos na tela do CineB mais de 116 longas metragens e 73 curtas metragens.<\/p>\n\t\t\t\n\t\t\t<!-- Blueimp gallery -->\n\t\t\t<div id=\"blueimp-gallery\" class=\"blueimp-gallery blueimp-gallery-controls\">\n\t\t\t\t<div class=\"slides\"><\/div>\n\t\t\t\t<h3 class=\"title\"><\/h3>\n\t\t\t\t<a class=\"prev\">\u2039<\/a>\n\t\t\t\t<a class=\"next\">\u203a<\/a>\n\t\t\t\t<a class=\"close\">\u00d7<\/a>\n\t\t\t\t<a class=\"play-pause\"><\/a>\n\t\t\t\t<ol class=\"indicator\"><\/ol>\n\t\t\t\t<div class=\"modal fade\">\n\t\t\t\t\t<div class=\"modal-dialog\">\n\t\t\t\t\t\t<div class=\"modal-content\">\n\t\t\t\t\t\t\t<div class=\"modal-header\">\n\t\t\t\t\t\t\t\t<button type=\"button\" class=\"close\" aria-hidden=\"true\">&times;<\/button>\n\t\t\t\t\t\t\t\t<h4 class=\"modal-title\"><\/h4>\n\t\t\t\t\t\t\t<\/div>\n\t\t\t\t\t\t\t<div class=\"modal-body next\"><\/div>\n\t\t\t\t\t\t\t<div class=\"modal-footer\">\n\t\t\t\t\t\t\t\t<button type=\"button\" class=\"btn btn-default pull-left prev\">\n\t\t\t\t\t\t\t\t\t<i class=\"glyphicon glyphicon-chevron-left\"><\/i>\n\t\t\t\t\t\t\t\t\tPrevious\t\t\t\t\t\t\t\t<\/button>\n\t\t\t\t\t\t\t\t<button type=\"button\" class=\"btn btn-primary next\">\n\t\t\t\t\t\t\t\t\tNext\t\t\t\t\t\t\t\t\t<i class=\"glyphicon glyphicon-chevron-right\"><\/i>\n\t\t\t\t\t\t\t\t<\/button>\n\t\t\t\t\t\t\t<\/div>\n\t\t\t\t\t\t<\/div>\n\t\t\t\t\t<\/div>\n\t\t\t\t<\/div>\n\t\t\t<\/div>\n\t\t\t<script type=\"text\/javascript\">\n\t\t\tjQuery(function() {\n\t\t\t\t\/\/ Set blueimp gallery options\n\t\t\t\tjQuery.extend(blueimp.Gallery.prototype.options, {\n\t\t\t\t\tuseBootstrapModal: false,\n\t\t\t\t\thidePageScrollbars: false\n\t\t\t\t});\n\t\t\t});\n\t\t\t<\/script>\n\t\t\t\n","protected":false},"excerpt":{"rendered":"<p>CineB Solar retornou ao Santu\u00e1rio Nossa Senhora da Paz\u00a0 em 29\/5\/2018, para exibir, ao ar livre, o document\u00e1rio \u201cCoragem &#8211;[&#8230;]<\/p>\n","protected":false},"author":3,"featured_media":10952,"comment_status":"open","ping_status":"open","sticky":false,"template":"","format":"standard","meta":[],"categories":[2,6],"tags":[154,237,255,316,330,677,760,905,931,1132,1247],"_links":{"self":[{"href":"https:\/\/projetocineb.com.br\/index.php?rest_route=\/wp\/v2\/posts\/10850"}],"collection":[{"href":"https:\/\/projetocineb.com.br\/index.php?rest_route=\/wp\/v2\/posts"}],"about":[{"href":"https:\/\/projetocineb.com.br\/index.php?rest_route=\/wp\/v2\/types\/post"}],"author":[{"embeddable":true,"href":"https:\/\/projetocineb.com.br\/index.php?rest_route=\/wp\/v2\/users\/3"}],"replies":[{"embeddable":true,"href":"https:\/\/projetocineb.com.br\/index.php?rest_route=%2Fwp%2Fv2%2Fcomments&post=10850"}],"version-history":[{"count":0,"href":"https:\/\/projetocineb.com.br\/index.php?rest_route=\/wp\/v2\/posts\/10850\/revisions"}],"wp:featuredmedia":[{"embeddable":true,"href":"https:\/\/projetocineb.com.br\/index.php?rest_route=\/wp\/v2\/media\/10952"}],"wp:attachment":[{"href":"https:\/\/projetocineb.com.br\/index.php?rest_route=%2Fwp%2Fv2%2Fmedia&parent=10850"}],"wp:term":[{"taxonomy":"category","embeddable":true,"href":"https:\/\/projetocineb.com.br\/index.php?rest_route=%2Fwp%2Fv2%2Fcategories&post=10850"},{"taxonomy":"post_tag","embeddable":true,"href":"https:\/\/projetocineb.com.br\/index.php?rest_route=%2Fwp%2Fv2%2Ftags&post=10850"}],"curies":[{"name":"wp","href":"https:\/\/api.w.org\/{rel}","templated":true}]}}