{"id":1086,"date":"2010-08-01T22:12:02","date_gmt":"2010-08-02T01:12:02","guid":{"rendered":"http:\/\/projetocineb.com.br\/?p=1086"},"modified":"2010-08-01T22:12:02","modified_gmt":"2010-08-02T01:12:02","slug":"1086","status":"publish","type":"post","link":"https:\/\/projetocineb.com.br\/?p=1086","title":{"rendered":"VILA LEOPOLDINA"},"content":{"rendered":"<p><em>Fotos de Vivian Szelpal<\/em><\/p>\n<p>Com <span style=\"color: #ff6600;\">mais de 14 mil espectadores e tr\u00eas anos de exist\u00eancia<\/span>, o projeto <span style=\"color: #ff6600;\">Cine B retorna pela quarta vez \u00e0 comunidade de Vila Leopoldina<\/span><span style=\"color: #ff6600;\">, a qual recebeu em 2007 a primeira exibi\u00e7\u00e3o itinerante deste projeto<\/span> realizado pelo Sindicato dos Banc\u00e1rios de S\u00e3o Paulo, Osasco e Regi\u00e3o e Brazucah Produ\u00e7\u00f5es. Podemos afirmar que nesta regi\u00e3o j\u00e1 temos um p\u00fablico de 1000 espectadores!<\/p>\n<p>Na comunidade j\u00e1 foram exibidos os filmes <em>O tapete vermelho<\/em>, <em>Garoto c\u00f3smico<\/em>, <em>A m\u00e1quina <\/em>e<em> <\/em>nesta \u00faltima<em> O Casamento de Romeu e Julieta<\/em>.<\/p>\n<p><strong>Assista<\/strong> abaixo reportagem do programa Zoom, TV Cultura, gravado na comunidade.<br \/>\n<object classid=\"clsid:d27cdb6e-ae6d-11cf-96b8-444553540000\" width=\"425\" height=\"344\" codebase=\"http:\/\/download.macromedia.com\/pub\/shockwave\/cabs\/flash\/swflash.cab#version=6,0,40,0\"><param name=\"allowFullScreen\" value=\"true\" \/><param name=\"allowscriptaccess\" value=\"always\" \/><param name=\"src\" value=\"http:\/\/www.youtube.com\/v\/BOsLUTrjHUU&amp;hl=pt_BR&amp;fs=1?color1=0x402061&amp;color2=0x9461ca\" \/><param name=\"allowfullscreen\" value=\"true\" \/><embed type=\"application\/x-shockwave-flash\" width=\"425\" height=\"344\" src=\"http:\/\/www.youtube.com\/v\/BOsLUTrjHUU&amp;hl=pt_BR&amp;fs=1?color1=0x402061&amp;color2=0x9461ca\" allowscriptaccess=\"always\" allowfullscreen=\"true\"><\/embed><\/object><\/p>\n<p>\u201cQuando exibimos <em>O tapete vermelho<\/em>, tivemos \u00a0a participa\u00e7\u00e3o especial de um dos produtores do longa\u201d, disse o coordenador do projeto, Cid\u00e1lio Vieira Santos da Brazucah Produ\u00e7\u00f5es. \u201cSempre quando poss\u00edvel tentamos aproximar os diretores, roteiristas, atores e t\u00e9cnicos com o p\u00fablico\u201d.<\/p>\n<p><span style=\"color: #ff6600;\">Nesta quarta sess\u00e3o, no sal\u00e3o de festas da Igreja Nossa Senhora de Lourdes, 300 pessoas puderam conferir ao longa-metragem <\/span><em><span style=\"color: #ff6600;\">O casamento de Romeu e Julieta<\/span><\/em>. E olha que esta foi uma das exibi\u00e7\u00f5es de julho que o p\u00fablico mais se divertiu! Muitos ficaram sabendo do evento pelo carro de som que passou no bairro.<\/p>\n<p><span style=\"color: #ff6600;\">Alveli Pereira Prates Nogueira<\/span> chamou aten\u00e7\u00e3o por rir durante todo o filme. Rir n\u00e3o, gargalhar! <span style=\"color: #ff6600;\">\u201cE olha que eu n\u00e3o gostava de filme, porque tem que ficar lendo a legenda. Mas eu superei mais essa! Gostei! Agora vou \u00e9 ficar indo atr\u00e1s do Cid\u00e1lio para assistir mais filmes\u201d, disse a brincalhona, Alveli<\/span>, estudante do UEJA (Unidade de Educa\u00e7\u00e3o de Jovens e Adultos).<\/p>\n<figure id=\"attachment_1104\" aria-describedby=\"caption-attachment-1104\" style=\"width: 384px\" class=\"wp-caption aligncenter\"><a href=\"http:\/\/projetocineb.com.br\/wp-content\/uploads\/2010\/08\/vila-leopoldina17.jpg\"><img fetchpriority=\"high\" decoding=\"async\" class=\"size-full wp-image-1104\" title=\"Kayque Guimar\u00e3es Almeida, Giovana Prates Nogeuria de 7 e Alveli Pereira Prates Nogueira\" src=\"http:\/\/projetocineb.com.br\/wp-content\/uploads\/2010\/08\/vila-leopoldina17.jpg\" alt=\"\" width=\"384\" height=\"255\" \/><\/a><figcaption id=\"caption-attachment-1104\" class=\"wp-caption-text\">Kayque Guimar\u00e3es Almeida, Giovana Prates Nogeuria de 7 e Alveli Pereira Prates Nogueira<\/figcaption><\/figure>\n<p style=\"text-align: center;\">\n<p>Ali\u00e1s, o <span style=\"color: #ff6600;\">pessoal do UEJA marcou presen\u00e7a no Cine B<\/span>. Cid\u00e1lio Viera Santos visiou as salas no per\u00edodo noturno da Escola Dilermando Dias e com ajuda dos professores e dire\u00e7\u00e3o, distribuiu os convites. <span style=\"color: #ff6600;\">A coordenadora da <\/span><span style=\"color: #ff6600;\">Escola Municipal de Ensino\u00a0Dilermando Dias dos Santos<\/span><span style=\"color: #ff6600;\">, Marisa Carisimo, avisou aos alunos do curso que a presen\u00e7a no evento era obrigat\u00f3ria, \u201ce valendo nota\u201d<\/span>. Em sala, os professores desenvolver\u00e3o atividades pedag\u00f3gicas com os fatos mostrados no filme. <span style=\"color: #ff6600;\">\u201d\u00c9 uma forma de diferenciar os estudos, sair do quadradinho da sala de aula\u201d, disse a coordenadora<\/span>.<\/p>\n<figure id=\"attachment_1102\" aria-describedby=\"caption-attachment-1102\" style=\"width: 384px\" class=\"wp-caption aligncenter\"><a href=\"http:\/\/projetocineb.com.br\/wp-content\/uploads\/2010\/08\/vila-leopoldina15.jpg\"><img decoding=\"async\" class=\"size-full wp-image-1102\" title=\"Na abertura do Cine B, Cid\u00e1lio Vieira Santos da Brazucah Produ\u00e7\u00f5es acompanhado da coorednadora pedag\u00f3gica do col\u00e9gio Dilermando, Marisa Carisimo e o Frade\" src=\"http:\/\/projetocineb.com.br\/wp-content\/uploads\/2010\/08\/vila-leopoldina15.jpg\" alt=\"\" width=\"384\" height=\"255\" \/><\/a><figcaption id=\"caption-attachment-1102\" class=\"wp-caption-text\">Na abertura do Cine B, Cid\u00e1lio Vieira Santos da Brazucah Produ\u00e7\u00f5es acompanhado da coordenadora pedag\u00f3gica do col\u00e9gio Dilermando, Marisa Carisimo e o Frei Ademildo que agradeceu a participa\u00e7\u00e3o da comunidade no evento<\/figcaption><\/figure>\n<p style=\"text-align: center;\">\n<p><span style=\"color: #ff6600;\">\u201c\u00c9 importante que os educadores percebam a import\u00e2ncia do cinema na educa\u00e7\u00e3o, como complemento para forma\u00e7\u00e3o cultural dos alunos. O brasileiro \u00e9 muito conectado com a televis\u00e3o, mas creio que muita gente que est\u00e1 aqui hoje nunca assistiu a um filme brasileiro no cinema, por preconceito ou por n\u00e3o perceber como esses filmes refletem nossa realidade\u201d, disse a coordenadora<\/span> pedag\u00f3gica Marisa Carisimo.<\/p>\n<p>Quando o tema \u00e9 filme brasileiro, sempre aparece esse conflito do preconceito. Uma das espectadoras, Am\u00e9lia Richetti, contou sua experi\u00eancia. <span style=\"color: #ff6600;\">\u201cAntes era s\u00f3 pornochanchada, e eu n\u00e3o gosto, por isso n\u00e3o me interessava pelas nossas produ\u00e7\u00f5es. De um tempo pra c\u00e1 o nosso cinema mudou, vem melhorado consideravelmente, abordando assuntos que realmente nos acrescentam alguma coisa\u201d, disse Am\u00e9lia Richetti, moradora de Vila Leopoldina, que vai ao cinema uma vez por semana<\/span>.<\/p>\n<figure id=\"attachment_1089\" aria-describedby=\"caption-attachment-1089\" style=\"width: 384px\" class=\"wp-caption aligncenter\"><a href=\"http:\/\/projetocineb.com.br\/wp-content\/uploads\/2010\/08\/vila-leopoldina02.jpg\"><img decoding=\"async\" class=\"size-full wp-image-1089\" title=\"Moradores da comunidade: Am\u00e9lia Richetti, a ador\u00e1vel dona Maria Aparecida Caldeira de 99 anos (\u201cfico cada ano mais nova!\u201d), Eunice de Lucca Morgado, Sebasti\u00e3o Nascimento que foi lutador de boxe profissional durante 20 anos e sua esposa Neuza Terezinha, que j\u00e1 foi Miss Bela Alian\u00e7a\" src=\"http:\/\/projetocineb.com.br\/wp-content\/uploads\/2010\/08\/vila-leopoldina02.jpg\" alt=\"\" width=\"384\" height=\"255\" \/><\/a><figcaption id=\"caption-attachment-1089\" class=\"wp-caption-text\">Moradores da comunidade: a ador\u00e1vel dona Maria Aparecida Caldeira de 99 anos (\u201cfico cada ano mais nova!\u201d), Am\u00e9lia Richetti, Eunice de Lucca Morgado, e o casal Sebasti\u00e3o Nascimento que foi lutador de boxe profissional durante 20 anos e sua esposa Neuza Terezinha, que j\u00e1 foi Miss Bela Alian\u00e7a<\/figcaption><\/figure>\n<p style=\"text-align: center;\">\n<h2><span style=\"color: #008000;\">AGRADECIMENTOS &amp; CIA<\/span><\/h2>\n<p>Nesta exibi\u00e7\u00e3o estiveram presentes diversos grupos, entre os quais o pessoal do <span style=\"color: #ff6600;\">Projeto Cingapura Madeirite<\/span>, <span style=\"color: #ff6600;\">Grupo da Terceira Idade<\/span>, <span style=\"color: #ff6600;\">Bernadete que sempre faz a distribui\u00e7\u00e3o de ingressos<\/span>, <span style=\"color: #ff6600;\">Jos\u00e9 Antonio Martins, o Toninho e Dorival Conde, ambos da Pastoral de eventos da Igreja<\/span>.<\/p>\n<figure id=\"attachment_1108\" aria-describedby=\"caption-attachment-1108\" style=\"width: 360px\" class=\"wp-caption aligncenter\"><a href=\"http:\/\/projetocineb.com.br\/wp-content\/uploads\/2010\/08\/Digitalizar0002.jpg\"><img loading=\"lazy\" decoding=\"async\" class=\"size-full wp-image-1108 \" title=\"Tamb\u00e9m agradecemos ao Jornal Nosso Bairro pela reportagem que fizeram sobre o Cine B\" src=\"http:\/\/projetocineb.com.br\/wp-content\/uploads\/2010\/08\/Digitalizar0002.jpg\" alt=\"Tamb\u00e9m agradecemos ao Jornal Nosso Bairro pela reportagem que fizeram sobre o Cine B\" width=\"360\" height=\"497\" \/><\/a><figcaption id=\"caption-attachment-1108\" class=\"wp-caption-text\">Tamb\u00e9m agradecemos ao Jornal Nosso Bairro pela reportagem que fizeram sobre o Cine B<\/figcaption><\/figure>\n<h2><span style=\"color: #008000;\">CLICKS<\/span><\/h2>\n<figure id=\"attachment_1090\" aria-describedby=\"caption-attachment-1090\" style=\"width: 384px\" class=\"wp-caption aligncenter\"><a href=\"http:\/\/projetocineb.com.br\/wp-content\/uploads\/2010\/08\/vila-leopoldina03.jpg\"><img loading=\"lazy\" decoding=\"async\" class=\"size-full wp-image-1090  \" title=\"Jucelio Matos da Silva e seu pai Cosme Pereira da Silva\" src=\"http:\/\/projetocineb.com.br\/wp-content\/uploads\/2010\/08\/vila-leopoldina03.jpg\" alt=\"Jucelio Matos da Silva e seu pai Cosme Pereira da Silva\" width=\"384\" height=\"255\" \/><\/a><figcaption id=\"caption-attachment-1090\" class=\"wp-caption-text\">Jucelio Matos da Silva e seu pai Cosme Pereira da Silva<\/figcaption><\/figure>\n<figure id=\"attachment_1106\" aria-describedby=\"caption-attachment-1106\" style=\"width: 383px\" class=\"wp-caption aligncenter\"><a href=\"http:\/\/projetocineb.com.br\/wp-content\/uploads\/2010\/08\/vila-leopoldina19.jpg\"><img loading=\"lazy\" decoding=\"async\" class=\"size-full wp-image-1106\" title=\"Toninho com sua neta Ana Luiza\" src=\"http:\/\/projetocineb.com.br\/wp-content\/uploads\/2010\/08\/vila-leopoldina19.jpg\" alt=\"\" width=\"383\" height=\"576\" \/><\/a><figcaption id=\"caption-attachment-1106\" class=\"wp-caption-text\">Toninho com sua neta Ana Luiza<\/figcaption><\/figure>\n<figure id=\"attachment_1092\" aria-describedby=\"caption-attachment-1092\" style=\"width: 384px\" class=\"wp-caption aligncenter\"><a href=\"http:\/\/projetocineb.com.br\/wp-content\/uploads\/2010\/08\/vila-leopoldina05.jpg\"><img loading=\"lazy\" decoding=\"async\" class=\"size-full wp-image-1092  \" title=\"Maria Elena Passos de Souza, Bruna Luisa Passos de Souza de 5 anos, Bianca Passos de Souza de 10, que disse ter assistido ao Garoto C\u00f3smico no Cine B e j\u00e1 viu mais duas vezes em casa! \u201cEu gostei do filme\u201d, disse Bianca.\" src=\"http:\/\/projetocineb.com.br\/wp-content\/uploads\/2010\/08\/vila-leopoldina05.jpg\" alt=\"Maria Elena Passos de Souza, Bruna Luisa Passos de Souza de 5 anos, Bianca Passos de Souza de 10, que disse ter assistido ao Garoto C\u00f3smico no Cine B e j\u00e1 viu mais duas vezes em casa! \u201cEu gostei do filme\u201d, disse Bianca.\" width=\"384\" height=\"255\" \/><\/a><figcaption id=\"caption-attachment-1092\" class=\"wp-caption-text\">Maria Elena Passos de Souza, Bruna Luisa Passos de Souza de 5 anos, Bianca Passos de Souza de 10, que disse ter assistido ao Garoto C\u00f3smico no Cine B e j\u00e1 viu mais duas vezes em casa! \u201cEu gostei do filme\u201d, disse Bianca<\/figcaption><\/figure>\n<figure id=\"attachment_1103\" aria-describedby=\"caption-attachment-1103\" style=\"width: 384px\" class=\"wp-caption aligncenter\"><a href=\"http:\/\/projetocineb.com.br\/wp-content\/uploads\/2010\/08\/vila-leopoldina16.jpg\"><img loading=\"lazy\" decoding=\"async\" class=\"size-full wp-image-1103  \" title=\"A presidente do Sindicato dos Banc\u00e1rios, Juvandia Moreira fala sobre o Cine B em vinheta do projeto\" src=\"http:\/\/projetocineb.com.br\/wp-content\/uploads\/2010\/08\/vila-leopoldina16.jpg\" alt=\"A presidente do Sindicato dos Banc\u00e1rios, Juv\u00e2ndia Moreira fala sobre o Cine B em vinheta do projeto\" width=\"384\" height=\"255\" \/><\/a><figcaption id=\"caption-attachment-1103\" class=\"wp-caption-text\">A presidente do Sindicato dos Banc\u00e1rios, Juvandia Moreira fala sobre o Cine B em vinheta do projeto<\/figcaption><\/figure>\n<figure id=\"attachment_1091\" aria-describedby=\"caption-attachment-1091\" style=\"width: 384px\" class=\"wp-caption aligncenter\"><a href=\"http:\/\/projetocineb.com.br\/wp-content\/uploads\/2010\/08\/vila-leopoldina04.jpg\"><img loading=\"lazy\" decoding=\"async\" class=\"size-full wp-image-1091  \" title=\"Alunos da oitava s\u00e9rie do Dilermando, Ingrid de Souza Amaral, Alexandro Lemos Souza, Cesar Augusto\" src=\"http:\/\/projetocineb.com.br\/wp-content\/uploads\/2010\/08\/vila-leopoldina04.jpg\" alt=\"Alunos da oitava s\u00e9rie do Dilermando, Ingrid de Souza Amaral, Alexandro Lemos Souza, Cesar Augusto\" width=\"384\" height=\"255\" \/><\/a><figcaption id=\"caption-attachment-1091\" class=\"wp-caption-text\">Alunos da oitava s\u00e9rie do Dilermando, Ingrid de Souza Amaral, Alexandro Lemos Souza, Cesar Augusto<\/figcaption><\/figure>\n<figure id=\"attachment_1087\" aria-describedby=\"caption-attachment-1087\" style=\"width: 384px\" class=\"wp-caption aligncenter\"><a href=\"http:\/\/projetocineb.com.br\/wp-content\/uploads\/2010\/08\/vila-leopoldina21.jpg\"><img loading=\"lazy\" decoding=\"async\" class=\"size-full wp-image-1087  \" title=\"Cid\u00e1lio faz um duo na apresenta\u00e7\u00e3o com a pequenina Ana Luiza, neta de Toninho\" src=\"http:\/\/projetocineb.com.br\/wp-content\/uploads\/2010\/08\/vila-leopoldina21.jpg\" alt=\"Cid\u00e1lio faz um duo na apresenta\u00e7\u00e3o com a pequenina Ana Luiza, neta de Toninho\" width=\"384\" height=\"255\" \/><\/a><figcaption id=\"caption-attachment-1087\" class=\"wp-caption-text\">Cid\u00e1lio faz um duo na apresenta\u00e7\u00e3o com a pequenina Ana Luiza, neta de Toninho<\/figcaption><\/figure>\n<figure id=\"attachment_1093\" aria-describedby=\"caption-attachment-1093\" style=\"width: 384px\" class=\"wp-caption aligncenter\"><a href=\"http:\/\/projetocineb.com.br\/wp-content\/uploads\/2010\/08\/vila-leopoldina06.jpg\"><img loading=\"lazy\" decoding=\"async\" class=\"size-full wp-image-1093  \" title=\"Anita de Jesus Oliveira, Luiza Oliveira da Silva de 12 e Gessica Mayara Santos Godoy de 14\" src=\"http:\/\/projetocineb.com.br\/wp-content\/uploads\/2010\/08\/vila-leopoldina06.jpg\" alt=\"Anita de Jesus Oliveira, Luiza Oliveira da Silva de 12 e Gessica Mayara Santos Godoy de 14\" width=\"384\" height=\"255\" \/><\/a><figcaption id=\"caption-attachment-1093\" class=\"wp-caption-text\">Anita de Jesus Oliveira, Luiza Oliveira da Silva de 12 e Gessica Mayara Santos Godoy de 14<\/figcaption><\/figure>\n<figure id=\"attachment_1094\" aria-describedby=\"caption-attachment-1094\" style=\"width: 384px\" class=\"wp-caption aligncenter\"><a href=\"http:\/\/projetocineb.com.br\/wp-content\/uploads\/2010\/08\/vila-leopoldina07.jpg\"><img loading=\"lazy\" decoding=\"async\" class=\"size-full wp-image-1094 \" title=\"No tel\u00e3o, o Blog do Cine B\" src=\"http:\/\/projetocineb.com.br\/wp-content\/uploads\/2010\/08\/vila-leopoldina07.jpg\" alt=\"\" width=\"384\" height=\"255\" \/><\/a><figcaption id=\"caption-attachment-1094\" class=\"wp-caption-text\">No tel\u00e3o, o Blog do Cine B<\/figcaption><\/figure>\n<p style=\"text-align: center;\">\n<figure id=\"attachment_1099\" aria-describedby=\"caption-attachment-1099\" style=\"width: 384px\" class=\"wp-caption aligncenter\"><a href=\"http:\/\/projetocineb.com.br\/wp-content\/uploads\/2010\/08\/vila-leopoldina12.jpg\"><img loading=\"lazy\" decoding=\"async\" class=\"size-full wp-image-1099  \" title=\"300 pessoas assistiram ao filme O casamento de Romeu e Julieta, no Cine B\" src=\"http:\/\/projetocineb.com.br\/wp-content\/uploads\/2010\/08\/vila-leopoldina12.jpg\" alt=\"300 pessoas assistiram ao filme O casamento de Romeu e Julieta, no Cine B\" width=\"384\" height=\"255\" \/><\/a><figcaption id=\"caption-attachment-1099\" class=\"wp-caption-text\">300 pessoas assistiram ao filme O casamento de Romeu e Julieta, no Cine B<\/figcaption><\/figure>\n<figure id=\"attachment_1097\" aria-describedby=\"caption-attachment-1097\" style=\"width: 384px\" class=\"wp-caption aligncenter\"><a href=\"http:\/\/projetocineb.com.br\/wp-content\/uploads\/2010\/08\/vila-leopoldina10.jpg\"><img loading=\"lazy\" decoding=\"async\" class=\"size-full wp-image-1097\" title=\"Maria Elza Gomes da Silva, Alessandra Gomes da Silva de 12 e Amanda Gomes da Silva\" src=\"http:\/\/projetocineb.com.br\/wp-content\/uploads\/2010\/08\/vila-leopoldina10.jpg\" alt=\"\" width=\"384\" height=\"255\" \/><\/a><figcaption id=\"caption-attachment-1097\" class=\"wp-caption-text\">Maria Elza Gomes da Silva, Alessandra Gomes da Silva de 12 e Amanda Gomes da Silva<\/figcaption><\/figure>\n<p style=\"text-align: center;\">\n<figure id=\"attachment_1105\" aria-describedby=\"caption-attachment-1105\" style=\"width: 384px\" class=\"wp-caption aligncenter\"><a href=\"http:\/\/projetocineb.com.br\/wp-content\/uploads\/2010\/08\/vila-leopoldina18.jpg\"><img loading=\"lazy\" decoding=\"async\" class=\"size-full wp-image-1105 \" title=\"Maria do Carmo da Silva, Luis Guilherme da Silva de 7 anos, Gislaine Naria da Silva e Joyce Kelly da Silva de 14, Liliane Maria dos Santos e Kayla Kawane  Barbosa da Silva\" src=\"http:\/\/projetocineb.com.br\/wp-content\/uploads\/2010\/08\/vila-leopoldina18.jpg\" alt=\"\" width=\"384\" height=\"255\" \/><\/a><figcaption id=\"caption-attachment-1105\" class=\"wp-caption-text\">Maria do Carmo da Silva e os filhos, Luis Guilherme da Silva de 7 anos, Gislaine Naria da Silva e Joyce Kelly da Silva de 14, Liliane Maria dos Santos e Kayla Kawane  Barbosa da Silva<\/figcaption><\/figure>\n<p style=\"text-align: left;\">Ei, n\u00e3o se esque\u00e7a de fazer o <span style=\"color: #ff6600;\">primeiro<\/span> <span style=\"color: #ff6600;\">coment\u00e1rio e faturar os dois ingressos<\/span>, hein? hehe<\/p>\n","protected":false},"excerpt":{"rendered":"<p>Fotos de Vivian Szelpal Com mais de 14 mil espectadores e tr\u00eas anos de exist\u00eancia, o projeto Cine B retorna[&#8230;]<\/p>\n","protected":false},"author":2,"featured_media":0,"comment_status":"open","ping_status":"open","sticky":false,"template":"","format":"standard","meta":[],"categories":[2],"tags":[31,154,242,263,266,568,859,873,1002,1132,1178],"_links":{"self":[{"href":"https:\/\/projetocineb.com.br\/index.php?rest_route=\/wp\/v2\/posts\/1086"}],"collection":[{"href":"https:\/\/projetocineb.com.br\/index.php?rest_route=\/wp\/v2\/posts"}],"about":[{"href":"https:\/\/projetocineb.com.br\/index.php?rest_route=\/wp\/v2\/types\/post"}],"author":[{"embeddable":true,"href":"https:\/\/projetocineb.com.br\/index.php?rest_route=\/wp\/v2\/users\/2"}],"replies":[{"embeddable":true,"href":"https:\/\/projetocineb.com.br\/index.php?rest_route=%2Fwp%2Fv2%2Fcomments&post=1086"}],"version-history":[{"count":0,"href":"https:\/\/projetocineb.com.br\/index.php?rest_route=\/wp\/v2\/posts\/1086\/revisions"}],"wp:attachment":[{"href":"https:\/\/projetocineb.com.br\/index.php?rest_route=%2Fwp%2Fv2%2Fmedia&parent=1086"}],"wp:term":[{"taxonomy":"category","embeddable":true,"href":"https:\/\/projetocineb.com.br\/index.php?rest_route=%2Fwp%2Fv2%2Fcategories&post=1086"},{"taxonomy":"post_tag","embeddable":true,"href":"https:\/\/projetocineb.com.br\/index.php?rest_route=%2Fwp%2Fv2%2Ftags&post=1086"}],"curies":[{"name":"wp","href":"https:\/\/api.w.org\/{rel}","templated":true}]}}