{"id":10863,"date":"2018-06-04T17:10:22","date_gmt":"2018-06-04T20:10:22","guid":{"rendered":"http:\/\/projetocineb.com.br\/?p=10863"},"modified":"2018-06-04T17:10:22","modified_gmt":"2018-06-04T20:10:22","slug":"a-menina-indigo-e-a-atracao-em-junho","status":"publish","type":"post","link":"https:\/\/projetocineb.com.br\/?p=10863","title":{"rendered":"\u201cA Menina \u00cdndigo\u201d\u00a0\u00e9 a atra\u00e7\u00e3o em junho"},"content":{"rendered":"<p><em>Filme de Wagner de Assis ser\u00e1 exibido em tr\u00eas sess\u00f5es nos dias 8, 21 e 29 de junho no ABC paulista e Zona Leste de S\u00e3o Paulo. Com entrada franca.<\/em><\/p>\n<figure id=\"attachment_10865\" aria-describedby=\"caption-attachment-10865\" style=\"width: 1280px\" class=\"wp-caption alignleft\"><a href=\"http:\/\/projetocineb.com.br\/wp-content\/uploads\/2018\/06\/A-menina-indigo.jpg\"><img fetchpriority=\"high\" decoding=\"async\" class=\"size-full wp-image-10865\" src=\"http:\/\/projetocineb.com.br\/wp-content\/uploads\/2018\/06\/A-menina-indigo.jpg\" alt=\"\" width=\"1280\" height=\"720\" \/><\/a><figcaption id=\"caption-attachment-10865\" class=\"wp-caption-text\">A Menina \u00cdndigo, novo filme de Wagner Assis, tem Murilo Rosa e Let\u00edcia Braga no elenco.<\/figcaption><\/figure>\n<p>Em junho, o CineB Solar lan\u00e7a um novo filme para o p\u00fablico: \u201cA Menina \u00cdndigo\u201d, filme lan\u00e7ado no final de 2017,\u00a0que tem a dire\u00e7\u00e3o de Wagner Assis, diretor de \u201cNosso Lar\u201d, sucesso de p\u00fablico em 2010.<\/p>\n<p>\u201cA Menina \u00cdndigo\u201d conta a hist\u00f3ria de Sofia (Let\u00edcia Braga), uma garota de 7 anos que tem enfrentado problemas na escola, por n\u00e3o se interessar nas mat\u00e9rias ensinadas. Ap\u00f3s se trancar em uma sala e pint\u00e1-la por completo, seu pai (Murilo Rosa) \u00e9 chamado ao local. Meio afastado dela devido ao trabalho como jornalista, ele se reaproxima ap\u00f3s o pedido da pr\u00f3pria Sofia para que more com ele. Aos poucos, ele percebe que Sofia possui \u00e9 n\u00e3o s\u00f3 uma crian\u00e7a bastante espont\u00e2nea que se manifesta atrav\u00e9s da pintura, mas que tamb\u00e9m possui o dom de curar pessoas doentes.<\/p>\n<p>As sess\u00f5es, com entrada franca, acontecem no dia 8 de junho no Jardim Santa L\u00eddia, em Mau\u00e1, no dia 21 de junho em Ermelindo Matarazzo e no dia 29 de junho no Procedu, na Vila Nova Uni\u00e3o, ambas na Zona Leste de S\u00e3o Paulo.<\/p>\n<p><strong>SOBRE O CINEB<\/strong><\/p>\n<p>O CineB \u00e9 um circuito alternativo de exibi\u00e7\u00e3o que, desde 2007, leva cinema brasileiro para v\u00e1rias regi\u00f5es da cidade. O projeto, que agora passa a se chamar CineB Solar quando estiver nas comunidades, j\u00e1 contabiliza um p\u00fablico superior a\u00a060 mil\u00a0pessoas em\u00a0mais de 480 sess\u00f5es gratuitas em comunidades, escolas e universidades de S\u00e3o Paulo. J\u00e1 foram exibidos na tela do CineB mais de 116 longas metragens e 73 curtas metragens.<\/p>\n<figure id=\"attachment_10857\" aria-describedby=\"caption-attachment-10857\" style=\"width: 1800px\" class=\"wp-caption alignleft\"><a href=\"http:\/\/projetocineb.com.br\/wp-content\/uploads\/2018\/06\/IMG_2539_@baixa.jpg\"><img decoding=\"async\" class=\"size-full wp-image-10857\" src=\"http:\/\/projetocineb.com.br\/wp-content\/uploads\/2018\/06\/IMG_2539_@baixa.jpg\" alt=\"\" width=\"1800\" height=\"1200\" \/><\/a><figcaption id=\"caption-attachment-10857\" class=\"wp-caption-text\">Na van, o p\u00fablico pode conhecer como funciona o CineB Solar.<\/figcaption><\/figure>\n<p>Em 2018, o CINEB passou a ser CineB Solar, unindo o trabalho sociocultural com a quest\u00e3o ambiental. O CineB Solar conta com um sistema de capta\u00e7\u00e3o de energia do Sol numa van adaptada com pain\u00e9is fotovoltaicos e baterias que carregam a energia que vai ser utiliza durante toda a exibi\u00e7\u00e3o do filme, substituindo a energia el\u00e9trica pela solar. O\u00a0ve\u00edculo conta com uma esta\u00e7\u00e3o\u00a0de ci\u00eancias que \u00e9 utilizada para explicar ao p\u00fablico o processo de transforma\u00e7\u00e3o da energia do sol em energia el\u00e9trica. O CineB Solar \u00e9 um projeto desenvolvido pela Brazucah Produ\u00e7\u00f5es, parceira do Sindicato dos Banc\u00e1rios de S\u00e3o Paulo, Osasco e regi\u00e3o no CineB, a partir do\u00a0Cinesolar, o primeiro cinema itinerante do Brasil movido a energia limpa e renov\u00e1vel\u00a0e circula pelo Brasil desde 2010.<\/p>\n<p><strong>SERVI\u00c7O<\/strong><\/p>\n<p><strong><b>CINEMA BRASILEIRO EM MAU\u00c1\u00a0\u00a0\u00a0\u00a0\u00a0\u00a0\u00a0\u00a0\u00a0\u00a0\u00a0\u00a0\u00a0\u00a0\u00a0\u00a0\u00a0\u00a0\u00a0\u00a0\u00a0\u00a0\u00a0 \u00a0\u00a0\u00a0\u00a0\u00a0\u00a0\u00a0\u00a0\u00a0\u00a0\u00a0\u00a0\u00a0\u00a0\u00a0\u00a0\u00a0\u00a0\u00a0\u00a0\u00a0\u00a0\u00a0\u00a0\u00a0\u00a0\u00a0\u00a0\u00a0\u00a0\u00a0\u00a0\u00a0\u00a0<\/b><\/strong><br \/>\n<strong><b>FILME:<\/b><\/strong>\u00a0A Menina \u00cdndigo<br \/>\n<strong><b>DIA:\u00a0<\/b><\/strong>8 de junho | Sexta-feira | 19h<br \/>\n<strong><b>LOCAL:<\/b><\/strong>\u00a0Associa\u00e7\u00e3o Amigos do Santa L\u00eddia<br \/>\n<strong><b>ENDERE\u00c7O:<\/b><\/strong>\u00a0\u00a0Rua Ces\u00e1rio Parmegiani, 360 \u2013 Jardim Santa Lidia \u2013 Mau\u00e1<br \/>\n<strong><b>CONVITES:<\/b><\/strong>\u00a0No local<\/p>\n<p><strong><b>CINEMA BRASILEIRO NA VILA RIO BRANCO\u00a0\u00a0\u00a0 \u00a0\u00a0\u00a0\u00a0\u00a0\u00a0\u00a0\u00a0\u00a0\u00a0\u00a0\u00a0\u00a0\u00a0\u00a0\u00a0\u00a0\u00a0\u00a0\u00a0\u00a0\u00a0\u00a0\u00a0\u00a0\u00a0\u00a0\u00a0\u00a0\u00a0\u00a0\u00a0\u00a0\u00a0\u00a0\u00a0\u00a0\u00a0\u00a0\u00a0\u00a0\u00a0\u00a0\u00a0\u00a0\u00a0\u00a0\u00a0\u00a0\u00a0\u00a0\u00a0\u00a0\u00a0<\/b><\/strong><br \/>\n<strong><b>FILME:<\/b><\/strong>\u00a0A Menina \u00cdndigo<br \/>\n<strong><b>DIA:<\/b><\/strong>\u00a021 de junho | Quinta-feira | 19h<br \/>\n<strong><b>LOCAL:<\/b><\/strong>\u00a0NCI Juntos com Arte e Vida<br \/>\n<strong><b>ENDERE\u00c7O:\u00a0<\/b><\/strong>\u00a0Avenida dos Bolivianos\u00a0\u2013 Ermelindo Matarazzo \u2013 S\u00e3o Paulo<br \/>\n<strong><b>CONVITES:<\/b><\/strong>\u00a0Secretaria do NCI<\/p>\n<p><strong><b>CINEMA BRASILEIRO NA UNI\u00c3O DE VILA NOVA<\/b><\/strong><br \/>\n<strong><b>FILME:<\/b><\/strong>\u00a0A Menina \u00cdndigo<br \/>\n<strong><b>DIA:\u00a0<\/b><\/strong>29 de junho | Sexta-feira | 19h<br \/>\n<strong><b>LOCAL:<\/b><\/strong>\u00a0Procedu \u2013 Projeto Cultural Educacional Novo Pantanal<br \/>\n<strong><b>ENDERE\u00c7O:<\/b><\/strong>\u00a0\u00a0Rua Rio Boa Esperan\u00e7a, 713\u00a0\u2013 Uni\u00e3o de Vila Nova \u2013 S\u00e3o Paulo<br \/>\n<strong><b>CONVITES:\u00a0<\/b><\/strong>Na recep\u00e7\u00e3o do Procedu<\/p>\n","protected":false},"excerpt":{"rendered":"<p>Filme de Wagner de Assis ser\u00e1 exibido em tr\u00eas sess\u00f5es nos dias 8, 21 e 29 de junho no ABC[&#8230;]<\/p>\n","protected":false},"author":3,"featured_media":10887,"comment_status":"open","ping_status":"open","sticky":false,"template":"","format":"standard","meta":[],"categories":[2,6],"tags":[32,255,472,805,996,1193,1239],"_links":{"self":[{"href":"https:\/\/projetocineb.com.br\/index.php?rest_route=\/wp\/v2\/posts\/10863"}],"collection":[{"href":"https:\/\/projetocineb.com.br\/index.php?rest_route=\/wp\/v2\/posts"}],"about":[{"href":"https:\/\/projetocineb.com.br\/index.php?rest_route=\/wp\/v2\/types\/post"}],"author":[{"embeddable":true,"href":"https:\/\/projetocineb.com.br\/index.php?rest_route=\/wp\/v2\/users\/3"}],"replies":[{"embeddable":true,"href":"https:\/\/projetocineb.com.br\/index.php?rest_route=%2Fwp%2Fv2%2Fcomments&post=10863"}],"version-history":[{"count":0,"href":"https:\/\/projetocineb.com.br\/index.php?rest_route=\/wp\/v2\/posts\/10863\/revisions"}],"wp:featuredmedia":[{"embeddable":true,"href":"https:\/\/projetocineb.com.br\/index.php?rest_route=\/wp\/v2\/media\/10887"}],"wp:attachment":[{"href":"https:\/\/projetocineb.com.br\/index.php?rest_route=%2Fwp%2Fv2%2Fmedia&parent=10863"}],"wp:term":[{"taxonomy":"category","embeddable":true,"href":"https:\/\/projetocineb.com.br\/index.php?rest_route=%2Fwp%2Fv2%2Fcategories&post=10863"},{"taxonomy":"post_tag","embeddable":true,"href":"https:\/\/projetocineb.com.br\/index.php?rest_route=%2Fwp%2Fv2%2Ftags&post=10863"}],"curies":[{"name":"wp","href":"https:\/\/api.w.org\/{rel}","templated":true}]}}