{"id":10875,"date":"2018-06-13T09:03:50","date_gmt":"2018-06-13T12:03:50","guid":{"rendered":"http:\/\/projetocineb.com.br\/?p=10875"},"modified":"2018-06-13T09:03:50","modified_gmt":"2018-06-13T12:03:50","slug":"maua-ve-a-menina-indigo","status":"publish","type":"post","link":"https:\/\/projetocineb.com.br\/?p=10875","title":{"rendered":"Mau\u00e1 v\u00ea \u201cA Menina \u00cdndigo\u201d"},"content":{"rendered":"<p><em>No dia 8 de junho, CineB Solar esteve na Associa\u00e7\u00e3o Amigos do Santa L\u00eddia, em Mau\u00e1, para exibir o novo filme da temporada, dirigido por Wagner Assis.<\/em><\/p>\n<figure id=\"attachment_10877\" aria-describedby=\"caption-attachment-10877\" style=\"width: 831px\" class=\"wp-caption alignleft\"><a href=\"http:\/\/projetocineb.com.br\/wp-content\/uploads\/2018\/06\/DSC_0017.jpg\"><img fetchpriority=\"high\" decoding=\"async\" class=\"size-full wp-image-10877\" src=\"http:\/\/projetocineb.com.br\/wp-content\/uploads\/2018\/06\/DSC_0017.jpg\" alt=\"\" width=\"831\" height=\"552\" \/><\/a><figcaption id=\"caption-attachment-10877\" class=\"wp-caption-text\">P\u00fablico faz fila para pegar a pipoca gratuita, preparada pelo Seu Antonio.<\/figcaption><\/figure>\n<p>Foi a primeira vez, em 11 anos, que o CineB Solar esteve na cidade de Mau\u00e1, na regi\u00e3o do Grande ABC. O respons\u00e1vel pela novidade foi o presidente da Associa\u00e7\u00e3o Amigos do Santa L\u00eddia, S\u00e9rgio Maur\u00edcio, que conheceu o CineB Solar por meio de Luiz Cl\u00e1udio Marcolino, idealizador do projeto em 2007 quando era presidente do Sindicato dos Banc\u00e1rios de S\u00e3o Paulo, Osasco e regi\u00e3o. Maur\u00edcio, que tamb\u00e9m \u00e9 presidente do Sindcab &#8211; Sindicato da Telefonia e Cabeamento, assumiu a dire\u00e7\u00e3o da entidade, fundada em 1978, em julho passado e vem ampliando as atividades culturais e de lazer: \u201catuamos para o bem estar da comunidade, lutando por reivindica\u00e7\u00f5es, mas tamb\u00e9m oferecemos aulas de dan\u00e7a do sal\u00e3o, gin\u00e1stica para terceira idade e baile\u201d, completa. Ele conta que sempre quis levar o cinema itinerante para Mau\u00e1 e elogia o trabalho desenvolvido pelo CineB Solar: \u201co projeto tem a grandeza de levar o cinema para as comunidades e isso \u00e9 uma coisa valios\u00edssima. N\u00e3o tem pre\u00e7o que paga trazer o CineB para um bairro da cidade de Mau\u00e1\u201d, finaliza.<\/p>\n<figure id=\"attachment_10879\" aria-describedby=\"caption-attachment-10879\" style=\"width: 831px\" class=\"wp-caption alignleft\"><a href=\"http:\/\/projetocineb.com.br\/wp-content\/uploads\/2018\/06\/DSC_0039.jpg\"><img decoding=\"async\" class=\"size-full wp-image-10879\" src=\"http:\/\/projetocineb.com.br\/wp-content\/uploads\/2018\/06\/DSC_0039.jpg\" alt=\"\" width=\"831\" height=\"552\" \/><\/a><figcaption id=\"caption-attachment-10879\" class=\"wp-caption-text\">Cid\u00e1lio Vieira Santos, coordenador do CineB Solar, e S\u00e9rgio Maur\u00edcio, presidente da Associa\u00e7\u00e3o, na abertura oficial da sess\u00e3o.<\/figcaption><\/figure>\n<p>\u201cA Menina \u00cdndigo\u201d, de Wagner Assis, \u00e9 a atra\u00e7\u00e3o do m\u00eas de junho. O filme conta a hist\u00f3ria de Sofia (Let\u00edcia Braga), uma garota de 7 anos que tem enfrentado problemas na escola, por n\u00e3o se interessar nas mat\u00e9rias ensinadas. Ap\u00f3s se trancar em uma sala e pint\u00e1-la por completo, seu pai (Murilo Rosa) \u00e9 chamado ao local. Meio afastado dela devido ao trabalho como jornalista, ele se reaproxima ap\u00f3s o pedido da pr\u00f3pria Sofia para que more com ele. Aos poucos, ele percebe que Sofia possui \u00e9 n\u00e3o s\u00f3 uma crian\u00e7a bastante espont\u00e2nea que se manifesta atrav\u00e9s da pintura, mas que tamb\u00e9m possui o dom de curar pessoas doentes.<\/p>\n<figure id=\"attachment_10878\" aria-describedby=\"caption-attachment-10878\" style=\"width: 831px\" class=\"wp-caption alignleft\"><a href=\"http:\/\/projetocineb.com.br\/wp-content\/uploads\/2018\/06\/DSC_0083.jpg\"><img decoding=\"async\" class=\"size-full wp-image-10878\" src=\"http:\/\/projetocineb.com.br\/wp-content\/uploads\/2018\/06\/DSC_0083.jpg\" alt=\"\" width=\"831\" height=\"552\" \/><\/a><figcaption id=\"caption-attachment-10878\" class=\"wp-caption-text\">Luiz Cl\u00e1udio Marcolino, um dos idealizadores do CineB, sa\u00fada o p\u00fablico presente.<\/figcaption><\/figure>\n<p>Nem o frio foi capaz de intimidar o p\u00fablico, que lotou o espa\u00e7o e antes do in\u00edcio do filme pode ver um depoimento de Marcolino e da atriz Let\u00edcia Braga. Segundo Zenilda Maria Antunes, professora Z\u00ea, que d\u00e1 aulas de dan\u00e7a e ioga na associa\u00e7\u00e3o e outros espa\u00e7os da cidade, \u201co filme foi bem escolhido, serve para a fam\u00edlia inteira\u201d, avalia.<\/p>\n<p>J\u00e1 Maria Afonso Santos Paula, dona de casa, soube da sess\u00e3o por meio do irm\u00e3o, que \u00e9 diretor da entidade. Ela conta que nunca foi a uma sess\u00e3o de cinema na vida. \u201c\u00c9 muito caro, inclusive a pipoca, e eu nunca tive interesse. Como hoje \u00e9 de gra\u00e7a eu vim. Estou com meu marido, filha pequena, meu irm\u00e3o, meu genro, minha filha. Estamos em oito pessoas\u201d, declara, enquanto saboreia a pipoca gratuita oferecida pelo projeto.<\/p>\n<figure id=\"attachment_10880\" aria-describedby=\"caption-attachment-10880\" style=\"width: 831px\" class=\"wp-caption alignleft\"><a href=\"http:\/\/projetocineb.com.br\/wp-content\/uploads\/2018\/06\/DSC_0087.jpg\"><img loading=\"lazy\" decoding=\"async\" class=\"size-full wp-image-10880\" src=\"http:\/\/projetocineb.com.br\/wp-content\/uploads\/2018\/06\/DSC_0087.jpg\" alt=\"\" width=\"831\" height=\"552\" \/><\/a><figcaption id=\"caption-attachment-10880\" class=\"wp-caption-text\">Atriz Let\u00edcia Braga manda um grande abra\u00e7o para o p\u00fablico do CineB Solar.<\/figcaption><\/figure>\n<p>Tamb\u00e9m estava presente na sess\u00e3o Gilberto Soares Paiva, diretor de Esporte, Cultura e Lazer do Sindicato dos Banc\u00e1rios do ABC, morador de Mau\u00e1. \u201cEssa comunidade merece, o filme foi lindo, estou emocionado.\u00c9 um projeto maravilhoso, pois vai para os lugares mais pobres, onde as pessoas dificilmente t\u00eam condi\u00e7\u00f5es de ir num cinema\u201d, conclui.<\/p>\n<p>A sess\u00e3o teve o apoio dos jornais Di\u00e1rio do Grande ABC e Jornal Opini\u00e3o.<\/p>\n<p>O CineB Solar \u00e9 um circuito alternativo de exibi\u00e7\u00e3o que, desde 2007, leva cinema brasileiro para v\u00e1rias regi\u00f5es da cidade. O projeto, que agora passa a se chamar CineB Solar quando estiver nas comunidades, j\u00e1 contabiliza um p\u00fablico superior a\u00a060 mil\u00a0pessoas em\u00a0mais de 480 sess\u00f5es gratuitas em comunidades, escolas e universidades de S\u00e3o Paulo. J\u00e1 foram exibidos na tela do CineB mais de 116 longas metragens e 73 curtas metragens.<\/p>\n\t\t\t\n\t\t\t<!-- Blueimp gallery -->\n\t\t\t<div id=\"blueimp-gallery\" class=\"blueimp-gallery blueimp-gallery-controls\">\n\t\t\t\t<div class=\"slides\"><\/div>\n\t\t\t\t<h3 class=\"title\"><\/h3>\n\t\t\t\t<a class=\"prev\">\u2039<\/a>\n\t\t\t\t<a class=\"next\">\u203a<\/a>\n\t\t\t\t<a class=\"close\">\u00d7<\/a>\n\t\t\t\t<a class=\"play-pause\"><\/a>\n\t\t\t\t<ol class=\"indicator\"><\/ol>\n\t\t\t\t<div class=\"modal fade\">\n\t\t\t\t\t<div class=\"modal-dialog\">\n\t\t\t\t\t\t<div class=\"modal-content\">\n\t\t\t\t\t\t\t<div class=\"modal-header\">\n\t\t\t\t\t\t\t\t<button type=\"button\" class=\"close\" aria-hidden=\"true\">&times;<\/button>\n\t\t\t\t\t\t\t\t<h4 class=\"modal-title\"><\/h4>\n\t\t\t\t\t\t\t<\/div>\n\t\t\t\t\t\t\t<div class=\"modal-body next\"><\/div>\n\t\t\t\t\t\t\t<div class=\"modal-footer\">\n\t\t\t\t\t\t\t\t<button type=\"button\" class=\"btn btn-default pull-left prev\">\n\t\t\t\t\t\t\t\t\t<i class=\"glyphicon glyphicon-chevron-left\"><\/i>\n\t\t\t\t\t\t\t\t\tPrevious\t\t\t\t\t\t\t\t<\/button>\n\t\t\t\t\t\t\t\t<button type=\"button\" class=\"btn btn-primary next\">\n\t\t\t\t\t\t\t\t\tNext\t\t\t\t\t\t\t\t\t<i class=\"glyphicon glyphicon-chevron-right\"><\/i>\n\t\t\t\t\t\t\t\t<\/button>\n\t\t\t\t\t\t\t<\/div>\n\t\t\t\t\t\t<\/div>\n\t\t\t\t\t<\/div>\n\t\t\t\t<\/div>\n\t\t\t<\/div>\n\t\t\t<script type=\"text\/javascript\">\n\t\t\tjQuery(function() {\n\t\t\t\t\/\/ Set blueimp gallery options\n\t\t\t\tjQuery.extend(blueimp.Gallery.prototype.options, {\n\t\t\t\t\tuseBootstrapModal: false,\n\t\t\t\t\thidePageScrollbars: false\n\t\t\t\t});\n\t\t\t});\n\t\t\t<\/script>\n\t\t\t\n","protected":false},"excerpt":{"rendered":"<p>No dia 8 de junho, CineB Solar esteve na Associa\u00e7\u00e3o Amigos do Santa L\u00eddia, em Mau\u00e1, para exibir o novo[&#8230;]<\/p>\n","protected":false},"author":3,"featured_media":10951,"comment_status":"open","ping_status":"open","sticky":false,"template":"","format":"standard","meta":[],"categories":[2,6],"tags":[32,103,154,237,255,743,760,805,1132,1239],"_links":{"self":[{"href":"https:\/\/projetocineb.com.br\/index.php?rest_route=\/wp\/v2\/posts\/10875"}],"collection":[{"href":"https:\/\/projetocineb.com.br\/index.php?rest_route=\/wp\/v2\/posts"}],"about":[{"href":"https:\/\/projetocineb.com.br\/index.php?rest_route=\/wp\/v2\/types\/post"}],"author":[{"embeddable":true,"href":"https:\/\/projetocineb.com.br\/index.php?rest_route=\/wp\/v2\/users\/3"}],"replies":[{"embeddable":true,"href":"https:\/\/projetocineb.com.br\/index.php?rest_route=%2Fwp%2Fv2%2Fcomments&post=10875"}],"version-history":[{"count":0,"href":"https:\/\/projetocineb.com.br\/index.php?rest_route=\/wp\/v2\/posts\/10875\/revisions"}],"wp:featuredmedia":[{"embeddable":true,"href":"https:\/\/projetocineb.com.br\/index.php?rest_route=\/wp\/v2\/media\/10951"}],"wp:attachment":[{"href":"https:\/\/projetocineb.com.br\/index.php?rest_route=%2Fwp%2Fv2%2Fmedia&parent=10875"}],"wp:term":[{"taxonomy":"category","embeddable":true,"href":"https:\/\/projetocineb.com.br\/index.php?rest_route=%2Fwp%2Fv2%2Fcategories&post=10875"},{"taxonomy":"post_tag","embeddable":true,"href":"https:\/\/projetocineb.com.br\/index.php?rest_route=%2Fwp%2Fv2%2Ftags&post=10875"}],"curies":[{"name":"wp","href":"https:\/\/api.w.org\/{rel}","templated":true}]}}