{"id":10895,"date":"2018-06-17T20:26:30","date_gmt":"2018-06-17T23:26:30","guid":{"rendered":"http:\/\/projetocineb.com.br\/?p=10895"},"modified":"2018-06-17T20:26:30","modified_gmt":"2018-06-17T23:26:30","slug":"igreja-cristo-ressuscitado-exibe-dom-paulo","status":"publish","type":"post","link":"https:\/\/projetocineb.com.br\/?p=10895","title":{"rendered":"Igreja Cristo Ressuscitado exibe \u201cDom Paulo\u201d"},"content":{"rendered":"<p><em>CineB Solar esteve no dia 14 de junho no Sal\u00e3o Paoquial da Igreja Cristo Ressuscitado, localizada na Zona Leste da capital para exibir o document\u00e1rio \u201cCoragem &#8211; As Muitas Vidas de Dom Paulo Evaristo Arns\u201d.<\/em><\/p>\n<figure id=\"attachment_10900\" aria-describedby=\"caption-attachment-10900\" style=\"width: 831px\" class=\"wp-caption alignleft\"><a href=\"http:\/\/projetocineb.com.br\/wp-content\/uploads\/2018\/06\/DSC_0006.jpg\"><img fetchpriority=\"high\" decoding=\"async\" class=\"size-full wp-image-10900\" src=\"http:\/\/projetocineb.com.br\/wp-content\/uploads\/2018\/06\/DSC_0006.jpg\" alt=\"\" width=\"831\" height=\"552\" \/><\/a><figcaption id=\"caption-attachment-10900\" class=\"wp-caption-text\">CineB Solar estreia &#8220;stand&#8221; de recep\u00e7\u00e3o do p\u00fablico.<\/figcaption><\/figure>\n<p>O Sal\u00e3o Paroquial da Igreja Cristo Ressuscitado, localizado na Cidade A.E. Carvalho, regi\u00e3o de Itaquera, contou, pela primeira vez, com uma exibi\u00e7\u00e3o do projeto CineB Solar no \u00faltimo dia 14 de junho. A sess\u00e3o foi organizada pela ONG Juntos &#8211; Jardins Unidos Num Trabalho de Obra Social, que h\u00e1 oito anos mant\u00e9m uma parceria entre a Par\u00f3quia e a Prefeitura de S\u00e3o Paulo para organizar atividades para 100 idosos, de segunda \u00e0 sexta pela manh\u00e3. A entidade \u00e9 parceria do CineB Solar h\u00e1 anos. Humberto Canavesi, diretor administrativo da ONG, contou que em toda a Zona Leste s\u00e3o atendidos 800 idosos em 8 polos, al\u00e9m de 480 crian\u00e7as em contraturno escolar e 120 adolescentes. \u201cEu sempre elogio o trabalho do CineB e do Sindicato dos Banc\u00e1rios [de S\u00e3o Paulo, Osasco e Regi\u00e3o]. Se cada sindicato investisse na \u00e1rea social como faz os banc\u00e1rios, ter\u00edamos in\u00fameras atividades como teatro, cinema, dan\u00e7a e pintura espalhados pelos bairros\u201d, imagina.<\/p>\n<figure id=\"attachment_10902\" aria-describedby=\"caption-attachment-10902\" style=\"width: 831px\" class=\"wp-caption alignleft\"><a href=\"http:\/\/projetocineb.com.br\/wp-content\/uploads\/2018\/06\/DSC_0039-1.jpg\"><img decoding=\"async\" class=\"size-full wp-image-10902\" src=\"http:\/\/projetocineb.com.br\/wp-content\/uploads\/2018\/06\/DSC_0039-1.jpg\" alt=\"\" width=\"831\" height=\"552\" \/><\/a><figcaption id=\"caption-attachment-10902\" class=\"wp-caption-text\">Apresenta\u00e7\u00e3o do grupo Luta pela Igualdade faz apresenta\u00e7\u00e3o da dan\u00e7a da peneira.<\/figcaption><\/figure>\n<p>A comunidade, que lotou o sal\u00e3o, acompanhou o filme \u201cCoragem &#8211; As Muitas Vidas de Dom Paulo Evaristo Arns\u201d, de de Ricardo de Carvalho, que retrata a hist\u00f3ria de um dos mais importantes cardeais brasileiros do s\u00e9culo 20. Dom Paulo foi um intransigente defensor dos direitos humanos e enfrentou como poucos o regime militar. Co-organizou um dos mais importantes documentos sobre a ditadura, ainda no per\u00edodo militar: o projeto Brasil, Nunca Mais, que virou um livro que denunciou milhares de torturas, desaparecimentos e assassinatos. O cardeal Arns tamb\u00e9m organizou os pobres da cidade de S\u00e3o Paulo para que pudessem reivindicar os seus direitos fundamentais como educa\u00e7\u00e3o, sa\u00fade, habita\u00e7\u00e3o e emprego por meio da organiza\u00e7\u00e3o das Comunidades Eclesiais de Base (CEBs).<\/p>\n<p>Para o p\u00e1roco Jalmir Mateus de Oliveira muitos nem conhecem o trabalho de Dom Paulo \u00e0 frente da igreja em S\u00e3o Paulo e o trabalho que ele fez no per\u00edodo da ditadura civil militar, quando \u201cacolhia aqueles que estavam sendo perseguidos. Ele \u00e9 mais conhecido fora do Brasil do que aqui. Quando se vai para o exterior o povo fala de Dom Paulo, pergunta sobre Dom Paulo, e aqui parece que muitos cat\u00f3licos passaram uma borracha, esqueceram todo o trabalho que ele fez, especialmente nas periferias\u201d, reflete.<\/p>\n<figure id=\"attachment_10903\" aria-describedby=\"caption-attachment-10903\" style=\"width: 831px\" class=\"wp-caption alignleft\"><a href=\"http:\/\/projetocineb.com.br\/wp-content\/uploads\/2018\/06\/DSC_0062.jpg\"><img decoding=\"async\" class=\"size-full wp-image-10903\" src=\"http:\/\/projetocineb.com.br\/wp-content\/uploads\/2018\/06\/DSC_0062.jpg\" alt=\"\" width=\"831\" height=\"542\" \/><\/a><figcaption id=\"caption-attachment-10903\" class=\"wp-caption-text\">Na abertura oficial da sess\u00e3o, Cid\u00e1lio Vieira Santos, coordenador do CineB Solar, Humberto Canavesi, diretor da ONG Juntos e o p\u00e1roco Jalmir Mateus de Oliveira.<\/figcaption><\/figure>\n<p>Antes do in\u00edcio da sess\u00e3o, o grupo \u201cLuta pela Igualdade\u201d, formado pelos idosos que frequentam as atividades da ONG Juntos, fez uma apresenta\u00e7\u00e3o da dan\u00e7a folcl\u00f3rica da peneira. Segundo Tamires da Silva, a professora Mel, que d\u00e1 aulas de capoeira adaptada para idosos h\u00e1 tr\u00eas anos, \u00e0s quartas-feiras pela manh\u00e3, o trabalho \u00e9 focado na capoeira. \u201cComo os idosos t\u00eam dificuldades com os movimentos da capoeira, adaptamos os movimentos com dan\u00e7as folcl\u00f3ricas\u201d, comenta.<\/p>\n<p>Ao final da sess\u00e3o, mesmo com o frio que assolou S\u00e3o Paulo durante a semana toda, o p\u00fablico permaneceu e participou do debate e do sorteio dos brindes do CineB Solar. Para Terezinha de F\u00e1tima Forestieri, a sess\u00e3o estava t\u00e3o boa que ela deixou de fazer os ensaios do grupo de coral da igreja, que aconteceram no mesmo hor\u00e1rio da sess\u00e3o para acompanhar o filme.<\/p>\n<p>C\u00e9lia C\u00e2ndido Pereira, freira, funcion\u00e1ria p\u00fablica e coordenadora da catequese da par\u00f3quia usou o microfone logo ao final da sess\u00e3o, para lembrar o quanto Dom Paulo faz falta e o quanto \u201c\u00e9 preciso retomar o trabalho com os pobres. O filme mexeu comigo\u201d, considera. Para K\u00e1tia Libardi Geroto, esteticista, aposentada por quest\u00f5es de sa\u00fade, o filme destacou o grande drama que o per\u00edodo da ditadura civil militar representou para a sociedade brasileira, com persegui\u00e7\u00f5es, torturas e assassinatos.\u201dOs mais jovens falam sobre a volta do militarismo. O filme mostrou o quanto esse per\u00edodo foi horr\u00edvel. As pessoas n\u00e3o sabem o que falam quando pedem o militarismo de volta\u201d, denunciou.<\/p>\n<p>A sess\u00e3o contou com a presen\u00e7a de Jos\u00e9 Coelho da Silva, de 95 anos. Ele frequenta o grupo de idosos do espa\u00e7o e nunca foi ao cinema. Origin\u00e1rio do Crato, no interior do Cear\u00e1, est\u00e1 em S\u00e3o Paulo desde 1951. Acompanhado da filha, ele contou que gostou muito do filme e do jeito que tudo foi organizado. \u201cN\u00e3o sou chegado a assistir filme, mas foi tudo bem legal\u201d, revelou. Ao final da sess\u00e3o, o p\u00fablico pode conhecer como funciona o sistema de capta\u00e7\u00e3o solar do projeto.<\/p>\n<p>O CineB Solar \u00e9 um circuito alternativo de exibi\u00e7\u00e3o que, desde 2007, leva cinema brasileiro para v\u00e1rias regi\u00f5es da cidade. O projeto, que agora passa a se chamar CineB Solar quando estiver nas comunidades, j\u00e1 contabiliza um p\u00fablico superior a\u00a060 mil\u00a0pessoas em\u00a0mais de 480 sess\u00f5es gratuitas em comunidades, escolas e universidades de S\u00e3o Paulo. J\u00e1 foram exibidos na tela do CineB mais de 116 longas metragens e 73 curtas metragens.<\/p>\n\t\t\t\n\t\t\t<!-- Blueimp gallery -->\n\t\t\t<div id=\"blueimp-gallery\" class=\"blueimp-gallery blueimp-gallery-controls\">\n\t\t\t\t<div class=\"slides\"><\/div>\n\t\t\t\t<h3 class=\"title\"><\/h3>\n\t\t\t\t<a class=\"prev\">\u2039<\/a>\n\t\t\t\t<a class=\"next\">\u203a<\/a>\n\t\t\t\t<a class=\"close\">\u00d7<\/a>\n\t\t\t\t<a class=\"play-pause\"><\/a>\n\t\t\t\t<ol class=\"indicator\"><\/ol>\n\t\t\t\t<div class=\"modal fade\">\n\t\t\t\t\t<div class=\"modal-dialog\">\n\t\t\t\t\t\t<div class=\"modal-content\">\n\t\t\t\t\t\t\t<div class=\"modal-header\">\n\t\t\t\t\t\t\t\t<button type=\"button\" class=\"close\" aria-hidden=\"true\">&times;<\/button>\n\t\t\t\t\t\t\t\t<h4 class=\"modal-title\"><\/h4>\n\t\t\t\t\t\t\t<\/div>\n\t\t\t\t\t\t\t<div class=\"modal-body next\"><\/div>\n\t\t\t\t\t\t\t<div class=\"modal-footer\">\n\t\t\t\t\t\t\t\t<button type=\"button\" class=\"btn btn-default pull-left prev\">\n\t\t\t\t\t\t\t\t\t<i class=\"glyphicon glyphicon-chevron-left\"><\/i>\n\t\t\t\t\t\t\t\t\tPrevious\t\t\t\t\t\t\t\t<\/button>\n\t\t\t\t\t\t\t\t<button type=\"button\" class=\"btn btn-primary next\">\n\t\t\t\t\t\t\t\t\tNext\t\t\t\t\t\t\t\t\t<i class=\"glyphicon glyphicon-chevron-right\"><\/i>\n\t\t\t\t\t\t\t\t<\/button>\n\t\t\t\t\t\t\t<\/div>\n\t\t\t\t\t\t<\/div>\n\t\t\t\t\t<\/div>\n\t\t\t\t<\/div>\n\t\t\t<\/div>\n\t\t\t<script type=\"text\/javascript\">\n\t\t\tjQuery(function() {\n\t\t\t\t\/\/ Set blueimp gallery options\n\t\t\t\tjQuery.extend(blueimp.Gallery.prototype.options, {\n\t\t\t\t\tuseBootstrapModal: false,\n\t\t\t\t\thidePageScrollbars: false\n\t\t\t\t});\n\t\t\t});\n\t\t\t<\/script>\n\t\t\t\n","protected":false},"excerpt":{"rendered":"<p>CineB Solar esteve no dia 14 de junho no Sal\u00e3o Paoquial da Igreja Cristo Ressuscitado, localizada na Zona Leste da[&#8230;]<\/p>\n","protected":false},"author":3,"featured_media":10950,"comment_status":"open","ping_status":"open","sticky":false,"template":"","format":"standard","meta":[],"categories":[2,6],"tags":[226,237,255,330,619,887,1133],"_links":{"self":[{"href":"https:\/\/projetocineb.com.br\/index.php?rest_route=\/wp\/v2\/posts\/10895"}],"collection":[{"href":"https:\/\/projetocineb.com.br\/index.php?rest_route=\/wp\/v2\/posts"}],"about":[{"href":"https:\/\/projetocineb.com.br\/index.php?rest_route=\/wp\/v2\/types\/post"}],"author":[{"embeddable":true,"href":"https:\/\/projetocineb.com.br\/index.php?rest_route=\/wp\/v2\/users\/3"}],"replies":[{"embeddable":true,"href":"https:\/\/projetocineb.com.br\/index.php?rest_route=%2Fwp%2Fv2%2Fcomments&post=10895"}],"version-history":[{"count":0,"href":"https:\/\/projetocineb.com.br\/index.php?rest_route=\/wp\/v2\/posts\/10895\/revisions"}],"wp:featuredmedia":[{"embeddable":true,"href":"https:\/\/projetocineb.com.br\/index.php?rest_route=\/wp\/v2\/media\/10950"}],"wp:attachment":[{"href":"https:\/\/projetocineb.com.br\/index.php?rest_route=%2Fwp%2Fv2%2Fmedia&parent=10895"}],"wp:term":[{"taxonomy":"category","embeddable":true,"href":"https:\/\/projetocineb.com.br\/index.php?rest_route=%2Fwp%2Fv2%2Fcategories&post=10895"},{"taxonomy":"post_tag","embeddable":true,"href":"https:\/\/projetocineb.com.br\/index.php?rest_route=%2Fwp%2Fv2%2Ftags&post=10895"}],"curies":[{"name":"wp","href":"https:\/\/api.w.org\/{rel}","templated":true}]}}