{"id":109,"date":"2010-02-06T00:23:01","date_gmt":"2010-02-06T00:23:01","guid":{"rendered":"http:\/\/projetocineb.com.br\/?p=109"},"modified":"2010-02-06T00:23:01","modified_gmt":"2010-02-06T00:23:01","slug":"oswaldo-aranha","status":"publish","type":"post","link":"https:\/\/projetocineb.com.br\/?p=109","title":{"rendered":"OSWALDO ARANHA"},"content":{"rendered":"<h2><a href=\"http:\/\/projetocineb.com.br\/wp-content\/uploads\/2010\/02\/Tarja-CineB03.jpg\"><img decoding=\"async\" class=\"aligncenter size-full wp-image-136\" title=\"Tarja-CineB03\" src=\"http:\/\/projetocineb.com.br\/wp-content\/uploads\/2010\/02\/Tarja-CineB03.jpg\" alt=\"\" width=\"384\" height=\"104\" \/><\/a><\/h2>\n<h2><span style=\"color: #339966;\">SUPER LOTA\u00c7\u00c3O<\/span><\/h2>\n<p>Hoje, a sess\u00e3o do <span style=\"color: #0000ff;\">CineB em Cidade Tiradentes<\/span> foi vibrante! O p\u00e1tio da escola foi transformado em cinema e ficou lotado. <span style=\"color: #0000ff;\">400 pessoas<\/span> mais uns quebradinhos e n\u00e3o parava de chegar mais gente! E na hora do escurinho, a cada embalo de m\u00fasica a galera acompanhava o ritmo batendo palmas.<\/p>\n<p>A professora da <span style=\"color: #0000ff;\">Escola Oswaldo Aranha Bandeira de Mello<\/span>, <span style=\"color: #0000ff;\">Ana Assun\u00e7\u00e3o<\/span>, trouxe tr\u00eas crian\u00e7as consigo. Resolveu chamar quem conseguisse para a sess\u00e3o. <span style=\"color: #0000ff;\">\u201cVeio gente at\u00e9 de outras escolas\u201d, diz a professora<\/span>.<\/p>\n<h2><span style=\"color: #339966;\">BOA DIVULGA\u00c7\u00c3O<\/span><\/h2>\n<p><span style=\"color: #0000ff;\">Almir Bento de Freitas, o coordenador da Oswaldo Aranha<\/span>, se sentiu tranq\u00fcilo depois de ver a sala cheia de gente. <span style=\"color: #0000ff;\">Promoveu uma divulga\u00e7\u00e3o bem forte na comunidade, atrav\u00e9s de cartazes e convites pessoais<\/span>. Garantiu-se bem, mesmo assim, sossegou quando viu a sala lotada. <span style=\"color: #0000ff;\">\u201cEstamos mantendo aqui na Escola diversas atividades, promovemos caminhadas na mata pr\u00f3xima e procuramos revitalizar os parques da regi\u00e3o\u201d<\/span>, diz o coordenador.<\/p>\n<p style=\"text-align: center;\"><a href=\"http:\/\/projetocineb.com.br\/wp-content\/uploads\/2010\/02\/DSC00266_02SITE.jpg\"><img fetchpriority=\"high\" decoding=\"async\" class=\"aligncenter size-full wp-image-125\" title=\"Coordenador da Escola, Almir Bento de Freitas\" src=\"http:\/\/projetocineb.com.br\/wp-content\/uploads\/2010\/02\/DSC00266_02SITE.jpg\" alt=\"\" width=\"420\" height=\"265\" \/><\/a><\/p>\n<p>A <span style=\"color: #0000ff;\">conselheira<\/span> da Escola Oswaldo Aranha, <span style=\"color: #0000ff;\">Edna de Jesus Santos<\/span>, diz que o trabalho da coordena\u00e7\u00e3o \u00e9 trazer cada vez mais projetos culturais. A regi\u00e3o \u00e9 muito carente nessas a\u00e7\u00f5es. <span style=\"color: #0000ff;\">\u201cTudo que vem pra c\u00e1 o pessoal aproveita, a comunidade participa\u201d<\/span>, diz Edna.<\/p>\n<p style=\"text-align: center;\"><a href=\"http:\/\/projetocineb.com.br\/wp-content\/uploads\/2010\/02\/DSC00244_01SITE.jpg\"><img decoding=\"async\" class=\"aligncenter size-full wp-image-113\" title=\"Edna de Jesus Santos, no centro, e os secret\u00e1rios Analice Barbosa dos Santos e S\u00e9rgio Gabriel Sodr\u00e9 Girios, acompanhados das crian\u00e7as Bruna, Tifany e Kevin\" src=\"http:\/\/projetocineb.com.br\/wp-content\/uploads\/2010\/02\/DSC00244_01SITE.jpg\" alt=\"\" width=\"432\" height=\"181\" \/><\/a><\/p>\n<h2><span style=\"color: #339966;\">\u00d4 PREFEITURA, CHEGA MAIS!<\/span><\/h2>\n<p>O Oswaldo Aranha fica na Zona Leste de S\u00e3o Paulo, numa regi\u00e3o distante do Centro. Mas <span style=\"color: #0000ff;\">a dist\u00e2ncia n\u00e3o seria problema se o transporte p\u00fablico fosse mais eficiente<\/span>. Precisamos exigir dos Governos aten\u00e7\u00e3o para esta quest\u00e3o. <span style=\"color: #0000ff;\">\u00c9 fundamental lutarmos pela nossa liberdade de ir e vir com conforto e seguran\u00e7a!<\/span> Se n\u00e3o exigirmos, ningu\u00e9m resolver\u00e1 as dificuldades de transporte do paulistano.<\/p>\n<h2><span style=\"color: #339966;\">LUGAR DE MULHER \u00c9 NO CINEMA<\/span><\/h2>\n<p>No comecinho da sess\u00e3o deu uma chuviscada. Mesmo assim, Domingas dos Reis n\u00e3o perdeu o CineB. Seu filho <span style=\"color: #0000ff;\">Guilherme de 7 anos adorou o curta metragem <\/span><em><span style=\"color: #0000ff;\">Meow<\/span><\/em><span style=\"color: #0000ff;\">, de Marcos Magalh\u00e3es.<\/span><\/p>\n<p style=\"text-align: center;\"><a href=\"http:\/\/projetocineb.com.br\/wp-content\/uploads\/2010\/02\/DSC00255_01SITE.jpg\"><img loading=\"lazy\" decoding=\"async\" class=\"aligncenter size-full wp-image-114\" title=\"Os filhos da Dona Domingas, que n\u00e3o quis aparecer, Vin\u00edcius Barros e Guilherme dos Reis, ambos de 7 anos\" src=\"http:\/\/projetocineb.com.br\/wp-content\/uploads\/2010\/02\/DSC00255_01SITE.jpg\" alt=\"\" width=\"432\" height=\"324\" \/><\/a><\/p>\n<p>Quem n\u00e3o perdeu mesmo a exibi\u00e7\u00e3o, ainda mais porque era a sua primeira vez no cinema, foi a <span style=\"color: #0000ff;\">dona Lucin\u00e9ia<\/span>. Ela <span style=\"color: #0000ff;\">disse que o marido \u00e9 quem sempre leva as crian\u00e7as ao cinema<\/span>. <span style=\"color: #0000ff;\">Lugar de mulher tamb\u00e9m \u00e9 no cinema<\/span>, oras! Seu filho Vinicius Barros, de 8 anos, gostou muito curta animado <em>Disfarce Explosivo,<\/em> de M\u00e1rio Galindo.<\/p>\n<p style=\"text-align: center;\"><a href=\"http:\/\/projetocineb.com.br\/wp-content\/uploads\/2010\/02\/DSC00257_02SITE.jpg\"><img loading=\"lazy\" decoding=\"async\" class=\"aligncenter size-full wp-image-116\" title=\" Dona Lucin\u00e9ia e seu filho Vitor, de 8 anos\" src=\"http:\/\/projetocineb.com.br\/wp-content\/uploads\/2010\/02\/DSC00257_02SITE.jpg\" alt=\"\" width=\"360\" height=\"270\" \/><\/a><\/p>\n<p>Maria Nair Nicolau, tamb\u00e9m pela primeira vez presenciando o espet\u00e1culo da grande tela, trouxe um monte de crian\u00e7as consigo. O neto <span style=\"color: #0000ff;\">Henrique Everton Souza Nicolau, de 8 anos, tamb\u00e9m tem como filme predileto da noite, <\/span><em><span style=\"color: #0000ff;\">O Coronel e o Lobisomem<\/span><\/em><em>. <\/em>Nicole de 8 anos, Monique de 7 e Andressa de 12, vieram tamb\u00e9m conferir os curtas animados. Vibraram com todos os filmes.<\/p>\n<p style=\"text-align: center;\"><a href=\"http:\/\/projetocineb.com.br\/wp-content\/uploads\/2010\/02\/DSC00254_01SITE.jpg\"><img loading=\"lazy\" decoding=\"async\" class=\"aligncenter size-full wp-image-117\" title=\"Dona Maria Nair Nicolau, seu neto Henrique Everton de 8 anos, Nicole de 8, Monique de 7 e   Andressa de 12 anos\" src=\"http:\/\/projetocineb.com.br\/wp-content\/uploads\/2010\/02\/DSC00254_01SITE.jpg\" alt=\"\" width=\"360\" height=\"270\" \/><\/a><\/p>\n<h2><span style=\"color: #339966;\">CLICK<\/span><\/h2>\n<p><span style=\"color: #0000ff;\">\u201cTira uma foto nossa\u201d<\/span>. Passando com a c\u00e2mera na m\u00e3o pra l\u00e1 e pra c\u00e1, umas pessoas miudinhas pediram que eu tirasse fotos. Uma delas \u00e9 Brena de 6 anos e Bruna, de 10, que tamb\u00e9m adorou o curta <em>Meow<\/em>.<\/p>\n<p style=\"text-align: center;\"><a href=\"http:\/\/projetocineb.com.br\/wp-content\/uploads\/2010\/02\/DSC00256_01SITE.jpg\"><img loading=\"lazy\" decoding=\"async\" class=\"aligncenter size-full wp-image-118\" title=\"Brena de 6 anos e Bruna de 10\" src=\"http:\/\/projetocineb.com.br\/wp-content\/uploads\/2010\/02\/DSC00256_01SITE.jpg\" alt=\"\" width=\"324\" height=\"243\" \/><\/a><\/p>\n<p>A turma da quarta s\u00e9rie D, da Escola Oswaldo Aranha, Jo\u00e3o Pedro de 10 anos, Bruno de 13 e Gabriel de 14, disseram que n\u00e3o iam perder esses filmes por nada. Na hora da abertura do CineB, realizado pelo Sindicato dos Banc\u00e1rios de S\u00e3o Paulo, Osasco e Regi\u00e3o, e Brazucah Produ\u00e7\u00f5es, eles aplaudiram a chegada da inspetora \u00c9rica ao palco, perto de toda equipe respons\u00e1vel pelo evento na Escola. Meninos comportados? Os tr\u00eas se abra\u00e7aram e clic, sa\u00ed andando a procura de outra galera para fotografar.<\/p>\n<p style=\"text-align: center;\"><a href=\"http:\/\/projetocineb.com.br\/wp-content\/uploads\/2010\/02\/DSC00246_01SITE.jpg\"><img loading=\"lazy\" decoding=\"async\" class=\"aligncenter size-full wp-image-120\" title=\"Segundo eles pr\u00f3prios: Os &quot;presidentes&quot; da escola e alunos da 4a. s\u00e9rie D, Jo\u00e3o Pedro de 10, Bruno de 13 e Gabriel de 14 anos\" src=\"http:\/\/projetocineb.com.br\/wp-content\/uploads\/2010\/02\/DSC00246_01SITE.jpg\" alt=\"\" width=\"324\" height=\"196\" \/><\/a><\/p>\n<p><em>Ta\u00ed<\/em> as fotos galera!<\/p>\n<h2><span style=\"color: #339966;\">+CLICK<\/span><\/h2>\n<p>Celso Jardim de Carvalho e sua esposa Marilucia, trouxeram o filho Douglas e a simp\u00e1tica Ana Beatriz de Carvalho, que disse gostar muito da hist\u00f3ria da Branca de Neve.<\/p>\n<p style=\"text-align: center;\"><a href=\"http:\/\/projetocineb.com.br\/wp-content\/uploads\/2010\/02\/DSC00237_01SITE.jpg\"><img loading=\"lazy\" decoding=\"async\" class=\"aligncenter size-full wp-image-121\" title=\"Celso Jadir de Carvalho e sua esposa Marilucia de Moura Carvalho e seus filhos Douglas e Ana Beatriz\" src=\"http:\/\/projetocineb.com.br\/wp-content\/uploads\/2010\/02\/DSC00237_01SITE.jpg\" alt=\"\" width=\"540\" height=\"327\" \/><\/a><\/p>\n<p>Outra fam\u00edlia que veio em peso assistir aos filmes \u00e9 o papai M\u00e1rcio e a mam\u00e3e Simone, que trouxeram a filha Carolina de 10 anos, que veio a convite de Daniela de 9 anos, que \u00e9 irm\u00e3 do Eduardo que tem apenas 3 aninhos filhos da Daiane.<\/p>\n<p style=\"text-align: center;\"><a href=\"http:\/\/projetocineb.com.br\/wp-content\/uploads\/2010\/02\/DSC00251_01SITE.jpg\"><img loading=\"lazy\" decoding=\"async\" class=\"aligncenter size-full wp-image-122\" title=\"M\u00e1rcio e Simone trouxeram a Carolina de 10 que foi convidada pela Daniela de 9 anos, acompanhada de sua m\u00e3e Daniane e seu irm\u00e3o Eduardo de 3 anos\" src=\"http:\/\/projetocineb.com.br\/wp-content\/uploads\/2010\/02\/DSC00251_01SITE.jpg\" alt=\"\" width=\"360\" height=\"270\" \/><\/a><\/p>\n<p>Anderson Lima veio sem a esposa, mas trouxe as crian\u00e7as Mylene de 8 anos e Caio de 7.<\/p>\n<p style=\"text-align: center;\"><a href=\"http:\/\/projetocineb.com.br\/wp-content\/uploads\/2010\/02\/DSC00238_02SITE.jpg\"><img loading=\"lazy\" decoding=\"async\" class=\"aligncenter size-full wp-image-123\" title=\"Anderson Lima e seus filhos Mylene de 8 anos e Caio de 7\" src=\"http:\/\/projetocineb.com.br\/wp-content\/uploads\/2010\/02\/DSC00238_02SITE.jpg\" alt=\"\" width=\"540\" height=\"305\" \/><\/a><\/p>\n<h2><span style=\"color: #339966;\">PR\u00d3XIMA SESS\u00c3O<\/span><\/h2>\n<p>Bom gente, agora, a pr\u00f3xima sess\u00e3o \u00e9 no <span style=\"color: #0000ff;\">dia<\/span><strong><span style=\"color: #0000ff;\"> <\/span><\/strong><span style=\"color: #0000ff;\">25\u00a0 de novembro<\/span>, quarta-feira, \u00e0s <span style=\"color: #0000ff;\">19:30 no gin\u00e1sio Valter dos Reis<\/span>, que fica na <span style=\"color: #0000ff;\">rua Sezefredo Kleim Doll<\/span>, em <span style=\"color: #0000ff;\">Embu-Gua\u00e7u<\/span>. Maiores informa\u00e7\u00f5es\u00a0liga pro <span style=\"color: #0000ff;\">4664 8036<\/span>.<\/p>\n<p>Eu deixo voc\u00eas com mais umas fotos desta sess\u00e3o do CineB na Escola Oswaldo Aranha.<\/p>\n<p>Int\u00e9!<\/p>\n<p><strong><span style=\"color: #ff6600;\">PASSE O MOUSE POR CIMA DAS FOTOS PARA LER AS LEGENDAS!<\/span><\/strong><\/p>\n<p style=\"text-align: center;\"><a href=\"http:\/\/projetocineb.com.br\/wp-content\/uploads\/2010\/02\/DSC00243_01SITE.jpg\"><img loading=\"lazy\" decoding=\"async\" class=\"aligncenter size-full wp-image-126\" title=\"Dona Maria Helena gosta de &quot;Os normais&quot;, enquanto Isabela Farias e Giovanna preferem os filmes do Didi Moc\u00f3\" src=\"http:\/\/projetocineb.com.br\/wp-content\/uploads\/2010\/02\/DSC00243_01SITE.jpg\" alt=\"\" width=\"432\" height=\"300\" \/><\/a><\/p>\n<p style=\"text-align: center;\"><a href=\"http:\/\/projetocineb.com.br\/wp-content\/uploads\/2010\/02\/DSC00251_01SITE1.jpg\"><img loading=\"lazy\" decoding=\"async\" class=\"aligncenter size-full wp-image-127\" title=\"M\u00e1rcio e Simone trouxeram a Carolina de 10 que foi convidada pela Daniela de 9 anos, acompanhada de sua m\u00e3e Daniane e seu irm\u00e3o Eduardo de 3 anos\" src=\"http:\/\/projetocineb.com.br\/wp-content\/uploads\/2010\/02\/DSC00251_01SITE1.jpg\" alt=\"\" width=\"360\" height=\"270\" \/><\/a><\/p>\n<p style=\"text-align: center;\">\n<p style=\"text-align: center;\"><a href=\"http:\/\/projetocineb.com.br\/wp-content\/uploads\/2010\/02\/DSC00269_01SITE.jpg\"><img loading=\"lazy\" decoding=\"async\" class=\"aligncenter size-full wp-image-128\" title=\"Seu Ant\u00f4nio bem acompanhado pelas funcion\u00e1rias da Escola\" src=\"http:\/\/projetocineb.com.br\/wp-content\/uploads\/2010\/02\/DSC00269_01SITE.jpg\" alt=\"\" width=\"540\" height=\"322\" \/><\/a><\/p>\n<p style=\"text-align: center;\">\n<p style=\"text-align: center;\"><a href=\"http:\/\/projetocineb.com.br\/wp-content\/uploads\/2010\/02\/EQUIPEBARULHO01SITE.jpg\"><img loading=\"lazy\" decoding=\"async\" class=\"size-full wp-image-129  aligncenter\" title=\"A equipe do barulho que faz a Eswaldo Aranha se movimentar culturalmente\" src=\"http:\/\/projetocineb.com.br\/wp-content\/uploads\/2010\/02\/EQUIPEBARULHO01SITE.jpg\" alt=\"\" width=\"540\" height=\"427\" \/><\/a><\/p>\n<p style=\"text-align: center;\"><a href=\"http:\/\/projetocineb.com.br\/wp-content\/uploads\/2010\/02\/DSC00261_01SITE.jpg\"><img loading=\"lazy\" decoding=\"async\" class=\"size-full wp-image-130  aligncenter\" title=\"Espalhando as pesquisas para o sorteio\" src=\"http:\/\/projetocineb.com.br\/wp-content\/uploads\/2010\/02\/DSC00261_01SITE.jpg\" alt=\"\" width=\"360\" height=\"270\" \/><\/a><\/p>\n<p style=\"text-align: center;\"><a href=\"http:\/\/projetocineb.com.br\/wp-content\/uploads\/2010\/02\/DSC00265_01SITE.jpg\"><img loading=\"lazy\" decoding=\"async\" class=\"size-full wp-image-132  aligncenter\" title=\"Samuel Matias Oliveira e Mariangela Marinho Gonzaga donos da academia da regi\u00e3o, Elort, trouxeram os filhos Gabriel Gonzaga e Mayke dos Santos, e os primos Rafael e Felipe Pereira Gonzaga\" src=\"http:\/\/projetocineb.com.br\/wp-content\/uploads\/2010\/02\/DSC00265_01SITE.jpg\" alt=\"\" width=\"420\" height=\"311\" \/><\/a><\/p>\n<p><a href=\"http:\/\/projetocineb.com.br\/wp-content\/uploads\/2010\/02\/DSC00263_01SITE.jpg\"><img loading=\"lazy\" decoding=\"async\" class=\"size-full wp-image-131 alignnone\" title=\"Os sortudos da noite que faturaram uma camiseta do CineB\" src=\"http:\/\/projetocineb.com.br\/wp-content\/uploads\/2010\/02\/DSC00263_01SITE.jpg\" alt=\"\" width=\"600\" height=\"312\" \/><\/a><\/p>\n<p>0~0<\/p>\n","protected":false},"excerpt":{"rendered":"<p>SUPER LOTA\u00c7\u00c3O Hoje, a sess\u00e3o do CineB em Cidade Tiradentes foi vibrante! O p\u00e1tio da escola foi transformado em cinema[&#8230;]<\/p>\n","protected":false},"author":2,"featured_media":0,"comment_status":"open","ping_status":"open","sticky":false,"template":"","format":"standard","meta":[],"categories":[2],"tags":[231,482,812,1095,1170],"_links":{"self":[{"href":"https:\/\/projetocineb.com.br\/index.php?rest_route=\/wp\/v2\/posts\/109"}],"collection":[{"href":"https:\/\/projetocineb.com.br\/index.php?rest_route=\/wp\/v2\/posts"}],"about":[{"href":"https:\/\/projetocineb.com.br\/index.php?rest_route=\/wp\/v2\/types\/post"}],"author":[{"embeddable":true,"href":"https:\/\/projetocineb.com.br\/index.php?rest_route=\/wp\/v2\/users\/2"}],"replies":[{"embeddable":true,"href":"https:\/\/projetocineb.com.br\/index.php?rest_route=%2Fwp%2Fv2%2Fcomments&post=109"}],"version-history":[{"count":0,"href":"https:\/\/projetocineb.com.br\/index.php?rest_route=\/wp\/v2\/posts\/109\/revisions"}],"wp:attachment":[{"href":"https:\/\/projetocineb.com.br\/index.php?rest_route=%2Fwp%2Fv2%2Fmedia&parent=109"}],"wp:term":[{"taxonomy":"category","embeddable":true,"href":"https:\/\/projetocineb.com.br\/index.php?rest_route=%2Fwp%2Fv2%2Fcategories&post=109"},{"taxonomy":"post_tag","embeddable":true,"href":"https:\/\/projetocineb.com.br\/index.php?rest_route=%2Fwp%2Fv2%2Ftags&post=109"}],"curies":[{"name":"wp","href":"https:\/\/api.w.org\/{rel}","templated":true}]}}