{"id":10906,"date":"2018-06-20T09:23:42","date_gmt":"2018-06-20T12:23:42","guid":{"rendered":"http:\/\/projetocineb.com.br\/?p=10906"},"modified":"2018-06-20T09:23:42","modified_gmt":"2018-06-20T12:23:42","slug":"o-cinema-brasileiro-presente-nas-comunidades-de-sao-paulo","status":"publish","type":"post","link":"https:\/\/projetocineb.com.br\/?p=10906","title":{"rendered":"O cinema brasileiro presente nas comunidades de S\u00e3o Paulo"},"content":{"rendered":"<p>Dia 19 de junho, \u00e9 o Dia do Cinema Brasileiro. Segundo historiadores, nesta data, no ano de 1898, foram gravadas as primeiras imagens do Brasil pelo cinemat\u00f3grafo.<\/p>\n<figure id=\"attachment_10907\" aria-describedby=\"caption-attachment-10907\" style=\"width: 800px\" class=\"wp-caption alignleft\"><a href=\"http:\/\/projetocineb.com.br\/wp-content\/uploads\/2018\/06\/1529416004.jpg\"><img fetchpriority=\"high\" decoding=\"async\" class=\"size-full wp-image-10907\" src=\"http:\/\/projetocineb.com.br\/wp-content\/uploads\/2018\/06\/1529416004.jpg\" alt=\"\" width=\"800\" height=\"531\" \/><\/a><figcaption id=\"caption-attachment-10907\" class=\"wp-caption-text\">\u00c0 direita, Luiz Claudio Marcolino, um dos idealizadores do CineB, hoje CineB Solar. \u00c0 esquerda, Cid\u00e1lio Vieira Santos, coordenador do projeto.<\/figcaption><\/figure>\n<p>O dirigente sindical Luiz Claudio Marcolino, quando presidente do Sindicato dos Banc\u00e1rios de S\u00e3o Paulo, Osasco e regi\u00e3o, idealizou o projeto Cine B, hoje Cine B Solar, em parceria com a Brazucah.<br \/>\nO Cine B \u00e9 um projeto de cinema itinerante que exibe filmes brasileiros em regi\u00f5es perif\u00e9ricas de S\u00e3o Paulo, Osasco e Regi\u00e3o. Desde 2007, o projeto foi respons\u00e1vel por realizar mais de 400 sess\u00f5es de filmes brasileiros para um p\u00fablico superior a 60 mil pessoas.<br \/>\n&#8220;Levar cultura para regi\u00f5es carentes \u00e9 papel fundamental de um sindicato cidad\u00e3o, como o dos banc\u00e1rios. \u00c9 democratizar a cultura&#8221;, afirma Marcolino.<br \/>\nO coordenador do Cine B, Cid\u00e1lio Vieira Santos, conta que por diversas ocasi\u00f5es receberam depoimentos emocionados de pessoas que nunca haviam assistido a um filme em tela grande. \u201cTudo isso come\u00e7ou na gest\u00e3o do Luiz Claudio Marcolino. Ele acreditava que levar o nosso cinema gratuitamente para a popula\u00e7\u00e3o \u00e9 uma forma de oferecer cultura de qualidade para a regi\u00e3o que o trabalhador mora. E a atual gest\u00e3o do Sindicato, presidido por Ivone Silva, n\u00e3o s\u00f3 continua apoiando a ideia, como tamb\u00e9m tem ampliado ano a ano este projeto&#8221;, ressalta.<br \/>\nCine Comunidade &#8211;\u00a0Marcolino tamb\u00e9m j\u00e1 possibilitou que o projeto de democratiza\u00e7\u00e3o do cinema se expandisse para todo o Estado de S\u00e3o Paulo com o Cine Comunidade, resultado da indica\u00e7\u00e3o de recursos feita ao or\u00e7amento por meio de emendas parlamentares, quando foi deputado estadual. O projeto alcan\u00e7ou mais de 3,3 mil pessoas em 12 cidades entre 2012 e 2014.<\/p>\n<p>Texto: Mariana Valadares (MTB: 43155\/SP)<br \/>\nFoto: Arquivo<\/p>\n<p>Mat\u00e9ria publicada originalmente no<a href=\"http:\/\/marcolino.online\/noticia\/762\"> blog de Luiz Cl\u00e1udio Marcolino.<\/a><\/p>\n","protected":false},"excerpt":{"rendered":"<p>Dia 19 de junho, \u00e9 o Dia do Cinema Brasileiro. Segundo historiadores, nesta data, no ano de 1898, foram gravadas[&#8230;]<\/p>\n","protected":false},"author":3,"featured_media":10908,"comment_status":"open","ping_status":"open","sticky":false,"template":"","format":"standard","meta":[],"categories":[2,6],"tags":[154,237,390,760,1133],"_links":{"self":[{"href":"https:\/\/projetocineb.com.br\/index.php?rest_route=\/wp\/v2\/posts\/10906"}],"collection":[{"href":"https:\/\/projetocineb.com.br\/index.php?rest_route=\/wp\/v2\/posts"}],"about":[{"href":"https:\/\/projetocineb.com.br\/index.php?rest_route=\/wp\/v2\/types\/post"}],"author":[{"embeddable":true,"href":"https:\/\/projetocineb.com.br\/index.php?rest_route=\/wp\/v2\/users\/3"}],"replies":[{"embeddable":true,"href":"https:\/\/projetocineb.com.br\/index.php?rest_route=%2Fwp%2Fv2%2Fcomments&post=10906"}],"version-history":[{"count":0,"href":"https:\/\/projetocineb.com.br\/index.php?rest_route=\/wp\/v2\/posts\/10906\/revisions"}],"wp:featuredmedia":[{"embeddable":true,"href":"https:\/\/projetocineb.com.br\/index.php?rest_route=\/wp\/v2\/media\/10908"}],"wp:attachment":[{"href":"https:\/\/projetocineb.com.br\/index.php?rest_route=%2Fwp%2Fv2%2Fmedia&parent=10906"}],"wp:term":[{"taxonomy":"category","embeddable":true,"href":"https:\/\/projetocineb.com.br\/index.php?rest_route=%2Fwp%2Fv2%2Fcategories&post=10906"},{"taxonomy":"post_tag","embeddable":true,"href":"https:\/\/projetocineb.com.br\/index.php?rest_route=%2Fwp%2Fv2%2Ftags&post=10906"}],"curies":[{"name":"wp","href":"https:\/\/api.w.org\/{rel}","templated":true}]}}