{"id":10911,"date":"2018-06-26T22:09:55","date_gmt":"2018-06-27T01:09:55","guid":{"rendered":"http:\/\/projetocineb.com.br\/?p=10911"},"modified":"2018-06-26T22:09:55","modified_gmt":"2018-06-27T01:09:55","slug":"cineb-solar-vai-a-vila-rio-branco","status":"publish","type":"post","link":"https:\/\/projetocineb.com.br\/?p=10911","title":{"rendered":"CineB Solar vai \u00e0 Vila Rio Branco"},"content":{"rendered":"<p><em>\u201cA Menina \u00cdndigo\u201d de Wagner Assis foi atra\u00e7\u00e3o no NCI Juntos com Arte e Vida no dia 21 de junho de 2018.<\/em><\/p>\n<figure id=\"attachment_10912\" aria-describedby=\"caption-attachment-10912\" style=\"width: 831px\" class=\"wp-caption alignleft\"><a href=\"http:\/\/projetocineb.com.br\/wp-content\/uploads\/2018\/06\/DSC_0021.jpg\"><img fetchpriority=\"high\" decoding=\"async\" class=\"size-full wp-image-10912\" src=\"http:\/\/projetocineb.com.br\/wp-content\/uploads\/2018\/06\/DSC_0021.jpg\" alt=\"\" width=\"831\" height=\"552\" \/><\/a><figcaption id=\"caption-attachment-10912\" class=\"wp-caption-text\">A van do CineB Solar em frente \u00e0 Associa\u00e7\u00e3o da Vila Rio Branco.<\/figcaption><\/figure>\n<p>Foi a segunda vez que o CineB esteve na Associa\u00e7\u00e3o dos Moradores da Vila Rio Branco, na regi\u00e3o de Ermelino Matarazzo, S\u00e3o Paulo. Ali funciona o N\u00facleo de Conviv\u00eancia de Idosos (NCI) Juntos com Arte e Vida, um dos dez projetos desenvolvidos pela ONG Juntos &#8211; Jardins Unidos por um Trabalho Social em parceria com a prefeitura de S\u00e3o Paulo.<\/p>\n<p>A sess\u00e3o aconteceu na quinta-feira, 21 de junho de 2018 e dessa vez, foi o CineB Solar que chegou com toda a tecnologia de capta\u00e7\u00e3o de energia solar por meio de uma van adaptada com placas fotovoltaicas que garantem que toda a exibi\u00e7\u00e3o durante a sess\u00e3o de cinema (som e imagem) seja feita com energia totalmente limpa e renov\u00e1vel.<\/p>\n<figure id=\"attachment_10914\" aria-describedby=\"caption-attachment-10914\" style=\"width: 831px\" class=\"wp-caption alignleft\"><a href=\"http:\/\/projetocineb.com.br\/wp-content\/uploads\/2018\/06\/DSC_0053.jpg\"><img decoding=\"async\" class=\"size-full wp-image-10914\" src=\"http:\/\/projetocineb.com.br\/wp-content\/uploads\/2018\/06\/DSC_0053.jpg\" alt=\"\" width=\"831\" height=\"552\" \/><\/a><figcaption id=\"caption-attachment-10914\" class=\"wp-caption-text\">P\u00fablico frequentador do NCI Juntos com Arte e Vida aprovaram a sess\u00e3o.<\/figcaption><\/figure>\n<p>&nbsp;<\/p>\n<p>Em cartaz o filme \u201cA Menina \u00cdndigo\u201d, de Wagner Assis, que \u00e9 a atra\u00e7\u00e3o do m\u00eas de junho. O filme conta a hist\u00f3ria de Sofia (Let\u00edcia Braga), uma garota de 7 anos que tem enfrentado problemas na escola, por n\u00e3o se interessar nas mat\u00e9rias ensinadas. Ap\u00f3s se trancar em uma sala e pint\u00e1-la por completo, seu pai (Murilo Rosa) \u00e9 chamado ao local. Meio afastado dela devido ao trabalho como jornalista, ele se reaproxima ap\u00f3s o pedido da pr\u00f3pria Sofia para que more com ele. Aos poucos, ele percebe que Sofia possui \u00e9 n\u00e3o s\u00f3 uma crian\u00e7a bastante espont\u00e2nea que se manifesta atrav\u00e9s da pintura, mas que tamb\u00e9m possui o dom de curar pessoas doentes.<\/p>\n<p>Para Humberto Canavesi, diretor administrativo da ONG, o CineB Solar \u00e9 uma atra\u00e7\u00e3o cultural muito interessante: \u201cse pudesse levaria o CineB para todos nossos espa\u00e7os, porque agrada a todas as idades\u201d, comenta. De fato, muitos dos presentes acompanharam a sess\u00e3o do anos passado e voltaram novamente, como \u00e9 o caso de Nestor de Ara\u00fajo, que estava acompanhado da esposa Izete e amigas que frequentam o N\u00facleo de Conviv\u00eancia. Banc\u00e1rio aposentado, Nestor conta que trabalhou no BMD (Banco Mercantil de Desconto) at\u00e9 se aposentar. E mora ali no bairro desde o in\u00edcio dos anos 1960. F\u00e3 de cinema, lembra com saudade dos filmes brasileiros com Mazzaropi, Grande Otelo, Anchito entre outros. \u201cNos finais de semana eu assistia tr\u00eas, quatro filmes em cinemas diferentes. Aonde tinha um cinema eu ia\u201d. Ele elogia a iniciativa do Sindicato dos Banc\u00e1rios de S\u00e3o Paulo, Osasco e Regi\u00e3o: \u201c\u00c9 uma maravilha ter um cinema assim, at\u00e9 porque a situa\u00e7\u00e3o em que vivemos hoje, n\u00e3o nos d\u00e1 condi\u00e7\u00f5es de frequentar as casas de cinema. E depois n\u00e3o \u00e9 s\u00f3 isso, \u00e9 preservar o nosso cinema brasileiro que foi muito esquecido\u201d, reflete.<\/p>\n<figure id=\"attachment_10915\" aria-describedby=\"caption-attachment-10915\" style=\"width: 831px\" class=\"wp-caption alignleft\"><a href=\"http:\/\/projetocineb.com.br\/wp-content\/uploads\/2018\/06\/DSC_0075.jpg\"><img decoding=\"async\" class=\"size-full wp-image-10915\" src=\"http:\/\/projetocineb.com.br\/wp-content\/uploads\/2018\/06\/DSC_0075.jpg\" alt=\"\" width=\"831\" height=\"552\" \/><\/a><figcaption id=\"caption-attachment-10915\" class=\"wp-caption-text\">Luiz Claudio Marcolino, da Contraf\/CUT, um dos idealizadores do CineB, Cid\u00e1lio Vieira Santos, coordenado do projeto, Humberto Canavesi, diretor da ONG Juntos e Ana Paula Ramos, coordenadora do NCI.<\/figcaption><\/figure>\n<p>Para Luiz Claudio Marcolino, diretor da Confedera\u00e7\u00e3o Nacional dos Trabalhadores do Ramo Financeiro (Contraf-CUT), e um dos idealizadores do CineB em 2007, quando era presidente do Sindicato dos Banc\u00e1rio de S\u00e3o Paulo, \u201c\u00e9 uma honra ver que um projeto que come\u00e7ou pequenininho veio se aperfei\u00e7oando ao longo dos anos e se tornou muito bem aceito pela popula\u00e7\u00e3o, com as lideran\u00e7as sociais se articulando para levar o cinema para o trabalhador, o aposentado, a dona de casa e o jovem que pouco acesso t\u00eam \u00e0 cultura brasileira\u201d, comenta.<\/p>\n<p>Ao final da sess\u00e3o, muito aplauso e elogio ao filme de Assis. Para Viviane Ramos, supervisora do Centro de Refer\u00eancia de Assist\u00eancia Social (CRAS), o filme brasileiro n\u00e3o deve nada \u00e0s superprodu\u00e7\u00f5es de Hollywood. \u201cPassa uma mensagem bacana. O CineB est\u00e1 de parab\u00e9ns pela qualidade do trabalho que faz\u201d, finaliza.<\/p>\n<figure id=\"attachment_10916\" aria-describedby=\"caption-attachment-10916\" style=\"width: 821px\" class=\"wp-caption alignleft\"><a href=\"http:\/\/projetocineb.com.br\/wp-content\/uploads\/2018\/06\/DSC_0143.jpg\"><img loading=\"lazy\" decoding=\"async\" class=\"size-full wp-image-10916\" src=\"http:\/\/projetocineb.com.br\/wp-content\/uploads\/2018\/06\/DSC_0143.jpg\" alt=\"\" width=\"821\" height=\"552\" \/><\/a><figcaption id=\"caption-attachment-10916\" class=\"wp-caption-text\">Crian\u00e7as e adolescentes participaram da sess\u00e3o.<\/figcaption><\/figure>\n<p>O CineB Solar \u00e9 um circuito alternativo de exibi\u00e7\u00e3o que, desde 2007, leva cinema brasileiro para v\u00e1rias regi\u00f5es da cidade. O projeto, que agora passa a se chamar CineB Solar quando estiver nas comunidades, j\u00e1 contabiliza um p\u00fablico superior a\u00a060 mil\u00a0pessoas em\u00a0mais de 480 sess\u00f5es gratuitas em comunidades, escolas e universidades de S\u00e3o Paulo. J\u00e1 foram exibidos na tela do CineB mais de 116 longas metragens e 73 curtas metragens.<\/p>\n\t\t\t\n\t\t\t<!-- Blueimp gallery -->\n\t\t\t<div id=\"blueimp-gallery\" class=\"blueimp-gallery blueimp-gallery-controls\">\n\t\t\t\t<div class=\"slides\"><\/div>\n\t\t\t\t<h3 class=\"title\"><\/h3>\n\t\t\t\t<a class=\"prev\">\u2039<\/a>\n\t\t\t\t<a class=\"next\">\u203a<\/a>\n\t\t\t\t<a class=\"close\">\u00d7<\/a>\n\t\t\t\t<a class=\"play-pause\"><\/a>\n\t\t\t\t<ol class=\"indicator\"><\/ol>\n\t\t\t\t<div class=\"modal fade\">\n\t\t\t\t\t<div class=\"modal-dialog\">\n\t\t\t\t\t\t<div class=\"modal-content\">\n\t\t\t\t\t\t\t<div class=\"modal-header\">\n\t\t\t\t\t\t\t\t<button type=\"button\" class=\"close\" aria-hidden=\"true\">&times;<\/button>\n\t\t\t\t\t\t\t\t<h4 class=\"modal-title\"><\/h4>\n\t\t\t\t\t\t\t<\/div>\n\t\t\t\t\t\t\t<div class=\"modal-body next\"><\/div>\n\t\t\t\t\t\t\t<div class=\"modal-footer\">\n\t\t\t\t\t\t\t\t<button type=\"button\" class=\"btn btn-default pull-left prev\">\n\t\t\t\t\t\t\t\t\t<i class=\"glyphicon glyphicon-chevron-left\"><\/i>\n\t\t\t\t\t\t\t\t\tPrevious\t\t\t\t\t\t\t\t<\/button>\n\t\t\t\t\t\t\t\t<button type=\"button\" class=\"btn btn-primary next\">\n\t\t\t\t\t\t\t\t\tNext\t\t\t\t\t\t\t\t\t<i class=\"glyphicon glyphicon-chevron-right\"><\/i>\n\t\t\t\t\t\t\t\t<\/button>\n\t\t\t\t\t\t\t<\/div>\n\t\t\t\t\t\t<\/div>\n\t\t\t\t\t<\/div>\n\t\t\t\t<\/div>\n\t\t\t<\/div>\n\t\t\t<script type=\"text\/javascript\">\n\t\t\tjQuery(function() {\n\t\t\t\t\/\/ Set blueimp gallery options\n\t\t\t\tjQuery.extend(blueimp.Gallery.prototype.options, {\n\t\t\t\t\tuseBootstrapModal: false,\n\t\t\t\t\thidePageScrollbars: false\n\t\t\t\t});\n\t\t\t});\n\t\t\t<\/script>\n\t\t\t\n","protected":false},"excerpt":{"rendered":"<p>\u201cA Menina \u00cdndigo\u201d de Wagner Assis foi atra\u00e7\u00e3o no NCI Juntos com Arte e Vida no dia 21 de junho[&#8230;]<\/p>\n","protected":false},"author":3,"featured_media":11067,"comment_status":"open","ping_status":"open","sticky":false,"template":"","format":"standard","meta":[],"categories":[2,6],"tags":[32,255,760,840,1130,1239],"_links":{"self":[{"href":"https:\/\/projetocineb.com.br\/index.php?rest_route=\/wp\/v2\/posts\/10911"}],"collection":[{"href":"https:\/\/projetocineb.com.br\/index.php?rest_route=\/wp\/v2\/posts"}],"about":[{"href":"https:\/\/projetocineb.com.br\/index.php?rest_route=\/wp\/v2\/types\/post"}],"author":[{"embeddable":true,"href":"https:\/\/projetocineb.com.br\/index.php?rest_route=\/wp\/v2\/users\/3"}],"replies":[{"embeddable":true,"href":"https:\/\/projetocineb.com.br\/index.php?rest_route=%2Fwp%2Fv2%2Fcomments&post=10911"}],"version-history":[{"count":0,"href":"https:\/\/projetocineb.com.br\/index.php?rest_route=\/wp\/v2\/posts\/10911\/revisions"}],"wp:featuredmedia":[{"embeddable":true,"href":"https:\/\/projetocineb.com.br\/index.php?rest_route=\/wp\/v2\/media\/11067"}],"wp:attachment":[{"href":"https:\/\/projetocineb.com.br\/index.php?rest_route=%2Fwp%2Fv2%2Fmedia&parent=10911"}],"wp:term":[{"taxonomy":"category","embeddable":true,"href":"https:\/\/projetocineb.com.br\/index.php?rest_route=%2Fwp%2Fv2%2Fcategories&post=10911"},{"taxonomy":"post_tag","embeddable":true,"href":"https:\/\/projetocineb.com.br\/index.php?rest_route=%2Fwp%2Fv2%2Ftags&post=10911"}],"curies":[{"name":"wp","href":"https:\/\/api.w.org\/{rel}","templated":true}]}}